{"id":637434,"date":"2022-06-08T08:00:00","date_gmt":"2022-06-08T06:00:00","guid":{"rendered":"https:\/\/www.dexeus.com\/blog\/actualitat\/irritacion-piel-depilacion\/"},"modified":"2023-08-29T15:52:12","modified_gmt":"2023-08-29T13:52:12","slug":"irritacio-pell-depilacio","status":"publish","type":"post","link":"https:\/\/www.dexeus.com\/blog\/ca\/bons-habits\/irritacio-pell-depilacio\/","title":{"rendered":"<strong>Se t&#8217;irrita la pell despr\u00e9s de depilar-te?<\/strong>"},"content":{"rendered":"\n<p>Sigui quin sigui el m\u00e8tode de depilaci\u00f3 que utilitzis, \u00e9s possible que alguna vegada hagis patit fol\u00b7liculitis. Es caracteritza per l&#8217;aparici\u00f3 d&#8217;uns punts vermells, bonys o granets que sorgeixen a posteriori. Es deuen a una inflamaci\u00f3 dels fol\u00b7licles pilosos, que s\u00f3n \u2013per explicar-ho de manera senzilla\u2013 els orificis pels quals creix el p\u00e8l. La pell se sent agredida per l&#8217;extracci\u00f3 del p\u00e8l i reacciona provocant la inflamaci\u00f3. Aquest problema afecta sobretot a dones d&#8217;entre 20 i 30 anys o amb la pell sensible. \u00c9s m\u00e9s freq\u00fcent que aparegui en les axil\u00b7les o als engonals, i en el cas dels nois en la barba.<\/p>\n\n\n\n<p>En general, si la reacci\u00f3 \u00e9s lleu, els punts solen desapar\u00e8ixer al cap d&#8217;unes hores. Per\u00f2 si no \u00e9s aix\u00ed o \u00e9s un problema recurrent, hauries de consultar a un\/a dermat\u00f2leg\/a, ja que a m\u00e9s de ser dolor\u00f3s, molest i poc est\u00e8tic, si no es tracta pot apar\u00e8ixer una infecci\u00f3 (granets amb pus) i agreujar-se. A continuaci\u00f3, la <a style=\"text-decoration: underline;\" href=\"https:\/\/www.iderma.es\/ca\/dermatologo.cfm\/ID\/38\/CAT\/marquez-balbas-gemma.htm\" target=\"_blank\" rel=\"noreferrer noopener\">Dra. Gemma M\u00e1rquez<\/a>, del centre IDERMA, ofereix alguns consells \u00fatils en aquest post.<\/p>\n\n\n\n<p><strong>Quins m\u00e8todes de depilaci\u00f3 poden provocar aquest problema?<\/strong><\/p>\n\n\n\n<p>En general, els que suposen una major agressi\u00f3 per a la pell \u2013com la fulla d\u2019afaitar o l&#8217;\u00fas de cera molt calenta\u2013o que es realitzen en condicions que no compleixen unes normes d&#8217;higiene. Tamb\u00e9 ho afavoreix el frec continuat amb la roba (portar roba molt ajustada), o si et banyes en aig\u00fces que no reuneixin unes condicions \u00f2ptimes d&#8217;higiene despr\u00e9s de la depilaci\u00f3.<\/p>\n\n\n\n<p><strong>Es pot prevenir?<\/strong><\/p>\n\n\n\n<p>La millor manera d&#8217;evitar-ho, si tens predisposici\u00f3, \u00e9s utilitzar sabons d&#8217;acci\u00f3 antis\u00e8ptica abans de depilar-te i extremar les condicions d&#8217;higiene.<\/p>\n\n\n\n<p><strong>I si apareix, qu\u00e8 faig?<\/strong><\/p>\n\n\n\n<p>Si no remet en uns dos dies, o s&#8217;agreuja, has de consultar el problema amb un dermat\u00f2leg\/a. En funci\u00f3 de l&#8217;extensi\u00f3, \u00e9s possible que et prescriguin antibi\u00f2tics, t\u00f2pics o orals.<\/p>\n\n\n\n<p><strong>Influeix el tipus de pell o de cabell?<\/strong><\/p>\n\n\n\n<p>S\u00ed, les persones amb pell at\u00f2pica tenen m\u00e9s predisposici\u00f3 a patir infeccions d&#8217;origen bacteri\u00e0. La causa sol ser un estafilococ: <em>Staphylococcus Aureus<\/em>. Aquest bacteri es troba de forma natural en les mucoses i la pell dels \u00e9ssers humans, i pot provocar infeccions si penetra a trav\u00e9s de ferides o lesions. Tenir la pell grassa tamb\u00e9 augmenta la predisposici\u00f3, ja que l&#8217;exc\u00e9s de seu afavoreix l&#8217;obstrucci\u00f3 dels fol\u00b7licles, i que es pugui produir una sobreinfecci\u00f3.<\/p>\n\n\n\n<p>Tenir molt de p\u00e8l o molt gruixut, tamb\u00e9 pot augmentar la predisposici\u00f3, sobretot si et depiles amb freq\u00fc\u00e8ncia, no utilitzes m\u00e8todes adequats i tens la pell sensible.<\/p>\n\n\n\n<p><strong>L\u00e0ser: la millor opci\u00f3 en aquests casos?<\/strong><\/p>\n\n\n\n<p>La depilaci\u00f3 l\u00e0ser o fotodepilaci\u00f3 pot ser una bona opci\u00f3, ja que una vegada eliminat el p\u00e8l desapareix el problema. Per\u00f2 no tothom respon igual, i tamb\u00e9 pot provocar reaccions d&#8217;al\u00b7l\u00e8rgia o fotosensibilitzaci\u00f3, sobretot si tens la pell sensible. A m\u00e9s, cal planificar-ho amb temps, perqu\u00e8 es requereixen diverses sessions, i fer-ho a l&#8217;hivern, ja que despr\u00e9s del tractament no pots exposar la pell a les radiacions solars. Aix\u00ed mateix, \u00e9s recomanable dur-ho a terme en un centre m\u00e8dic o de confian\u00e7a, que garanteixi un servei professional de bona qualitat.<\/p>\n\n\n\n<p><strong>Si apareix, quant de temps s&#8217;ha d&#8217;esperar per a tornar-se a depilar?<\/strong><\/p>\n\n\n\n<p>\u00c9s recomanable esperar que el proc\u00e9s estigui totalment resolt, perqu\u00e8 tornar a depilar una pell encara inflamada \u00e9s contraproduent i pot allargar el problema o agreujar-lo.<\/p>\n\n\n\n<p><strong>Despr\u00e9s de la depilaci\u00f3: \u00e9s convenient aplicar alcohol?, millor una crema calmant?, o res?<\/strong><\/p>\n\n\n\n<p>Despr\u00e9s de la depilaci\u00f3, pots aplicar alguna crema sense greix, en textura lleugera o en gel, i que exerceixi una acci\u00f3 calmant. Per exemple, els gels amb \u00e0loe vera s\u00f3n una bona opci\u00f3.<\/p>\n\n\n\n<p><\/p>\n\n\n\n<div class='et-box et-shadow'>\n\t\t\t\t\t<div class='et-box-content'><p><strong><strong>5 consells pr\u00e0ctics<\/strong><\/strong><\/p>\n\n\n\n<ul>\n<li>Si et depiles amb fulla d\u2019afaitar: evita rasurar a contrap\u00e8l (en direcci\u00f3 contr\u00e0ria a la que creix el cabell) o escurar en exc\u00e9s<\/li>\n\n\n\n<li>Abans de depilar-te, renta b\u00e9 la zona de la pell que depilar\u00e0s amb un sab\u00f3 antis\u00e8ptic<\/li>\n\n\n\n<li>En acabar, aplica una loci\u00f3 fluida d&#8217;acci\u00f3 calmant<\/li>\n\n\n\n<li>Despr\u00e9s de depilar-te, utilitza roba \u00e0mplia i que permeti la transpiraci\u00f3 de la pell<\/li>\n\n\n\n<li>Renta les fulles d\u2019afaitar amb abundant aigua t\u00e8bia sempre despr\u00e9s del seu \u00fas, no les comparteixis i renova-les amb freq\u00fc\u00e8ncia<\/li>\n<\/ul><\/div><\/div>\n","protected":false},"excerpt":{"rendered":"<p>Sigui quin sigui el m\u00e8tode de depilaci\u00f3 que utilitzis, \u00e9s possible que alguna vegada hagis patit fol\u00b7liculitis. Es caracteritza per l&#8217;aparici\u00f3 d&#8217;uns punts vermells, bonys o granets que sorgeixen a posteriori. Es deuen a una inflamaci\u00f3 dels fol\u00b7licles pilosos, que s\u00f3n \u2013per explicar-ho de manera senzilla\u2013 els orificis pels quals creix el p\u00e8l. La pell [&hellip;]<\/p>\n","protected":false},"author":1,"featured_media":633068,"comment_status":"closed","ping_status":"open","sticky":false,"template":"","format":"standard","meta":{"footnotes":""},"categories":[3509],"tags":[4067,4068,4069,4078,4079],"_links":{"self":[{"href":"https:\/\/www.dexeus.com\/blog\/ca\/wp-json\/wp\/v2\/posts\/637434"}],"collection":[{"href":"https:\/\/www.dexeus.com\/blog\/ca\/wp-json\/wp\/v2\/posts"}],"about":[{"href":"https:\/\/www.dexeus.com\/blog\/ca\/wp-json\/wp\/v2\/types\/post"}],"author":[{"embeddable":true,"href":"https:\/\/www.dexeus.com\/blog\/ca\/wp-json\/wp\/v2\/users\/1"}],"replies":[{"embeddable":true,"href":"https:\/\/www.dexeus.com\/blog\/ca\/wp-json\/wp\/v2\/comments?post=637434"}],"version-history":[{"count":1,"href":"https:\/\/www.dexeus.com\/blog\/ca\/wp-json\/wp\/v2\/posts\/637434\/revisions"}],"predecessor-version":[{"id":637436,"href":"https:\/\/www.dexeus.com\/blog\/ca\/wp-json\/wp\/v2\/posts\/637434\/revisions\/637436"}],"wp:featuredmedia":[{"embeddable":true,"href":"https:\/\/www.dexeus.com\/blog\/ca\/wp-json\/wp\/v2\/media\/633068"}],"wp:attachment":[{"href":"https:\/\/www.dexeus.com\/blog\/ca\/wp-json\/wp\/v2\/media?parent=637434"}],"wp:term":[{"taxonomy":"category","embeddable":true,"href":"https:\/\/www.dexeus.com\/blog\/ca\/wp-json\/wp\/v2\/categories?post=637434"},{"taxonomy":"post_tag","embeddable":true,"href":"https:\/\/www.dexeus.com\/blog\/ca\/wp-json\/wp\/v2\/tags?post=637434"}],"curies":[{"name":"wp","href":"https:\/\/api.w.org\/{rel}","templated":true}]}}