{"id":644586,"date":"2024-04-04T10:00:00","date_gmt":"2024-04-04T08:00:00","guid":{"rendered":"https:\/\/www.dexeus.com\/blog\/?p=644586"},"modified":"2024-05-08T11:10:22","modified_gmt":"2024-05-08T09:10:22","slug":"vacuna-tos-ferina","status":"publish","type":"post","link":"https:\/\/www.dexeus.com\/blog\/ca\/actualitat\/vacuna-tos-ferina\/","title":{"rendered":"Si est\u00e0s embarassada, vacuna&#8217;t contra la tos ferina"},"content":{"rendered":"\n<p>La tos ferina a Espanya ha experimentat un augment en els \u00faltims mesos. Es tracta d&#8217;una infecci\u00f3 respirat\u00f2ria molt contagiosa. En els adults sol provocar s\u00edmptomes lleus, per\u00f2 en els nadons pot ser greu si no han estat vacunats \u2013la vacuna s&#8217;administra a partir dels dos mesos, de manera conjunta amb la del t\u00e8tanus i la dift\u00e8ria\u2013 o la mare no s&#8217;ha vacunat durant l&#8217;embar\u00e0s.<br><br>Segons els experts, aquest brot epid\u00e8mic no \u00e9s estrany i pot oc\u00f3rrer fins i tot en pa\u00efsos en els quals hi ha un elevat \u00edndex de vacunaci\u00f3, com el nostre, perqu\u00e8 l&#8217;efecte protector de la vacuna va disminuint amb el temps. Per aix\u00f2 es recomana a totes les dones embarassades que es vacunin per protegir el seu beb\u00e8, ja que aix\u00ed li transfereixen anticossos a trav\u00e9s de la placenta. En aquest post responem a algunes preguntes clau, d&#8217;acord amb la informaci\u00f3 que han facilitat les autoritats oficials:<\/p>\n\n\n\n<p><\/p>\n\n\n\n<p><strong>Si estic embarassada, quan em puc vacunar? <\/strong>A partir de les 27 setmanes de gestaci\u00f3, encara que preferiblement entre la 28 i la 32, que \u00e9s quan es transfereixen m\u00e9s defenses al beb\u00e8 a trav\u00e9s de la placenta. Nom\u00e9s s&#8217;aplica una dosi. S&#8217;ha de vacunar en cada nou embar\u00e0s independentment de si t&#8217;has vacunat en un embar\u00e0s anterior.<br><strong>On puc posar-me la vacuna? <\/strong>Pots demanar al teu metge de cap\u00e7alera o al teu ginec\u00f2leg o ginec\u00f2loga que et faci la prescripci\u00f3 per aplicar-te-la en un centre de salut. A Dexeus Dona tamb\u00e9 te la podem posar.<br><strong>\u00c9s segur administrar-la durant l&#8217;embar\u00e0s? <\/strong>S\u00ed, es tracta d&#8217;una vacuna que no pot produir la tos ferina i que \u00e9s segura durant l&#8217;embar\u00e0s.<br><strong>Si una embarassada va patir la malaltia durant la inf\u00e0ncia, igualment ha de vacunar-se? <\/strong>S\u00ed, haver patit la malaltia en la inf\u00e0ncia no comporta un nivell suficient de defenses per protegir el nounat.<br><strong>\u00c9s possible vacunar-se contra la tos ferina, la grip i la covid-19 alhora?<\/strong> S\u00ed, les tres vacunes poden administrar-se en la mateixa visita de seguiment de l&#8217;embar\u00e0s. O tamb\u00e9 de manera independent, sense que s\u2019hagi d\u2019esperar un interval de temps determinat entre una i d\u2019altra. Si tens dubtes, consulta al teu ginec\u00f2leg o ginec\u00f2loga.<br><strong>Com es transmet la tos ferina? <\/strong>Per contacte directe amb les secrecions respirat\u00f2ries de persones infectades, a trav\u00e9s la tos i els esternuts.<br><strong>Quins s\u00f3n els s\u00edmptomes?<\/strong> Al principi pot ser semblant a un refredat: pot cursar amb febre no gaire alta (38<sup>o<\/sup>C) i tos ocasional. Des que una persona s\u2019infecta fins que apareixen els s\u00edmptomes solen passar de 7 a 10 dies, encara que de vegades poden arribar a passar fins a 21 dies. Per\u00f2 en els adults els s\u00edmptomes s\u00f3n diferents dels que poden presentar els nadons i nens.<br><strong>Com pot afectar els beb\u00e8s? <\/strong>En els adults poden apar\u00e8ixer accessos de tos r\u00e0pids i violents unes setmanes despr\u00e9s d&#8217;haver contret la infecci\u00f3. En canvi, molts beb\u00e8s amb tos ferina no tenen gaireb\u00e9 tos, per\u00f2 poden presentar dificultats per respirar i pauses en la respiraci\u00f3, la qual cosa pot provocar la mort. Per aix\u00f2 \u00e9s molt important protegir els menors de 3-4 mesos, que encara no han pogut rebre la s\u00e8rie prim\u00e0ria de la vacuna.<br><strong>Quan es pot administrar la vacuna als nadons? <\/strong>El calendari de vacunaci\u00f3 vigent inclou vacunar de tos ferina en les edats de 2, 4 i 11 mesos, amb un refor\u00e7 al cap de 6 anys.<br><strong>Quina immunitat confereix la vacuna? <\/strong>La vacuna, malgrat ser molt efica\u00e7, no ho \u00e9s al 100%. Amb tot, evita molt la transmissi\u00f3 i si una persona vacunada es posa malalta, els s\u00edmptomes s\u00f3n molt menys greus. La vacuna protegeix sobretot de casos greus en els nadons, que s\u00f3n els m\u00e9s vulnerables.<\/p>\n\n\n\n<p><\/p>\n\n\n\n<div class='et-box et-shadow'>\n\t\t\t\t\t<div class='et-box-content'><p>M\u00e9s informaci\u00f3<br><br><strong>Generalitat de Catalunya<\/strong>:<br><a style=\"text-decoration: underline;\" href=\"https:\/\/scientiasalut.gencat.cat\/bitstream\/handle\/11351\/1806\/vacuna_tos_ferina_embaras_2014.pdf?sequence=1&amp;isAllowed=y\">Qu\u00e8 t<\/a>&#8216;<a style=\"text-decoration: underline;\" href=\"https:\/\/scientiasalut.gencat.cat\/bitstream\/handle\/11351\/1806\/vacuna_tos_ferina_embaras_2014.pdf?sequence=1&amp;isAllowed=y\" target=\"_blank\" rel=\"noreferrer noopener\">interessa saber de la vacuna contra la tos ferina?<\/a><br><a style=\"text-decoration: underline;\" href=\"https:\/\/canalsalut.gencat.cat\/ca\/detalls\/article\/tos-ferina-00001\" target=\"_blank\" rel=\"noreferrer noopener\">Si est\u00e0s embarassada, vacuna\u2019t contra la tos ferina. Protegeix el teu nad\u00f3!<\/a><a style=\"text-decoration: underline;\" href=\"https:\/\/canalsalut.gencat.cat\/ca\/detalls\/article\/tos-ferina-00001\" target=\"_blank\" rel=\"noreferrer noopener\"><\/a><\/p>\n\n\n\n<p><\/p><\/div><\/div>\n","protected":false},"excerpt":{"rendered":"<p>La tos ferina a Espanya ha experimentat un augment en els \u00faltims mesos. Es tracta d&#8217;una infecci\u00f3 respirat\u00f2ria molt contagiosa. En els adults sol provocar s\u00edmptomes lleus, per\u00f2 en els nadons pot ser greu si no han estat vacunats \u2013la vacuna s&#8217;administra a partir dels dos mesos, de manera conjunta amb la del t\u00e8tanus i [&hellip;]<\/p>\n","protected":false},"author":1,"featured_media":644590,"comment_status":"closed","ping_status":"open","sticky":false,"template":"","format":"standard","meta":{"footnotes":""},"categories":[3434,3448],"tags":[4577,4579,4578],"_links":{"self":[{"href":"https:\/\/www.dexeus.com\/blog\/ca\/wp-json\/wp\/v2\/posts\/644586"}],"collection":[{"href":"https:\/\/www.dexeus.com\/blog\/ca\/wp-json\/wp\/v2\/posts"}],"about":[{"href":"https:\/\/www.dexeus.com\/blog\/ca\/wp-json\/wp\/v2\/types\/post"}],"author":[{"embeddable":true,"href":"https:\/\/www.dexeus.com\/blog\/ca\/wp-json\/wp\/v2\/users\/1"}],"replies":[{"embeddable":true,"href":"https:\/\/www.dexeus.com\/blog\/ca\/wp-json\/wp\/v2\/comments?post=644586"}],"version-history":[{"count":16,"href":"https:\/\/www.dexeus.com\/blog\/ca\/wp-json\/wp\/v2\/posts\/644586\/revisions"}],"predecessor-version":[{"id":644617,"href":"https:\/\/www.dexeus.com\/blog\/ca\/wp-json\/wp\/v2\/posts\/644586\/revisions\/644617"}],"wp:featuredmedia":[{"embeddable":true,"href":"https:\/\/www.dexeus.com\/blog\/ca\/wp-json\/wp\/v2\/media\/644590"}],"wp:attachment":[{"href":"https:\/\/www.dexeus.com\/blog\/ca\/wp-json\/wp\/v2\/media?parent=644586"}],"wp:term":[{"taxonomy":"category","embeddable":true,"href":"https:\/\/www.dexeus.com\/blog\/ca\/wp-json\/wp\/v2\/categories?post=644586"},{"taxonomy":"post_tag","embeddable":true,"href":"https:\/\/www.dexeus.com\/blog\/ca\/wp-json\/wp\/v2\/tags?post=644586"}],"curies":[{"name":"wp","href":"https:\/\/api.w.org\/{rel}","templated":true}]}}