{"id":645054,"date":"2024-07-10T08:00:00","date_gmt":"2024-07-10T06:00:00","guid":{"rendered":"https:\/\/www.dexeus.com\/blog\/?p=645054"},"modified":"2024-07-16T17:59:58","modified_gmt":"2024-07-16T15:59:58","slug":"40-aniversari-fiv","status":"publish","type":"post","link":"https:\/\/www.dexeus.com\/blog\/ca\/fertilitat\/40-aniversari-fiv\/","title":{"rendered":"40 anys celebrant la vida"},"content":{"rendered":"\n<p>El divendres 12 de juliol va complir 40 anys <strong>Victoria Anna<\/strong>, la primera persona concebuda per Fecundaci\u00f3 in vitro a Espanya. El seu naixement va ser el resultat del bon treball de l&#8217;equip del Servei de Reproducci\u00f3 de Dexeus Dona, liderat pel <strong>Dr. Pedro N. Barri<\/strong> i la bi\u00f2loga <strong>Dra. Anna Veiga<\/strong>, que en aquell moment era la responsable del Laboratori de Fecundaci\u00f3 in vitro.<br><br>A Espanya va marcar un abans i un despr\u00e9s, ja que va consolidar la implantaci\u00f3 de les t\u00e8cniques de reproducci\u00f3 assistida i impulsar el desenvolupament d&#8217;aquesta especialitat. A m\u00e9s, va obrir una porta a l&#8217;<strong>esperan\u00e7a<\/strong> per a moltes fam\u00edlies amb problemes d&#8217;infertilitat que fins a la data no tenien soluci\u00f3.<br><br>Despr\u00e9s del naixement de Victoria Anna, Dexeus Dona va aconseguir altres <strong>fites posteriors<\/strong> en les quals tamb\u00e9 va ser pioner en el nostre pa\u00eds, com el primer naixement d&#8217;un nad\u00f3 procedent d&#8217;un <strong>embri\u00f3 congelat<\/strong>, d&#8217;una <strong>donaci\u00f3 d&#8217;\u00f2vuls<\/strong>, lliure d&#8217;una malaltia d&#8217;origen gen\u00e8tic gr\u00e0cies a l&#8217;aplicaci\u00f3 del <strong>Diagn\u00f2stic Gen\u00e8tic Preimplantacional<\/strong>, i a partir d&#8217;una <strong>preservaci\u00f3 d&#8217;\u00f2vuls<\/strong> per c\u00e0ncer d&#8217;ovari.<br><br>Actualment s\u00f3n m\u00e9s de <strong>40.000 <\/strong>els nens que neixen cada any a Espanya amb ajuda d&#8217;aquestes t\u00e8cniques, que han experimentat un<strong> aven\u00e7 espectacular <\/strong>en molt pocs anys. Avui dia tots els processos es realitzen seguint protocols de treball estandarditzats i utilitzant sistemes automatitzats. A m\u00e9s, Dexeus Dona ha estat un dels primers centres a aplicar la <strong>intel\u00b7lig\u00e8ncia artificial <\/strong>en la <strong>selecci\u00f3 embrion\u00e0ria<\/strong>. En l&#8217;\u00e0mbit del <strong>diagn\u00f2stic gen\u00e8tic <\/strong>preimplantacional disposem d&#8217;equips especialitzats que inclouen la tecnologia <em>Next-Generation Sequencing<strong> <\/strong><\/em>(NGS), que \u00e9s la m\u00e9s avan\u00e7ada en aquesta \u00e0rea. Tamb\u00e9 hem incorporat un <strong>sistema d&#8217;identificaci\u00f3 digitalitzat<\/strong> basat en codis QR que permet identificar tant a les pacients com a les mostres biol\u00f2giques.<br><br>Tots aquests aven\u00e7os s&#8217;ha tradu\u00eft en moltes millores, tant des del punt de vista de l&#8217;efici\u00e8ncia i els resultats, com assistencial, ja que els processos s\u00f3n actualment molt <strong>menys invasius i m\u00e9s segurs <\/strong>per a les pacients.<br><br>Per aix\u00f2 a Dexeus Dona ens sentim doblement satisfets: per haver aconseguit aquesta fita i per haver contribu\u00eft al desenvolupament de les t\u00e8cniques de reproducci\u00f3 assistida en el nostre pa\u00eds i a la seva normalitzaci\u00f3 social.<br><br>Aprofitant la data, volem felicitar primer de tot a <strong>Victoria Anna,<\/strong> que \u00e9s la principal <strong>protagonista <\/strong>d&#8217;aquesta hist\u00f2ria, i, en segon lloc, a totes les persones que han format part d&#8217;ella: les que han estat presents des dels seus inicis i les que, dia a dia, continuen aportant els seus coneixements i capacitat de treball per obrir cam\u00ed i aconseguir nous reptes en el futur. I no fa falta que siguin una fita: <strong>per a nosaltres, cada final feli\u00e7 \u00e9s un \u00e8xit.<\/strong><\/p>\n\n\n\n<p><strong>Descobreix m\u00e9s informaci\u00f3 a <a href=\"https:\/\/www.dexeus.com\/fertility\/ca\/40-celebrant-la-vida\/\" target=\"_blank\" rel=\"noreferrer noopener\">Dexeus Fertility<\/a><\/strong><\/p>\n","protected":false},"excerpt":{"rendered":"<p>El divendres 12 de juliol va complir 40 anys Victoria Anna, la primera persona concebuda per Fecundaci\u00f3 in vitro a Espanya. El seu naixement va ser el resultat del bon treball de l&#8217;equip del Servei de Reproducci\u00f3 de Dexeus Dona, liderat pel Dr. Pedro N. Barri i la bi\u00f2loga Dra. Anna Veiga, que en aquell [&hellip;]<\/p>\n","protected":false},"author":1,"featured_media":645047,"comment_status":"closed","ping_status":"closed","sticky":true,"template":"","format":"standard","meta":{"footnotes":""},"categories":[3543],"tags":[4704,4706,3963,4705],"_links":{"self":[{"href":"https:\/\/www.dexeus.com\/blog\/ca\/wp-json\/wp\/v2\/posts\/645054"}],"collection":[{"href":"https:\/\/www.dexeus.com\/blog\/ca\/wp-json\/wp\/v2\/posts"}],"about":[{"href":"https:\/\/www.dexeus.com\/blog\/ca\/wp-json\/wp\/v2\/types\/post"}],"author":[{"embeddable":true,"href":"https:\/\/www.dexeus.com\/blog\/ca\/wp-json\/wp\/v2\/users\/1"}],"replies":[{"embeddable":true,"href":"https:\/\/www.dexeus.com\/blog\/ca\/wp-json\/wp\/v2\/comments?post=645054"}],"version-history":[{"count":4,"href":"https:\/\/www.dexeus.com\/blog\/ca\/wp-json\/wp\/v2\/posts\/645054\/revisions"}],"predecessor-version":[{"id":645110,"href":"https:\/\/www.dexeus.com\/blog\/ca\/wp-json\/wp\/v2\/posts\/645054\/revisions\/645110"}],"wp:featuredmedia":[{"embeddable":true,"href":"https:\/\/www.dexeus.com\/blog\/ca\/wp-json\/wp\/v2\/media\/645047"}],"wp:attachment":[{"href":"https:\/\/www.dexeus.com\/blog\/ca\/wp-json\/wp\/v2\/media?parent=645054"}],"wp:term":[{"taxonomy":"category","embeddable":true,"href":"https:\/\/www.dexeus.com\/blog\/ca\/wp-json\/wp\/v2\/categories?post=645054"},{"taxonomy":"post_tag","embeddable":true,"href":"https:\/\/www.dexeus.com\/blog\/ca\/wp-json\/wp\/v2\/tags?post=645054"}],"curies":[{"name":"wp","href":"https:\/\/api.w.org\/{rel}","templated":true}]}}