{"id":646432,"date":"2025-02-05T08:00:00","date_gmt":"2025-02-05T07:00:00","guid":{"rendered":"https:\/\/www.dexeus.com\/blog\/?p=646432"},"modified":"2025-02-04T21:50:17","modified_gmt":"2025-02-04T20:50:17","slug":"mutilacio-genital-femenina","status":"publish","type":"post","link":"https:\/\/www.dexeus.com\/blog\/ca\/actualitat\/mutilacio-genital-femenina\/","title":{"rendered":"Toler\u00e0ncia zero amb la Mutilaci\u00f3 Genital Femenina"},"content":{"rendered":"\n<p>Es diuen Aisha, Mariama, Fatou, Kaddi, Sara\u2026 La majoria han nascut a Catalunya i parlen perfectament el catal\u00e0 i\/o el castell\u00e0. Moltes no han fet encara els 30 anys. Treballen, estudien i tenen projectes de futur, com qualsevol altra dona jove que hagi crescut al nostre pa\u00eds. I, precisament per aix\u00f2, no volen sentir-se diferents. Per\u00f2 algunes se senten diferents, perqu\u00e8 han estat v\u00edctimes de la mutilaci\u00f3 genital femenina en el seu pa\u00eds d&#8217;origen.<\/p>\n\n\n\n<p>Aquesta pr\u00e0ctica, que encara es duu a terme en alguns pa\u00efsos d&#8217;\u00c0frica, es considera una violaci\u00f3 dels <strong>drets humans<\/strong> i est\u00e0 penalitzada. A m\u00e9s de ser un proc\u00e9s dolor\u00f3s i traum\u00e0tic, pot comportar <strong>greus problemes de salut<\/strong>: hemorr\u00e0gies, problemes urinaris, infeccions com el t\u00e8tanus, problemes menstruals, vaginals i sexuals. A llarg termini, pot causar tamb\u00e9 infertilitat, &nbsp;complicacions durant el part i fins i tot la mort del nad\u00f3.<\/p>\n\n\n\n<p>Per donar visibilitat a aquesta realitat i amplificar els esfor\u00e7os per erradicar-la, l&#8217;Assemblea General de les Nacions Unides va designar, en 2012, el 6 de febrer com el Dia Internacional de Toler\u00e0ncia Zero amb la Mutilaci\u00f3 Genital Femenina (MGF).<\/p>\n\n\n\n<p>No obstant aix\u00f2, el nostre equip m\u00e8dic fa anys que coneixia aquest problema i, en el 2007 va posar en marxa un <a style=\"text-decoration: underline;\" href=\"https:\/\/cat.dexeus.com\/qui-som\/nostra-fundacio\/accio-social\/reconstruccio-clitoris\" target=\"_blank\" rel=\"noreferrer noopener\">Programa gratu\u00eft de reconstrucci\u00f3 genital post ablaci\u00f3<\/a> que va ser <strong>pioner a Espanya<\/strong>. El seu principal impulsor i actual director \u00e9s el <a style=\"text-decoration: underline;\" href=\"https:\/\/cat.dexeus.com\/qui-som\/els-nostres-centres\/equip-medic\/pere-n-barri-soldevila\" target=\"_blank\" rel=\"noreferrer noopener\">Dr. Pere Barri Soldevila<\/a>, que va ser tamb\u00e9 el primer metge a realitzar aquesta intervenci\u00f3 quir\u00fargica al nostre pa\u00eds. El programa inclou un Servei de <strong>suport psicol\u00f2gic<\/strong> a les pacients, tant abans com despr\u00e9s de la intervenci\u00f3, un fet que tamb\u00e9 ha demostrat ser fonamental. \u201cCal tenir en compte que el proc\u00e9s que han viscut, en moltes ocasions, ha estat traum\u00e0tic. A m\u00e9s, la majoria s\u00f3n molt joves, la mitjana d&#8217;edat \u00e9s de 28 anys\u201d, explica el Dr. Pere Barri.<\/p>\n\n\n\n<p>Actualment, i des del 2016, l&#8217;operaci\u00f3 de reconstrucci\u00f3 genital tamb\u00e9 es realitza en alguns hospitals p\u00fablics de Catalunya, per\u00f2 el <strong>Programa pioner <\/strong>de Dexeus Dona ha perm\u00e8s ajudar a moltes dones, que, gr\u00e0cies a aquesta iniciativa, han pogut recuperar no sols l&#8217;<strong>aparen\u00e7a f\u00edsica<\/strong>, sin\u00f3 la <strong>capacitat sensitiva<\/strong> i la <strong>funcionalitat<\/strong> del cl\u00edtoris i de la seva \u00e0rea genital. Un fet que els ha proporcionat un major <strong>benestar personal<\/strong> i satisfacci\u00f3 sexual, a m\u00e9s de prevenir altres possibles complicacions i problemes de salut. Tamb\u00e9 ha contribu\u00eft a augmentar la informaci\u00f3 entre aquest col\u00b7lectiu i els professionals m\u00e8dics, aix\u00ed com la <strong>conscienciaci\u00f3 social<\/strong> davant aquest problema. Una labor molt necess\u00e0ria, tenint en compte que Catalunya \u00e9s la comunitat aut\u00f2noma d&#8217;Espanya que concentra un major nombre de dones procedents de pa\u00efsos africans en els quals es practica la mutilaci\u00f3 genital.<\/p>\n\n\n\n<p>El programa de reconstrucci\u00f3 genital forma part de l\u2019acci\u00f3 d&#8217;assist\u00e8ncia social de la <strong>Fundaci\u00f3 Dexeus Dona<\/strong>, i compta amb el suport de l&#8217;Hospital Universitari Dexeus. En total i des del seu inici, en Dexeus Dona hem realitzat m\u00e9s de 200 visites per aquesta causa i dut a terme m\u00e9s de 150 intervencions de reconstrucci\u00f3 genital femenina post ablaci\u00f3.<\/p>\n\n\n\n<p>La <strong>Fundaci\u00f3 Dexeus Dona<\/strong> impulsa altres <strong>Programes d&#8217;atenci\u00f3 social<\/strong> en els quals ofereix assist\u00e8ncia m\u00e8dica gratu\u00efta: Programa preservaci\u00f3 de la fertilitat en pacients oncol\u00f2giques, l&#8217;atenci\u00f3 ginecol\u00f2gica a la dona amb discapacitat f\u00edsica, i Programa primer impacte que ofereix suport psicol\u00f2gic a la pacient diagnosticada de c\u00e0ncer ginecol\u00f2gic i als seus familiars. Si vols saber m\u00e9s, col\u00b7laborar o oferir el teu suport, en aquest enlla\u00e7 trobar\u00e0s m\u00e9s informaci\u00f3:<\/p>\n\n\n\n<p><a style=\"text-decoration: underline;\" href=\"https:\/\/www.dexeuscampus.com\/ca\/coneix-nos\/fundacio\/programes-de-responsabilitat-social\/\" target=\"_blank\" rel=\"noreferrer noopener\">Programes de responsabilitat social<\/a> \u2013 Fundaci\u00f3 Dexeus Dona<\/p>\n\n\n\n<p><strong><em>foto: \u00a9<\/em><\/strong> <strong><em>Carmen Secanella<\/em><\/strong><\/p>\n\n\n\n<p><\/p>\n","protected":false},"excerpt":{"rendered":"<p>Es diuen Aisha, Mariama, Fatou, Kaddi, Sara\u2026 La majoria han nascut a Catalunya i parlen perfectament el catal\u00e0 i\/o el castell\u00e0. Moltes no han fet encara els 30 anys. Treballen, estudien i tenen projectes de futur, com qualsevol altra dona jove que hagi crescut al nostre pa\u00eds. I, precisament per aix\u00f2, no volen sentir-se diferents. [&hellip;]<\/p>\n","protected":false},"author":1,"featured_media":646427,"comment_status":"closed","ping_status":"open","sticky":true,"template":"","format":"standard","meta":{"footnotes":""},"categories":[3434],"tags":[3608,5009,5055,5044],"_links":{"self":[{"href":"https:\/\/www.dexeus.com\/blog\/ca\/wp-json\/wp\/v2\/posts\/646432"}],"collection":[{"href":"https:\/\/www.dexeus.com\/blog\/ca\/wp-json\/wp\/v2\/posts"}],"about":[{"href":"https:\/\/www.dexeus.com\/blog\/ca\/wp-json\/wp\/v2\/types\/post"}],"author":[{"embeddable":true,"href":"https:\/\/www.dexeus.com\/blog\/ca\/wp-json\/wp\/v2\/users\/1"}],"replies":[{"embeddable":true,"href":"https:\/\/www.dexeus.com\/blog\/ca\/wp-json\/wp\/v2\/comments?post=646432"}],"version-history":[{"count":7,"href":"https:\/\/www.dexeus.com\/blog\/ca\/wp-json\/wp\/v2\/posts\/646432\/revisions"}],"predecessor-version":[{"id":646454,"href":"https:\/\/www.dexeus.com\/blog\/ca\/wp-json\/wp\/v2\/posts\/646432\/revisions\/646454"}],"wp:featuredmedia":[{"embeddable":true,"href":"https:\/\/www.dexeus.com\/blog\/ca\/wp-json\/wp\/v2\/media\/646427"}],"wp:attachment":[{"href":"https:\/\/www.dexeus.com\/blog\/ca\/wp-json\/wp\/v2\/media?parent=646432"}],"wp:term":[{"taxonomy":"category","embeddable":true,"href":"https:\/\/www.dexeus.com\/blog\/ca\/wp-json\/wp\/v2\/categories?post=646432"},{"taxonomy":"post_tag","embeddable":true,"href":"https:\/\/www.dexeus.com\/blog\/ca\/wp-json\/wp\/v2\/tags?post=646432"}],"curies":[{"name":"wp","href":"https:\/\/api.w.org\/{rel}","templated":true}]}}