{"id":646684,"date":"2025-03-19T08:00:00","date_gmt":"2025-03-19T07:00:00","guid":{"rendered":"https:\/\/www.dexeus.com\/blog\/?p=646684"},"modified":"2025-03-20T11:21:53","modified_gmt":"2025-03-20T10:21:53","slug":"visita-laboratori","status":"publish","type":"post","link":"https:\/\/www.dexeus.com\/blog\/ca\/fertilitat\/visita-laboratori\/","title":{"rendered":"Com s&#8217;origina la vida en un laboratori?"},"content":{"rendered":"\n<p>Hi ha una escena a la pel\u00b7l\u00edcula &#8220;Inside Out&#8221; que parla dels records. Es representen en forma d&#8217;esferes lluminoses que s&#8217;emmagatzemen en el nostre cervell. Els m\u00e9s importants s\u00f3n els anomenats <strong>records essencials<\/strong>, que es defineixen com a &#8220;moments vitals que queden gravats a la nostra mem\u00f2ria per sempre&#8221;. A m\u00e9s, s\u00f3n les esferes m\u00e9s brillants. D&#8217;aquesta manera, tan senzilla i tan visual, els guionistes intenten mostrar el valor d&#8217;algunes <strong>experi\u00e8ncies vitals <\/strong>per a molts nens. Probablement, tant pels fills de l&#8217;Anna i el C\u00e9sar, de 3 i 6 anys, com pels seus pares la <strong>visita al nostre laboratori de reproducci\u00f3 <\/strong>es convertir\u00e0 en un d&#8217;aquests records essencials.<\/p>\n\n\n\n<p>El C\u00e9sar i l&#8217;Anna s\u00f3n una parella de Reus que volien ser pares i que despr\u00e9s de diversos intents sense \u00e8xit en centres de reproducci\u00f3 assistida van arribar a Dexeus Dona. &#8220;Els dos ten\u00edem problemes d&#8217;infertilitat i finalment vam haver d&#8217;optar per una <strong>doble donaci\u00f3.<\/strong> El proc\u00e9s es va allargar, per\u00f2 vam aconseguir molts embrions, la qual cosa ens ha perm\u00e8s tenir dos fills que s\u00f3n <strong>germans biol\u00f2gics<\/strong>. El primer va n\u00e9ixer just abans de la pand\u00e8mia, i la noia tres anys despr\u00e9s&#8221;, explica l&#8217;Anna.<\/p>\n\n\n\n<p>La setmana passada van venir a Barcelona amb els seus fills per ensenyar-los <strong>on i com havien estat concebuts<\/strong>. Pot semblar que encara s\u00f3n molt petits per comprendre-ho. Per\u00f2 l&#8217;Anna fa temps que a trav\u00e9s de contes els ha explicat que van n\u00e9ixer amb <strong>ajuda m\u00e8dica<\/strong>. &#8220;Jo ho tenia molt clar i el C\u00e9sar tamb\u00e9.<strong> \u00c9s un proc\u00e9s que s&#8217;ha de normalitzar<\/strong>. Actualment, hi ha molts nens que neixen amb l&#8217;ajuda de la reproducci\u00f3 assistida. Aix\u00ed que vaig comprar un <strong>conte infantil<\/strong> que parlava d&#8217;aquest tema i quan era el moment de llegir contes, abans de dormir, aprofitava per &#8216;colar-ho&#8217;. Els vaig explicar amb <strong>naturalitat <\/strong>que, igual que hi ha persones que necessiten donacions de sang, el seu pare i la seva mare necessitaven una donaci\u00f3 d&#8217;esperma i d&#8217;\u00f2vuls, i altres persones els hi van donar. Hem <strong>adaptat la hist\u00f2ria<\/strong>, el <strong>llenguatge<\/strong> i les <strong>explicacions<\/strong> al seu <strong>desenvolupament<\/strong>. Per\u00f2 vol\u00edem que ho sabessin des del principi&#8221;, afegeix.<\/p>\n\n\n\n<p>Sobre aquest punt, la responsable de la <strong>Unitat de Psicologia <\/strong>de Dexeus Dona, <a href=\"https:\/\/cat.dexeus.com\/qui-som\/els-nostres-centres\/equip-medic\/sandra-garcia-lumbreras\" target=\"_blank\" rel=\"noreferrer noopener\">Sandra Garc\u00eda Lumbreras<\/a>, explica: &#8220;moltes persones que recorren a les t\u00e8cniques de reproducci\u00f3 assistida ens consulten quin \u00e9s el millor moment i edat per explicar als seus fills com van venir al m\u00f3n o per qu\u00e8 van decidir rec\u00f3rrer a elles. Per\u00f2 <strong>no hi ha una edat concreta<\/strong> <strong>ni un moment perfecte<\/strong>! Cada nen creix al seu ritme, aix\u00ed que el millor \u00e9s <strong>estar atent i preparat<\/strong> per a quan es presenti l&#8217;ocasi\u00f3 o es desperti la seva curiositat&#8221;.<\/p>\n\n\n\n<p>&#8220;Quan li explicava la hist\u00f2ria, el nostre fill, que \u00e9s el m\u00e9s gran dels dos, sempre ens feia moltes preguntes: <em>s\u00f3n molt grans les incubadores on es guarden els embrions?, poden respirar mentre estan congelats?, hi ha microscopis als laboratoris?, mare, com ens van posar dins de la teva panxa?<\/em>&#8220;, explica l&#8217;Anna. De fet, &#8220;va ser ell qui ens va demanar si pod\u00edem venir a veure el laboratori, i vaig pensar que era una bona idea. Els nens aprenen moltes coses a trav\u00e9s dels llibres i el que els expliquem, per\u00f2 necessiten<em> <strong>veure i tocar<\/strong><\/em>&#8220;.<\/p>\n\n\n\n<p>&#8220;A Dexeus Dona ens hem sentit molt ben acollits des del minut zero, amb totes les persones que ens han at\u00e8s o han tingut contacte amb nosaltres, tant el personal d&#8217;administraci\u00f3, com l&#8217;equip m\u00e8dic i de laboratori. Per aix\u00f2 vam decidir proposar-ho. Vam parlar amb la bi\u00f2loga <a href=\"https:\/\/cat.dexeus.com\/qui-som\/els-nostres-centres\/equip-medic\/marta-tresanchez-pares\">Marta Tresanchez <\/a>de Dexeus Dona, que va ser qui ens va guiar durant tot el proc\u00e9s, i no podem estar m\u00e9s agra\u00efts d&#8217;haver tingut aquesta oportunitat. Aix\u00ed que, aqu\u00ed hi som!&#8221;<\/p>\n\n\n\n<p>Durant el recorregut, els fills de l&#8217;Anna i el C\u00e9sar han pogut veure com s\u00f3n els <strong>tancs de nitrogen<\/strong> on es guarda el <strong>material biol\u00f2gic congelat,<\/strong> c<strong>om es mouen els espermatozoides a trav\u00e9s del microscopi<\/strong>, la i<strong>ncubadora en qu\u00e8 es desenvolupen els embrions<\/strong> i fins i tot els seus propis, en imatges d&#8217;arxiu. <\/p>\n\n\n\n<p>&#8220;Per a ells \u00e9s una aventura. De fet, ahir a la nit abans de la visita estaven una mica nerviosos, i nosaltres tamb\u00e9&#8221;, confessa l&#8217;Anna rient. &#8220;Per\u00f2 <strong>ha estat una de les millors experi\u00e8ncies<\/strong>&#8220;, afegeix. &#8220;A m\u00e9s, hem tingut un<strong> acompanyament excel\u00b7lent <\/strong>per part de l&#8217;escola: els tutors dels nostres fills saben que hem vingut aqu\u00ed i estan informats perqu\u00e8 puguin recollir les impressions que han tingut els nens aquest dia i el seu <em>feedback<\/em>. A m\u00e9s, ho aprofitaran per parlar de la <strong>diversitat familiar<\/strong> a les seves classes, un fet que crec que pot ser enriquidor per a tots&#8221;.<\/p>\n\n\n\n<p><strong>M\u00e9s informaci\u00f3: <\/strong><\/p>\n\n\n\n<p><\/p>\n\n\n<div class=\"wp-block-image\">\n<figure class=\"alignleft size-full is-resized\"><img loading=\"lazy\" decoding=\"async\" width=\"360\" height=\"534\" src=\"https:\/\/www.dexeus.com\/blog\/wp-content\/uploads\/2025\/03\/portada-en-catala-2.webp\" alt=\"\" class=\"wp-image-646754\" style=\"width:127px;height:auto\" srcset=\"https:\/\/www.dexeus.com\/blog\/wp-content\/uploads\/2025\/03\/portada-en-catala-2.webp 360w, https:\/\/www.dexeus.com\/blog\/wp-content\/uploads\/2025\/03\/portada-en-catala-2-202x300.webp 202w\" sizes=\"(max-width: 360px) 100vw, 360px\" \/><\/figure><\/div>\n\n\n<p>Per parlar d&#8217;aquest tema als nens,\u00a0Dexeus\u00a0Dona ha publicat el <strong>llibre \u00abLa meva fam\u00edlia\u00bb, <\/strong>que podeu llegir junts. En ell s&#8217;explica, de manera molt amena, en qu\u00e8 consisteixen les t\u00e8cniques de reproducci\u00f3 assistida i quina \u00e9s la seva utilitat, sense rec\u00f3rrer a met\u00e0fores ni a elements m\u00e0gics.  Pots comprar l&#8217;edici\u00f3 de &#8220;La meva fam\u00edlia&#8221; en <a href=\"https:\/\/www.grup62.cat\/llibre-la-meva-familia\/265672#soporte\/265672\" target=\"_blank\" rel=\"noreferrer noopener\">catal\u00e0<\/a> i en <a href=\"https:\/\/www.planetadelibros.com\/libro-mi-familia\/265696#soporte\/265696\" target=\"_blank\" rel=\"noreferrer noopener\">castell\u00e0<\/a>. <\/p>\n","protected":false},"excerpt":{"rendered":"<p>Hi ha una escena a la pel\u00b7l\u00edcula &#8220;Inside Out&#8221; que parla dels records. Es representen en forma d&#8217;esferes lluminoses que s&#8217;emmagatzemen en el nostre cervell. Els m\u00e9s importants s\u00f3n els anomenats records essencials, que es defineixen com a &#8220;moments vitals que queden gravats a la nostra mem\u00f2ria per sempre&#8221;. A m\u00e9s, s\u00f3n les esferes m\u00e9s [&hellip;]<\/p>\n","protected":false},"author":1,"featured_media":646696,"comment_status":"closed","ping_status":"open","sticky":true,"template":"","format":"standard","meta":{"footnotes":""},"categories":[3543],"tags":[5168,5157,5164,5158,5159,5160,5161,5167,5166,3964,3902,3908,5165,3969,3863,3857],"_links":{"self":[{"href":"https:\/\/www.dexeus.com\/blog\/ca\/wp-json\/wp\/v2\/posts\/646684"}],"collection":[{"href":"https:\/\/www.dexeus.com\/blog\/ca\/wp-json\/wp\/v2\/posts"}],"about":[{"href":"https:\/\/www.dexeus.com\/blog\/ca\/wp-json\/wp\/v2\/types\/post"}],"author":[{"embeddable":true,"href":"https:\/\/www.dexeus.com\/blog\/ca\/wp-json\/wp\/v2\/users\/1"}],"replies":[{"embeddable":true,"href":"https:\/\/www.dexeus.com\/blog\/ca\/wp-json\/wp\/v2\/comments?post=646684"}],"version-history":[{"count":28,"href":"https:\/\/www.dexeus.com\/blog\/ca\/wp-json\/wp\/v2\/posts\/646684\/revisions"}],"predecessor-version":[{"id":646784,"href":"https:\/\/www.dexeus.com\/blog\/ca\/wp-json\/wp\/v2\/posts\/646684\/revisions\/646784"}],"wp:featuredmedia":[{"embeddable":true,"href":"https:\/\/www.dexeus.com\/blog\/ca\/wp-json\/wp\/v2\/media\/646696"}],"wp:attachment":[{"href":"https:\/\/www.dexeus.com\/blog\/ca\/wp-json\/wp\/v2\/media?parent=646684"}],"wp:term":[{"taxonomy":"category","embeddable":true,"href":"https:\/\/www.dexeus.com\/blog\/ca\/wp-json\/wp\/v2\/categories?post=646684"},{"taxonomy":"post_tag","embeddable":true,"href":"https:\/\/www.dexeus.com\/blog\/ca\/wp-json\/wp\/v2\/tags?post=646684"}],"curies":[{"name":"wp","href":"https:\/\/api.w.org\/{rel}","templated":true}]}}