{"id":647032,"date":"2025-04-30T08:00:00","date_gmt":"2025-04-30T06:00:00","guid":{"rendered":"https:\/\/www.dexeus.com\/blog\/?p=647032"},"modified":"2025-05-02T09:03:46","modified_gmt":"2025-05-02T07:03:46","slug":"evolucio-maternitat","status":"publish","type":"post","link":"https:\/\/www.dexeus.com\/blog\/ca\/maternitat\/evolucio-maternitat\/","title":{"rendered":"Com ha canviat la maternitat?"},"content":{"rendered":"\n<p>Les dones que actualment decideixen ser mares s\u00f3n, en general, m\u00e9s <strong>independents<\/strong> <strong>econ\u00f2micament<\/strong>, <strong>m\u00e9s actives<\/strong>, <strong>m\u00e9s lliures<\/strong> \u2013o aix\u00ed se senten\u2013 i m\u00e9s <strong>obertes <\/strong>mentalment cap a la diversitat, tant en q\u00fcestions d&#8217;orientaci\u00f3 sexual com en models de fam\u00edlies. Tamb\u00e9 tenen a la seva disposici\u00f3 m\u00e9s <strong>aven\u00e7os m\u00e8dics<\/strong>, <strong>m\u00e9s informaci\u00f3<\/strong> i <strong>m\u00e9s opcions<\/strong> per decidir quan i com ser-ho. Per\u00f2 no totes aprofiten aquests avantatges.  Moltes ni tan sols s\u00f3n conscients si tenen algun problema de reproducci\u00f3 fins que intenten quedar-se embarassades i no ho aconsegueixen. Per aix\u00f2 \u00e9s fonamental demanar una valoraci\u00f3 de la<strong> reserva ov\u00e0rica<\/strong> abans dels 30-35 anys. &#8220;Comptar amb cicles menstruals regulars no assegura una fertilitat \u00f2ptima\u201d, explica la <a style=\"text-decoration: underline;\" href=\"https:\/\/cat.dexeus.com\/qui-som\/els-nostres-centres\/equip-medic\/ainhoa-coco-lizarraga\" target=\"_blank\" rel=\"noreferrer noopener\">Dra. Ainhoa Coco<\/a>, especialista de reproducci\u00f3 assistida de Dexeus Dona.<\/p>\n\n\n\n<p>Un altre problema important \u00e9s el <strong>retard de la maternitat<\/strong>. Els ginec\u00f2legs alerten que, encara que la ci\u00e8ncia hagi superat molts obstacles i les t\u00e8cniques de reproducci\u00f3 assistida hagin suposat un abans i un despr\u00e9s, no podem v\u00e8ncer el pas dels anys. Per aix\u00f2 \u00e9s necessari actuar. \u201cLes dones hem de<strong> cuidar la nostra salut sexual i reproductiva<\/strong>, <strong>planificar la maternitat<\/strong> si no volem renunciar a ella, comptar amb un ginec\u00f2leg o ginec\u00f2loga de confian\u00e7a i con\u00e8ixer quines opcions tenim en el cas de <strong>problemes de fertilitat<\/strong> o necessitat de <strong>posposar l&#8217;embar\u00e0s<\/strong>\u201d afegeix la <a style=\"text-decoration: underline;\" href=\"https:\/\/cat.dexeus.com\/qui-som\/els-nostres-centres\/equip-medic\/ainhoa-coco-lizarraga\" target=\"_blank\" rel=\"noreferrer noopener\">Dra. A. Coco<\/a>.<\/p>\n\n\n\n<p>Amb motiu del <strong>Dia de la Mare<\/strong>, que se celebra aquest diumenge, repassem alguns dels avan\u00e7os que hem aconseguit  en els \u00faltims anys, aix\u00ed com els reptes pendents i desafiaments que ens esperen:<\/p>\n\n\n\n<p><\/p>\n\n\n\n<p><strong>Qu\u00e8 hem aconseguit<\/strong><\/p>\n\n\n\n<p><strong>Maternitat per elecci\u00f3.<\/strong> Les dones poden decidir quan ser mares. L&#8217;acc\u00e9s majoritari a anticonceptius, la legislaci\u00f3 actual i les t\u00e8cniques de reproducci\u00f3 assistida en el nostre pa\u00eds permeten congelar \u00f2vuls i ser mares en solitari o en parella homosexual.<br><strong>Aven\u00e7os m\u00e8dics i tecnol\u00f2gics<\/strong>. Els avan\u00e7os en gen\u00e8tica i medicina materna fetal han perm\u00e8s detectar, tractar i prevenir problemes de salut. Exemple d&#8217;aix\u00f2 \u00e9s el Diagn\u00f2stic Gen\u00e8tic preimplantacional (DGP), que ajuda a evitar la transmissi\u00f3 malalties heredit\u00e0ries.<br><strong>Defensa del part respectat<\/strong>. Es promou un part m\u00e9s fisiol\u00f2gic i menys medicalitzat, respectant les decisions de la dona sense renunciar a la seguretat m\u00e8dica.<br><strong>Baixa per paternitat<\/strong>. Permet un repartiment m\u00e9s equitatiu de les tasques de cura.<br><strong>Desacralitzaci\u00f3 de la maternitat<\/strong>. Es reconeix que el cam\u00ed cap a la maternitat pot ser dif\u00edcil, que la infertilitat \u00e9s freq\u00fcent i que els canvis f\u00edsics i emocionals necessiten suport social i metge.<\/p>\n\n\n\n<p><strong>Maternitat digital<\/strong>: <strong>la part bona i la que no ho \u00e9s<\/strong>. La tecnologia ha perm\u00e8s compartir experi\u00e8ncies, trencar tab\u00fas i difondre informaci\u00f3. No obstant aix\u00f2, tamb\u00e9 ha generat falses expectatives i desinformaci\u00f3.<br><strong>Menys fills, per\u00f2 m\u00e9s maduresa<\/strong>. Encara que tenim menys fills i a edats m\u00e9s avan\u00e7ades, la maduresa permet afrontar la maternitat des d&#8217;una altra perspectiva.<\/p>\n\n\n\n<p><strong>Reptes i nous desafiaments<\/strong><\/p>\n\n\n\n<p><strong>El retard de la maternitat.<\/strong> Les dones han d&#8217;estar informades que a partir dels 35 anys la fertilitat disminueix de manera progressiva i accelerada. A partir dels 38-40 anys, aconseguir l&#8217;embar\u00e0s es torna m\u00e9s dif\u00edcil i s&#8217;incrementen els riscos obst\u00e8trics.<br><strong>Augment dels problemes d&#8217;infertilitat:<\/strong> \u00c9s una tend\u00e8ncia global que afecta a totes les societats avan\u00e7ades.<br><strong>L&#8217;educaci\u00f3 i socialitzaci\u00f3 dels fills en l&#8217;era digital<\/strong>. \u00c9s un tema que preocupa cada vegada m\u00e9s. Les xarxes socials i la digitalitzaci\u00f3 han augmentat l&#8217;a\u00efllament social. Hi ha veus d&#8217;alerta, per\u00f2 falten estrat\u00e8gies i suports educatius adequats.<br><strong>Debats \u00e8tics.<\/strong> La crian\u00e7a compartida, la regulaci\u00f3 de la gestaci\u00f3 subrogada, el dret dels fills concebuts amb g\u00e0metes donats a con\u00e8ixer el seu origen biol\u00f2gic, la destinaci\u00f3 dels \u00f2vuls o embrions no utilitzats, entre altres.<br><strong>La ren\u00fancia a la maternitat:<\/strong> sigui per infertilitat o elecci\u00f3 personal, continua sent un tema tab\u00fa en molts entorns, encara que cada vegada m\u00e9s dones parlen d&#8217;aix\u00f2 obertament.<\/p>\n\n\n\n<p><\/p>\n","protected":false},"excerpt":{"rendered":"<p>Les dones que actualment decideixen ser mares s\u00f3n, en general, m\u00e9s independents econ\u00f2micament, m\u00e9s actives, m\u00e9s lliures \u2013o aix\u00ed se senten\u2013 i m\u00e9s obertes mentalment cap a la diversitat, tant en q\u00fcestions d&#8217;orientaci\u00f3 sexual com en models de fam\u00edlies. Tamb\u00e9 tenen a la seva disposici\u00f3 m\u00e9s aven\u00e7os m\u00e8dics, m\u00e9s informaci\u00f3 i m\u00e9s opcions per decidir [&hellip;]<\/p>\n","protected":false},"author":1,"featured_media":647026,"comment_status":"closed","ping_status":"closed","sticky":true,"template":"","format":"standard","meta":{"footnotes":""},"categories":[3448],"tags":[5254,5289,5287,3550,3465,5256],"_links":{"self":[{"href":"https:\/\/www.dexeus.com\/blog\/ca\/wp-json\/wp\/v2\/posts\/647032"}],"collection":[{"href":"https:\/\/www.dexeus.com\/blog\/ca\/wp-json\/wp\/v2\/posts"}],"about":[{"href":"https:\/\/www.dexeus.com\/blog\/ca\/wp-json\/wp\/v2\/types\/post"}],"author":[{"embeddable":true,"href":"https:\/\/www.dexeus.com\/blog\/ca\/wp-json\/wp\/v2\/users\/1"}],"replies":[{"embeddable":true,"href":"https:\/\/www.dexeus.com\/blog\/ca\/wp-json\/wp\/v2\/comments?post=647032"}],"version-history":[{"count":7,"href":"https:\/\/www.dexeus.com\/blog\/ca\/wp-json\/wp\/v2\/posts\/647032\/revisions"}],"predecessor-version":[{"id":647055,"href":"https:\/\/www.dexeus.com\/blog\/ca\/wp-json\/wp\/v2\/posts\/647032\/revisions\/647055"}],"wp:featuredmedia":[{"embeddable":true,"href":"https:\/\/www.dexeus.com\/blog\/ca\/wp-json\/wp\/v2\/media\/647026"}],"wp:attachment":[{"href":"https:\/\/www.dexeus.com\/blog\/ca\/wp-json\/wp\/v2\/media?parent=647032"}],"wp:term":[{"taxonomy":"category","embeddable":true,"href":"https:\/\/www.dexeus.com\/blog\/ca\/wp-json\/wp\/v2\/categories?post=647032"},{"taxonomy":"post_tag","embeddable":true,"href":"https:\/\/www.dexeus.com\/blog\/ca\/wp-json\/wp\/v2\/tags?post=647032"}],"curies":[{"name":"wp","href":"https:\/\/api.w.org\/{rel}","templated":true}]}}