{"id":647806,"date":"2025-09-10T08:00:00","date_gmt":"2025-09-10T06:00:00","guid":{"rendered":"https:\/\/www.dexeus.com\/blog\/?p=647806"},"modified":"2025-09-30T15:25:15","modified_gmt":"2025-09-30T13:25:15","slug":"recomanat-tractament-ovodonacio","status":"publish","type":"post","link":"https:\/\/www.dexeus.com\/blog\/ca\/fertilitat\/recomanat-tractament-ovodonacio\/","title":{"rendered":"T&#8217;han recomanat un tractament d&#8217;ovodonaci\u00f3? qu\u00e8 t&#8217;interessa saber abans de comen\u00e7ar"},"content":{"rendered":"\n<p>Si t&#8217;han aconsellat optar per un tractament d\u2019ovodonaci\u00f3, \u00e9s possible que la not\u00edcia t&#8217;hagi impactat. \u00c9s normal, ja que implica renunciar a l&#8217;\u00fas dels teus propis \u00f2vuls. Aquest fet produeix un sentiment de p\u00e8rdua que anomenat \u201cdol gen\u00e8tic\u201d i pot requerir un temps d&#8217;acceptaci\u00f3.<\/p>\n\n\n\n<p>Per aix\u00f2, a m\u00e9s de donar-te un marge, \u00e9s important compartir els dubtes i inquietuds que tinguis i, si necessites suport, demanar-ho. En el nostre centre comptem amb una Unitat de Donaci\u00f3 i Recepci\u00f3 d&#8217;\u00f2vuls formada per un equip multidisciplinari de metges, bi\u00f2legs, infermeres, genetistes i psic\u00f2legs per oferir aquest servei.<\/p>\n\n\n\n<p>Cada cas \u00e9s diferent, per\u00f2 hi ha aspectes clau que, en general, interessen a totes les dones que realitzen aquest tractament. Per aix\u00f2, hem demanat a <a href=\"https:\/\/cat.dexeus.com\/qui-som\/els-nostres-centres\/equip-medic\/sandra-garcia-lumbreras\" target=\"_blank\" rel=\"noreferrer noopener\">Sandra Garc\u00eda Lumbreras<\/a>, responsable de la Unitat de Psicologia del nostre centre, i a les doctores <a href=\"https:\/\/cat.dexeus.com\/qui-som\/els-nostres-centres\/equip-medic\/marina-solsona-caba\" target=\"_blank\" rel=\"noreferrer noopener\">Marina Solsona<\/a> i <a href=\"https:\/\/cat.dexeus.com\/qui-som\/els-nostres-centres\/equip-medic\/elisabet-clua-obrado\" target=\"_blank\" rel=\"noreferrer noopener\">Elisabet Clua<\/a>, expertes en reproducci\u00f3 assistida de Dexeus Dona, que responguin en aquest post a algunes preguntes freq\u00fcents que solen fer les pacients.<\/p>\n\n\n\n<p><strong>Quina \u00e9s la taxa de gestaci\u00f3 en aquests casos?<\/strong><br>La taxa d&#8217;\u00e8xit dels tractaments que es realitzen amb \u00f2vuls donats \u00e9s molt m\u00e9s alta que la d&#8217;una FIV amb \u00f2vuls propis, ja que els \u00f2vuls procedeixen de dones joves d&#8217;entre 18 i 35 anys, que \u00e9s quan aquest tenen major qualitat, i aix\u00f3 millora una de les causes m\u00e9s habituals d&#8217;esterilitat i\/o infertilitat. No obstant aix\u00f2, si vols saber quines probabilitats reals has d&#8217;aconseguir un embar\u00e0s que arribi a terme, el millor \u00e9s que facin una valoraci\u00f3 individual.<\/p>\n\n\n\n<p><strong>Qu\u00e8 puc saber sobre la meva donant?<\/strong><br>Sempre es tria una donant amb trets f\u00edsics semblants als de la receptora. Per\u00f2 com la donaci\u00f3 \u00e9s un proc\u00e9s an\u00f2nim, es facilita nom\u00e9s l&#8217;edat i el grup sanguini de la donant. Per la mateixa ra\u00f3, a la donant tampoc se li proporcionar\u00e0 cap dada de la receptora.<\/p>\n\n\n\n<p><strong>Quines proves es realitzen a la donant?<\/strong><br>En el nostre centre es fa un estudi molt complet que inclou una avaluaci\u00f3 psicol\u00f2gica, m\u00e8dica i gen\u00e8tica on es valoraran els antecedents personals i familiars (fins a 3 generacions). Les proves m\u00e8diques consisteixen en una exploraci\u00f3 f\u00edsica i ginecol\u00f2gica, ecografia vaginal, citologia, cultius vaginals i una anal\u00edtica completa, que inclou un perfil hormonal, grup sanguini, proves serol\u00f2giques (per a descartar infeccions com a HIV, hepatitis B i C i s\u00edfilis) i gen\u00e8tiques.<\/p>\n\n\n\n<p><strong>Tamb\u00e9 es fa un estudi gen\u00e8tic?<\/strong><br>S\u00ed, a la donant se li realitza el cariotip (estudi per valorar el n\u00famero i l&#8217;estructura dels cromosomes) i un test gen\u00e8tic de portadors per descartar malalties recessives com, per exemple: fibrosi qu\u00edstica, talass\u00e8mies, sordesa cong\u00e8nita, atr\u00f2fia muscular espinal, etc. Aquest estudi gen\u00e8tic s&#8217;aplica tant a la donant com a la parella masculina (o donant de semen, en cas de precisar-se) i permet realitzar l&#8217;assignaci\u00f3 valorant que tots dos no siguin portadors sans de les mateixes variants patog\u00e8niques. Per tant, per a l&#8217;assignaci\u00f3 de la donant es t\u00e9 en compte no sols la semblan\u00e7a f\u00edsica, sin\u00f3 tamb\u00e9 la idone\u00eftat gen\u00e8tica.<\/p>\n\n\n\n<p><strong>Quines proves m\u2019haur\u00e9 de fer jo?<\/strong><br>L&#8217;estudi inicial de la dona consisteix en una anal\u00edtica general amb serologies (HIV, hepatitis B i C, s\u00edfilis, rub\u00e8ola, toxoplasmosi, citomegalovirus, varicel\u00b7la) i perfil de tiroides, a m\u00e9s d&#8217;una ecografia ginecol\u00f2gica. Tamb\u00e9 s&#8217;actualitzar\u00e0 la revisi\u00f3 ginecol\u00f2gica amb citologia i proves mam\u00e0ries si \u00e9s necessari (a partir dels 40 anys o abans en funci\u00f3 d&#8217;antecedents familiars). Segons el resultat de les proves o els antecedents m\u00e8dics, es poden demanar altres proves com un electrocardiograma, un estudi endometrial, etc.<\/p>\n\n\n\n<p><strong>I la meva parella?<\/strong><br>En cas que el cicle es dugui a terme amb parella masculina, se li sol\u00b7licitar\u00e0 una an\u00e0lisi que inclou serologies i cariotip, a m\u00e9s d&#8217;un seminograma (per a comprovar la qualitat de l&#8217;esperma). Si el resultat d&#8217;aquest \u00faltim estigu\u00e9s alterat o l&#8217;equip considera necess\u00e0ria la visita amb la unitat d&#8217;andrologia, es derivar\u00e0 al pacient per a exploraci\u00f3 i valoraci\u00f3 de proves complement\u00e0ries. En el nostre centre comptem amb especialistes en Andrologia i una Unitat de Salut sexual masculina.<\/p>\n\n\n\n<p><strong>Quant temps pot allargar-se el proc\u00e9s?<\/strong><br>Una vegada es disposa de tota la documentaci\u00f3 i proves necess\u00e0ries per activar la cerca i assignaci\u00f3 de la donant, el temps d&#8217;espera pot oscil\u00b7lar entre 1 i 3 mesos. En el nostre centre, un 75% de les pacients disposen dels embrions criopreservats per a poder transferir en un m\u00e0xim de 2 mesos.<\/p>\n\n\n\n<p><strong>\u00c9s complicat el tractament de preparaci\u00f3 endometrial?<\/strong><br>El tractament de preparaci\u00f3 endometrial per a la transfer\u00e8ncia embrion\u00e0ria consisteix en un tractament hormonal (amb estr\u00f2gens orals, en gel o pegats i progesterona vaginal) o en cicle natural (amb progesterona vaginal). El tipus de tractament es tria sobre la base de les caracter\u00edstiques de cada pacient (cicles menstruals, antecedents obst\u00e8trics, etc.) Aquest tractament sol durar entre 2 i 3 setmanes abans de la transfer\u00e8ncia embrion\u00e0ria.<\/p>\n\n\n\n<p><strong>Amb quants embrions podr\u00e9 comptar?<\/strong><br>En el nostre programa disposem de diferents opcions (un intent, dos intents, etc.) En funci\u00f3 del teu perfil i interessos, l&#8217;equip del Programa de recepci\u00f3 d&#8217;ov\u00f2cits t&#8217;aconsellar\u00e0 sobre l&#8217;opci\u00f3 que s&#8217;ajusti a millor a les teves expectatives i a la teva situaci\u00f3 reproductiva.<\/p>\n\n\n\n<p><\/p>\n\n\n\n<div class='et-box et-shadow'>\n\t\t\t\t\t<div class='et-box-content'><p><strong>Consells de suport emocional<\/strong><br>Els estudis i l&#8217;experi\u00e8ncia indiquen que el vincle entre la mare i el beb\u00e8 s&#8217;inicia des del moment de l&#8217;embar\u00e0s. Des del moment que prens la decisi\u00f3 d&#8217;iniciar el tractament, aquest fill ser\u00e0 teu i aix\u00ed has de sentir-lo. A m\u00e9s, no tot es limita a la gen\u00e8tica. Els estudis demostren que l&#8217;ambient en el qual es desenvolupa el beb\u00e8 i les seves experi\u00e8ncies influeixen en l&#8217;expressi\u00f3 dels gens. D&#8217;altra banda, l&#8217;amor que rep, els valors transmesos i l&#8217;educaci\u00f3 influeixen en la seva personalitat. Quant a la decisi\u00f3, donat un marge de temps suficient per a elaborar el dol, sense pressa ni pressi\u00f3. Per\u00f2 recomanem que no ho allarguis molt, perqu\u00e8 dilatar la situaci\u00f3 d&#8217;indecisi\u00f3 pot augmentar l&#8217;ansietat, el desgast emocional i deteriorar la relaci\u00f3 de parella.<\/p><\/div><\/div>\n","protected":false},"excerpt":{"rendered":"<p>Si t&#8217;han aconsellat optar per un tractament d\u2019ovodonaci\u00f3, \u00e9s possible que la not\u00edcia t&#8217;hagi impactat. \u00c9s normal, ja que implica renunciar a l&#8217;\u00fas dels teus propis \u00f2vuls. Aquest fet produeix un sentiment de p\u00e8rdua que anomenat \u201cdol gen\u00e8tic\u201d i pot requerir un temps d&#8217;acceptaci\u00f3. Per aix\u00f2, a m\u00e9s de donar-te un marge, \u00e9s important compartir [&hellip;]<\/p>\n","protected":false},"author":1,"featured_media":647811,"comment_status":"closed","ping_status":"closed","sticky":true,"template":"","format":"standard","meta":{"footnotes":""},"categories":[3543],"tags":[5508,4756,68,4758,1974,3972,48,5507,5509],"_links":{"self":[{"href":"https:\/\/www.dexeus.com\/blog\/ca\/wp-json\/wp\/v2\/posts\/647806"}],"collection":[{"href":"https:\/\/www.dexeus.com\/blog\/ca\/wp-json\/wp\/v2\/posts"}],"about":[{"href":"https:\/\/www.dexeus.com\/blog\/ca\/wp-json\/wp\/v2\/types\/post"}],"author":[{"embeddable":true,"href":"https:\/\/www.dexeus.com\/blog\/ca\/wp-json\/wp\/v2\/users\/1"}],"replies":[{"embeddable":true,"href":"https:\/\/www.dexeus.com\/blog\/ca\/wp-json\/wp\/v2\/comments?post=647806"}],"version-history":[{"count":5,"href":"https:\/\/www.dexeus.com\/blog\/ca\/wp-json\/wp\/v2\/posts\/647806\/revisions"}],"predecessor-version":[{"id":647896,"href":"https:\/\/www.dexeus.com\/blog\/ca\/wp-json\/wp\/v2\/posts\/647806\/revisions\/647896"}],"wp:featuredmedia":[{"embeddable":true,"href":"https:\/\/www.dexeus.com\/blog\/ca\/wp-json\/wp\/v2\/media\/647811"}],"wp:attachment":[{"href":"https:\/\/www.dexeus.com\/blog\/ca\/wp-json\/wp\/v2\/media?parent=647806"}],"wp:term":[{"taxonomy":"category","embeddable":true,"href":"https:\/\/www.dexeus.com\/blog\/ca\/wp-json\/wp\/v2\/categories?post=647806"},{"taxonomy":"post_tag","embeddable":true,"href":"https:\/\/www.dexeus.com\/blog\/ca\/wp-json\/wp\/v2\/tags?post=647806"}],"curies":[{"name":"wp","href":"https:\/\/api.w.org\/{rel}","templated":true}]}}