{"id":648657,"date":"2026-04-29T08:00:00","date_gmt":"2026-04-29T06:00:00","guid":{"rendered":"https:\/\/www.dexeus.com\/blog\/?p=648657"},"modified":"2026-04-28T18:33:32","modified_gmt":"2026-04-28T16:33:32","slug":"perimenopausa-adolescencia-doble-revolucio-hormonal","status":"publish","type":"post","link":"https:\/\/www.dexeus.com\/blog\/ca\/menopausa\/perimenopausa-adolescencia-doble-revolucio-hormonal\/","title":{"rendered":"Quan tu est\u00e0s en perimenopausa i la teva filla en plena adolesc\u00e8ncia: la doble revoluci\u00f3\u2026 hormonal!"},"content":{"rendered":"\n<h2 class=\"wp-block-heading\">Com fer front a la situaci\u00f3, juntes, sense perdre la paci\u00e8ncia ni el bon humor<\/h2>\n\n\n\n<p>Si tens entre 45 i 50 anys i una filla que t\u00e9 entre 12 i 16 anys, BINGO! T&#8217;ha tocat viure una de les experi\u00e8ncies m\u00e9s intenses que ofereix la biologia humana.<\/p>\n\n\n\n<p>El motiu \u00e9s ben evident: durant els anys que segueixen a la primera regla i els que precedeixen a la que ser\u00e0 l&#8217;\u00faltima, el cos femen\u00ed experimenta un conjunt de canvis hormonals que tenen un impacte important, tant a nivell fisiol\u00f2gic com emocional.<\/p>\n\n\n\n<p>Aquest \u201ccaos hormonal\u201d que heu d\u2019afrontar coincideix en el temps, encara que es deu a causes molt distintes:<\/p>\n\n\n\n<ul>\n<li>En el cas de la filla adolescent o preadolescent: la ra\u00f3 \u00e9s la <strong>immaduresa<\/strong> <strong>de l&#8217;eix hormonal,<\/strong> que provoca que adoptin una actitud hiperreactiva i de rebel\u00b7lia, per reafirmar la seva llibertat, identitat i independ\u00e8ncia.<\/li>\n\n\n\n<li>En el cas de la mare en perimenopausa: per la <strong>inestabilitat d&#8217;aquest mateix eix<\/strong>, un fet que augmenta la labilitat emocional, provocant canvis d&#8217;humor i estr\u00e8s.<\/li>\n<\/ul>\n\n\n\n<p>A m\u00e9s, el descens d&#8217;estr\u00f2gens que caracteritza a aquesta etapa comporta altres s\u00edmptomes que poden augmentar l&#8217;estr\u00e8s: les alteracions de la son, la sensaci\u00f3 de fatiga o cansament, l&#8217;apatia, la menor capacitat de concentraci\u00f3 i els lapsus de mem\u00f2ria, que tenen un impacte en la vida personal, l&#8217;autoestima, el rendiment laboral i les relacions socials.<\/p>\n\n\n\n<h3 class=\"wp-block-heading\"><strong>Un proc\u00e9s natural<\/strong><\/h3>\n\n\n\n<p>El retard de la maternitat ha afavorit que la conflu\u00e8ncia d&#8217;aquests dos processos de canvis hormonals en la mare i la filla sigui cada vegada m\u00e9s freq\u00fcent.<\/p>\n\n\n\n<p>La <strong>bona not\u00edcia<\/strong> \u00e9s que hi ha una <strong>explicaci\u00f3 natural i fisiol\u00f2gica<\/strong> per a tots aquests canvis Per aix\u00f2, si interfereixen en la vida quotidiana, \u00e9s important consultar al ginec\u00f2leg, amb la finalitat de demanar ajuda, ja que molts dels s\u00edmptomes associats a la menopausa es poden tractar i mitigar (veure requadre al final del post).<\/p>\n\n\n\n<p>D&#8217;altra banda, pots aprofitar la situaci\u00f3 per comen\u00e7ar aparlar amb la teva filla -si \u00e9s el teu cas- dels <strong>temes ginecol\u00f2gics amb naturalitat<\/strong>, i que sigui conscient que, si necessita consultar algun tema que li interessi i que estigui relacionat amb la menstruaci\u00f3, la sexualitat, l&#8217;\u00fas d&#8217;anticonceptius, la higiene femenina \u00edntima o la prevenci\u00f3 d&#8217;infeccions de transmissi\u00f3 sexual (ITS) pot demanar una visita amb una ginec\u00f2loga.<\/p>\n\n\n\n<p>En funci\u00f3 de l&#8217;edat que tingui i els seus interessos o necessitats cal adaptar el discurs a la seva maduresa. Per\u00f2 podem informar-la que \u00e9s \u00fatil comptar amb una doctora de confian\u00e7a que l&#8217;ajudi a resoldre dubtes i que pot realitzar una visita informativa, nom\u00e9s d&#8217;assessorament. \u201c<em>\u00c9s un acte que demostra responsabilitat i fonamental per comen\u00e7ar a <strong>tenir cura de la seva salut sexual i reproductiva<\/strong>. A partir dels 16 anys, a m\u00e9s, pot anar sola. El millor, no obstant aix\u00f2, per assegurar que tingui una bona experi\u00e8ncia i que li resulti \u00fatil, \u00e9s anar a un centre que compti amb una Unitat especialitzada a atendre noies preadolescents, adolescents i joves, com la que tenim a Dexeus Dona\u201d<\/em>, explica la <strong>Dra. Micaela Bagnati<\/strong>, de la <strong>Unitat de Ginecologia de la Inf\u00e0ncia i l&#8217;Adolesc\u00e8ncia de Dexeus Dona.<\/strong><\/p>\n\n\n\n<p>Parlar obertament d&#8217;aquests temes tamb\u00e9 ajuda a crear un <strong>vincle de confian\u00e7a<\/strong> entre totes dues perqu\u00e8, davant qualsevol problema que pugui sorgir en un futur, s\u00e0piga que pot comptar amb tu i amb una especialista a qui acudir.<\/p>\n\n\n\n<p>En aquest post, la <strong>Dra. Bagnati<\/strong> ofereix un conjunt de consells \u00fatils per a les mares s\u00e0piguen com afrontar etapa amb paci\u00e8ncia i bon humor:<\/p>\n\n\n\n<p>Aqu\u00ed tens alguns <strong><em>tips <\/em><\/strong>que poden ajudar:<\/p>\n\n\n\n<ul>\n<li><strong><strong>Ni tu t&#8217;has tornat irritable \u201cperqu\u00e8 s\u00ed\u201d ni ella \u00e9s insolent per molestar-te<\/strong><\/strong><br>Els teus estr\u00f2gens baixen, els seus pugen. Tu tens fogots, ella t\u00e9 explosions.<br>Un truc: quan notis que la conversa comen\u00e7a a escalar o descontrolar-se, pensa:<br>\u201cAix\u00f2 no \u00e9s personal, s\u00f3n les hormones que ens posen a les dues al l\u00edmit\u201d.<br>Respira, escolta, relativitza, intenta ser emp\u00e0tica i estar oberta a buscar solucions.<\/li>\n\n\n\n<li><strong><strong>Pacteu espais de calma (encara que siguin 10 minuts)<\/strong><\/strong><br>Ni tu pots gestionar discussions a 200 pulsacions, ni ella pot raonar quan est\u00e0 en mode \u201ctempesta el\u00e8ctrica\u201d.<br>Establiu un codi \u201cde bandera blanca\u201d que pot ser:<br>\u201cPausa t\u00e8cnica: ens donarem uns minuts i despr\u00e9s, juntes, busquem maneres d&#8217;arribar a un acord\u201d; \u201cara no \u00e9s bon moment, ho parlem despr\u00e9s quan estiguem m\u00e9s tranquil\u00b7les\u201d.<\/li>\n\n\n\n<li><strong><strong>Sinceritat: comparteix el que et passa<\/strong><\/strong><br>A la teva filla l&#8217;ajuda saber que tu tamb\u00e9 est\u00e0s vivint canvis.<br>Per\u00f2 no fa falta que li facis un mon\u00f2leg sobre els estr\u00f2gens.<br>\u00c9s millor dir-li:<br>\u201cEstic m\u00e9s sensible aquests dies, per\u00f2 no \u00e9s per tu. Si em notes rara, o vols parlar de qualsevol cosa que et preocupi, digues-m&#8217;ho i busquem un moment\u201d.<br>Aquest missatge obre portes, en comptes de tancar-les.<\/li>\n\n\n\n<li><strong><strong>Humor: crea complicitat i dona la volta a la situaci\u00f3<\/strong><\/strong><br>L&#8217;adolesc\u00e8ncia i la perimenopausa tenen alguna cosa en com\u00fa: si no rius, plores.<br>Fes bromes sobre els teus lapsus de mem\u00f2ria, els seus canvis d&#8217;humor i el fet que en alguns moments la situaci\u00f3 sigui surrealista. L&#8217;humor desactiva tensions i crea complicitat.<\/li>\n\n\n\n<li><strong><strong>Intenta estar disponible<\/strong><\/strong><br>La teva filla no necessita una mare zen. Necessita una persona que l&#8217;escolti, que reconegui quan s&#8217;equivoca i que sap demanar perd\u00f3, si \u00e9s necessari.<br>I tu tampoc necessites una filla \u201cideal\u201d: nom\u00e9s una que s\u00e0piga que pot comptar amb tu, que sigui sincera i que tamb\u00e9 accepti que pot equivocar-se.<\/li>\n\n\n\n<li><strong><strong>Busqueu moments de connexi\u00f3 que no depenguin de l&#8217;estat hormonal<\/strong><\/strong><br>Una s\u00e8rie que us agradi a les dues, preparar una mica juntes, un desdejuni tranquil el cap de setmana\u2026 Petits rituals que no exigeixen energia emocional, per\u00f2 que reforcen el vincle.<\/li>\n\n\n\n<li><strong><strong>Cuida la teva salut mental i f\u00edsica<\/strong><\/strong><br>No \u00e9s egoisme, \u00e9s necessari. Per poder ajudar a les altres persones, primer has de cuidar-te a tu mateixa. Per aix\u00f2 \u00e9s fonamental dormir, mantenir-te activa f\u00edsicament, menjar b\u00e9, demanar ajuda si la necessites. No \u00e9s un luxe.<br>\u00c9s el que et permet tenir paci\u00e8ncia quan ella dona un cop de porta a la porta per tercera vegada en una hora.<\/li>\n\n\n\n<li><strong><strong>Recorda: aquesta etapa passa. I sol unir m\u00e9s del que separa<\/strong><\/strong><br>L&#8217;adolesc\u00e8ncia no dura per sempre.<br>La perimenopausa tampoc.<br>Per\u00f2 la relaci\u00f3 mare-filla s\u00ed.<br>I quan ambdues sortiu d&#8217;aquesta etapa, us sorprendr\u00e0 com us ha ajudat a cr\u00e9ixer juntes.<\/li>\n<\/ul>\n\n\n\n<div style=\"width: 100%; text-align: center; margin: 40px 0px 0px 0px; padding: 14px 12px 5px 19px; border: 2px solid #dd959c; border-radius:10px 10px;\">\n    <h3 class=\"wp-block-heading\" style=\"text-align: left;\">Atenci\u00f3 integral en la perimenopausa, la menopausa i la postmenopausa<\/h3>\n    <p style=\"margin:10px 0px; text-align: left;\"><strong>Dexeus Dona<\/strong> ha posat en marxa recentment un <strong>programa pioner<\/strong> per abordar de manera preco\u00e7 i proactiva els primers s\u00edmptomes de la menopausa. Es tracta d&#8217;un q\u00fcestionari molt senzill que es realitza a partir dels 45 anys a totes les dones que realitzen la seva revisi\u00f3 ginecol\u00f2gica de control anual. L&#8217;objectiu \u00e9s oferir informaci\u00f3, consells i atenci\u00f3 especialitzada, si es necessita, per a evitar que aquests s\u00edmptomes s&#8217;agreugin o tinguin un impacte negatiu en el dia a dia, aix\u00ed com promoure en la dona una actitud proactiva en la cura de la seva salut, i prevenir la medicalitzaci\u00f3 innecess\u00e0ria.<\/p>\n    <p style=\"margin:10px 0px; text-align: left;\">La iniciativa suposa un <strong>canvi de model<\/strong> en l&#8217;assist\u00e8ncia que actualment s&#8217;ofereix, de manera general, a les dones d&#8217;entre 45-50 anys, que resulta molt \u00fatil per a millorar la informaci\u00f3 i introduir canvis positius en l&#8217;estil de vida, ja que moltes de les pacients que comencen a patir s\u00edmptomes relacionats amb el descens hormonal a edats primerenques no s\u00f3n conscients que aquests poden ser l&#8217;inici de la transici\u00f3 cap a la menopausa. En aquesta l\u00ednia tamb\u00e9 s&#8217;ofereix un <a href=\"https:\/\/cat.dexeus.com\/assessorament-menopausa\" target=\"_blank\" style=\"text-decoration:underline;\" rel=\"noopener\">servei gratu\u00eft de coaching especialitzat<\/a> que duu a terme una infermera experta en menopausa per a determinar en quin moment es troba la pacient en relaci\u00f3 a la menopausa, valorar la simptomatologia, tant si \u00e9s abans, durant o despr\u00e9s de la menopausa i assessor\u00e9s sobre quin especialista \u00e9s el m\u00e9s indicat per a tractar els problemes associats.<\/p>\n    <p style=\"margin:10px 0px; text-align: left;\">D&#8217;altra banda, fa un any que Dexeus Dona va inaugurar a Barcelona un <strong>nou centre dedicat de manera espec\u00edfica a oferir atenci\u00f3 integral a la menopausa<\/strong>. S\u2019anomena <a href=\"https:\/\/www.dexeus.com\/midlife\/ca\/\" target=\"_blank\" style=\"text-decoration:underline;\" rel=\"noopener\">Midlife<\/a> i compta amb un equip m\u00e8dic i expert de professionals (ginec\u00f2legs, fisioterapeutes, experts en sexualitat, psic\u00f2legs, especialistes en trastorns del son, problemes de mem\u00f2ria i deterioraci\u00f3 cognitiva, entre altres) per a poder abordar i oferir solucions als s\u00edmptomes que comporta la perimenopausa i la menopausa i millorar el benestar i la qualitat de vida de les dones.<\/p>\n<\/div>\n","protected":false},"excerpt":{"rendered":"<p>Com fer front a la situaci\u00f3, juntes, sense perdre la paci\u00e8ncia ni el bon humor Si tens entre 45 i 50 anys i una filla que t\u00e9 entre 12 i 16 anys, BINGO! T&#8217;ha tocat viure una de les experi\u00e8ncies m\u00e9s intenses que ofereix la biologia humana. El motiu \u00e9s ben evident: durant els anys [&hellip;]<\/p>\n","protected":false},"author":1,"featured_media":648650,"comment_status":"closed","ping_status":"open","sticky":true,"template":"","format":"standard","meta":{"footnotes":""},"categories":[4392],"tags":[3553,3540,4921,4080,4573,5714],"_links":{"self":[{"href":"https:\/\/www.dexeus.com\/blog\/ca\/wp-json\/wp\/v2\/posts\/648657"}],"collection":[{"href":"https:\/\/www.dexeus.com\/blog\/ca\/wp-json\/wp\/v2\/posts"}],"about":[{"href":"https:\/\/www.dexeus.com\/blog\/ca\/wp-json\/wp\/v2\/types\/post"}],"author":[{"embeddable":true,"href":"https:\/\/www.dexeus.com\/blog\/ca\/wp-json\/wp\/v2\/users\/1"}],"replies":[{"embeddable":true,"href":"https:\/\/www.dexeus.com\/blog\/ca\/wp-json\/wp\/v2\/comments?post=648657"}],"version-history":[{"count":3,"href":"https:\/\/www.dexeus.com\/blog\/ca\/wp-json\/wp\/v2\/posts\/648657\/revisions"}],"predecessor-version":[{"id":648661,"href":"https:\/\/www.dexeus.com\/blog\/ca\/wp-json\/wp\/v2\/posts\/648657\/revisions\/648661"}],"wp:featuredmedia":[{"embeddable":true,"href":"https:\/\/www.dexeus.com\/blog\/ca\/wp-json\/wp\/v2\/media\/648650"}],"wp:attachment":[{"href":"https:\/\/www.dexeus.com\/blog\/ca\/wp-json\/wp\/v2\/media?parent=648657"}],"wp:term":[{"taxonomy":"category","embeddable":true,"href":"https:\/\/www.dexeus.com\/blog\/ca\/wp-json\/wp\/v2\/categories?post=648657"},{"taxonomy":"post_tag","embeddable":true,"href":"https:\/\/www.dexeus.com\/blog\/ca\/wp-json\/wp\/v2\/tags?post=648657"}],"curies":[{"name":"wp","href":"https:\/\/api.w.org\/{rel}","templated":true}]}}