{"id":4237,"date":"2017-04-05T07:30:32","date_gmt":"2017-04-05T05:30:32","guid":{"rendered":"https:\/\/www.dexeus.com\/blog\/actualidad-de\/ovaires-polykystiques\/"},"modified":"2019-04-05T13:03:58","modified_gmt":"2019-04-05T11:03:58","slug":"polyzystische-ovarialsyndrom","status":"publish","type":"post","link":"https:\/\/www.dexeus.com\/blog\/de\/gute-gewohnheiten\/polyzystische-ovarialsyndrom\/","title":{"rendered":"Was wissen Sie \u00fcber das polyzystische Ovarialsyndrom?"},"content":{"rendered":"<p>Generell besteht eine gewisse Verunsicherung zu diesem Thema. Zun\u00e4chst scheint der Name auf das Vorliegen mehrerer Zysten im Eierstock hinzudeuten. Dabei handelt es sich jedoch\u00a0<strong>nicht um Zysten<\/strong>, sondern Follikel, d. h. Eizellen im Entwicklungsstadium. Au\u00dferdem ist der Begriff sehr gebr\u00e4uchlich, weil bei vielen jungen M\u00e4dchen\u00a0<strong>Eizellen mit \u201epolyzystischem Aussehen\u201d<\/strong>\u00a0vorliegen, die eine normale Funktion aufweisen. Das liegt daran, dass ihre Eierst\u00f6cke noch nicht vollst\u00e4ndig ausgereift sind. Daher verschwindet das Problem in diesen F\u00e4llen im Laufe der Zeit. Unter \u201epolyzystischem Ovarialsyndrom\u201d versteht man eine endokrine St\u00f6rung, die viel komplexer ist und der ein hormonelles Ungleichgewicht zugrunde liegt. Wenn Sie mehr erfahren wollen, lesen Sie diesen Blog.<\/p>\n<ul>\n<li><span class=\"texto-base\"><strong>Wo liegt die Ursache?<\/strong><\/span><br \/>\n<span class=\"texto-base\">Das wei\u00df man nicht genau, man geht jedoch von mehreren Faktoren aus.<\/span><\/li>\n<li><span class=\"texto-base\"><strong>Kann eine unregelm\u00e4\u00dfige Periode ein Symptom sein?<\/strong><\/span><br \/>\n<span class=\"texto-base\">Ja, aber um die Diagnose zu best\u00e4tigen, m\u00fcssen mindestens zwei von drei Voraussetzungen erf\u00fcllt sein: unregelm\u00e4\u00dfige Monatsblutungen, ein erh\u00f6hter Anteil an m\u00e4nnlichen Hormonen (Androgenen) und polyzystische Ovarien.<\/span><\/li>\n<li><span class=\"texto-base\"><strong>Kann es die Fruchtbarkeit beeintr\u00e4chtigen?<\/strong><\/span><br \/>\n<span class=\"texto-base\">Ja, weil ein normaler Eisprung erschwert wird.<\/span><\/li>\n<li><span class=\"texto-base\"><strong>Haben betroffene Frauen m\u00e4nnliche Wesensz\u00fcge?<\/strong><\/span><br \/>\n<span class=\"texto-base\">Nicht alle. Aber die Tatsache, dass ein erh\u00f6hter Anteil an m\u00e4nnlichen Hormonen vorliegt, kann zu vermehrter K\u00f6rperbehaarung an bestimmten K\u00f6rperstellen, Akne oder Haarausfall f\u00fchren.<\/span><\/li>\n<li><span class=\"texto-base\"><strong>Stimmt es, dass man zunehmen k\u00f6nnte?<\/strong><\/span><br \/>\n<span class=\"texto-base\">Ja, weil dies auf genetischer Ebene Unregelm\u00e4\u00dfigkeiten mit sich bringt, die dieses Problem beg\u00fcnstigen, wie auch die Wahrscheinlichkeit, an Diabetes zu erkranken.<\/span><\/li>\n<li><span class=\"texto-base\"><strong>L\u00e4sst es sich mit hormonellen Verh\u00fctungsmitteln behandeln?<\/strong><\/span><br \/>\n<span class=\"texto-base\">Ja, allerdings nicht heilen. Die Hormonbehandlung hebt lediglich die Aktivit\u00e4t der Eierst\u00f6cke auf, woraufhin die Symptome verschwinden.<\/span><\/li>\n<li><span class=\"texto-base\"><strong>Kann es durch die Geburt eines Kindes verschwinden?<\/strong><\/span><br \/>\n<span class=\"texto-base\">Nein, die Symptome k\u00f6nnen jedoch durch die hormonellen Ver\u00e4nderungen w\u00e4hrend der Schwangerschaft und durch die Geburt gelindert werden.<\/span><\/li>\n<li><span class=\"texto-base\"><strong>Wenn ich ein Baby m\u00f6chte, sollte ich dann einige Monate nach Absetzen der Hormonbehandlung warten, bevor ich es versuche?<\/strong><\/span><br \/>\n<span class=\"texto-base\">Nein, am besten beginnen Sie sofort, da Ihr Fortpflanzungssystem nach der Hormonbehandlung am besten reguliert ist.<\/span><\/li>\n<li><span class=\"texto-base\"><strong>Muss man vermehrt auf die Ern\u00e4hrung achten?<\/strong><\/span><br \/>\n<span class=\"texto-base\">Ja, es empfiehlt sich eine proteinreiche, pflanzliche Ern\u00e4hrung sowie der Verzicht auf Kohlenhydrate und Zucker. Wenden Sie sich an einen Facharzt f\u00fcr Endokrinologie und einen Ern\u00e4hrungsberater.<\/span><\/li>\n<\/ul>\n","protected":false},"excerpt":{"rendered":"<p>Seguro que has o\u00eddo hablar de este problema. Pero es probable que no sepas muy bien de qu\u00e9 se trata o qu\u00e9 medidas hay que tomar. No eres la \u00fanica, ya que existe una cierta confusi\u00f3n sobre este tema. En este post, te explicamos algunas dudas frecuentes y te ofrecemos algunos consejos, pero lo mejor es que consultes el tema con tu ginec\u00f3logo.<\/p>\n","protected":false},"author":1,"featured_media":4238,"comment_status":"open","ping_status":"open","sticky":false,"template":"","format":"standard","meta":{"footnotes":""},"categories":[1132],"tags":[1274,1277,1278,1275,1276,1197],"_links":{"self":[{"href":"https:\/\/www.dexeus.com\/blog\/de\/wp-json\/wp\/v2\/posts\/4237"}],"collection":[{"href":"https:\/\/www.dexeus.com\/blog\/de\/wp-json\/wp\/v2\/posts"}],"about":[{"href":"https:\/\/www.dexeus.com\/blog\/de\/wp-json\/wp\/v2\/types\/post"}],"author":[{"embeddable":true,"href":"https:\/\/www.dexeus.com\/blog\/de\/wp-json\/wp\/v2\/users\/1"}],"replies":[{"embeddable":true,"href":"https:\/\/www.dexeus.com\/blog\/de\/wp-json\/wp\/v2\/comments?post=4237"}],"version-history":[{"count":2,"href":"https:\/\/www.dexeus.com\/blog\/de\/wp-json\/wp\/v2\/posts\/4237\/revisions"}],"predecessor-version":[{"id":4240,"href":"https:\/\/www.dexeus.com\/blog\/de\/wp-json\/wp\/v2\/posts\/4237\/revisions\/4240"}],"wp:featuredmedia":[{"embeddable":true,"href":"https:\/\/www.dexeus.com\/blog\/de\/wp-json\/wp\/v2\/media\/4238"}],"wp:attachment":[{"href":"https:\/\/www.dexeus.com\/blog\/de\/wp-json\/wp\/v2\/media?parent=4237"}],"wp:term":[{"taxonomy":"category","embeddable":true,"href":"https:\/\/www.dexeus.com\/blog\/de\/wp-json\/wp\/v2\/categories?post=4237"},{"taxonomy":"post_tag","embeddable":true,"href":"https:\/\/www.dexeus.com\/blog\/de\/wp-json\/wp\/v2\/tags?post=4237"}],"curies":[{"name":"wp","href":"https:\/\/api.w.org\/{rel}","templated":true}]}}