{"id":3686,"date":"2019-01-16T08:00:55","date_gmt":"2019-01-16T06:00:55","guid":{"rendered":"https:\/\/www.dexeus.com\/blog\/actualite\/y-si-no-puedo-tener-hijos-con-mis-propios-ovulos\/"},"modified":"2019-02-18T14:49:39","modified_gmt":"2019-02-18T12:49:39","slug":"que-faire-si-je-ne-peux-pas-avoir-enfant-avec-mes-propres-ovocytes","status":"publish","type":"post","link":"https:\/\/www.dexeus.com\/blog\/fr\/fertilite\/que-faire-si-je-ne-peux-pas-avoir-enfant-avec-mes-propres-ovocytes\/","title":{"rendered":"Que faire si je ne peux pas avoir d\u2019enfant avec mes propres ovocytes ?"},"content":{"rendered":"<p>Il est parfaitement normal de se poser des questions. En outre, elles s\u2019accompagnent souvent d\u2019\u00e9motions : tristesse, frustration, d\u00e9ni, sentiment de culpabilit\u00e9, peur, d\u00e9ception, incertitude\u2026 Que vous d\u00e9cidiez de continuer ou non, vous devez prendre le temps de r\u00e9fl\u00e9chir et de vous pr\u00e9parer \u00e9motionnellement, car renoncer \u00e0 avoir un enfant biologique repr\u00e9sente une perte. On appelle d\u2019ailleurs ce processus le \u00ab deuil de la fertilit\u00e9 \u00bb.<\/p>\n<p>Dans cet article,\u00a0<a class=\"enlaces-rosa\" title=\"Sandra Garc\u00eda Lumbreras\" href=\"http:\/\/fr.dexeus.com\/connaitre-dexeus\/personnel-medical\/sandra-garcia-lumbreras\">Sandra Garc\u00eda Lumbreras<\/a>, responsable de l\u2019unit\u00e9 de psychologie de Dexeus Mujer, nous donne quelques conseils :<\/p>\n<ol start=\"1\">\n<li><strong>Tout ne se limite pas \u00e0 la g\u00e9n\u00e9tique.<\/strong>\u00a0Plusieurs \u00e9tudes montrent que le milieu dans lequel l\u2019enfant se d\u00e9veloppe, ainsi que ses exp\u00e9riences, influent sur l\u2019expression de ses g\u00e8nes. De plus, l\u2019amour qu\u2019il re\u00e7oit, l\u2019\u00e9ducation, les croyances et les valeurs qui lui sont transmises d\u00e9terminent \u00e9galement sa personnalit\u00e9.<\/li>\n<li><strong>Ne retardez pas trop votre d\u00e9cision.<\/strong>\u00a0Il est important d\u2019\u00e9tablir, avec votre compagne ou compagnon, un d\u00e9lai pour d\u00e9cider si vous souhaitez poursuivre ou non la proc\u00e9dure de don d\u2019ovocytes. Un d\u00e9lai de trois \u00e0 quatre mois est en g\u00e9n\u00e9ral consid\u00e9r\u00e9 comme une p\u00e9riode suffisante pour faire son deuil et prendre une d\u00e9cision. Prolonger la situation d\u2019ind\u00e9cision peut accro\u00eetre l\u2019anxi\u00e9t\u00e9, l\u2019\u00e9puisement \u00e9motionnel et d\u00e9t\u00e9riorer votre relation de couple.<\/li>\n<li><strong>Se faire du souci est bon signe.<\/strong>\u00a0Demander un soutien psychologique d\u00e9montre que votre relation avec votre futur enfant vous importe vraiment. Il ne s\u2019agit pas de l\u2019expression d\u2019une ins\u00e9curit\u00e9 par rapport \u00e0 la d\u00e9cision de devenir m\u00e8re, cela traduit au contraire une maturit\u00e9 \u00e9motionnelle.<\/li>\n<li><strong>Votre estime de soi ne doit pas en \u00eatre affect\u00e9e.<\/strong>\u00a0Le fait de ne pas pouvoir avoir d\u2019enfant biologique ne signifie pas que vous ne pourrez pas \u00eatre une bonne m\u00e8re ou un bon p\u00e8re, cela ne doit donc pas affecter votre estime de soi.<\/li>\n<li><strong>Une d\u00e9cision partag\u00e9e.<\/strong>\u00a0Si vous vivez en couple, vous devez aborder ensemble la question du don d\u2019ovocytes et prendre votre d\u00e9cision d\u2019un commun accord.<\/li>\n<li><strong>Faut-il le dire \u00e0 l\u2019enfant ? Et aux familles ? \u00c0 quel moment ?<\/strong>\u00a0\u00c0 l\u2019enfant, certainement. Le moment d\u00e9pendra de son \u00e2ge et de sa maturit\u00e9. Si vous voyez que votre enfant commence \u00e0 se demander d\u2019o\u00f9 viennent les b\u00e9b\u00e9s, cela pourrait \u00eatre le moment opportun. En ce qui concerne les familles, partager cette information peut s\u2019av\u00e9rer positif, du moins avec les personnes les plus proches, pour recevoir leur soutien et vous sentir accompagn\u00e9s.<\/li>\n<\/ol>\n","protected":false},"excerpt":{"rendered":"<p>Il est parfaitement normal de se poser des questions. En outre, elles s\u2019accompagnent souvent d\u2019\u00e9motions : tristesse, frustration, d\u00e9ni, sentiment de culpabilit\u00e9, peur, d\u00e9ception, incertitude\u2026 Que vous d\u00e9cidiez de continuer ou non, vous devez prendre le temps de r\u00e9fl\u00e9chir et de vous pr\u00e9parer \u00e9motionnellement, car renoncer \u00e0 avoir un enfant biologique repr\u00e9sente une perte. On [&hellip;]<\/p>\n","protected":false},"author":1,"featured_media":3516,"comment_status":"open","ping_status":"open","sticky":false,"template":"","format":"standard","meta":{"footnotes":""},"categories":[534,574],"tags":[763,764,761],"_links":{"self":[{"href":"https:\/\/www.dexeus.com\/blog\/fr\/wp-json\/wp\/v2\/posts\/3686"}],"collection":[{"href":"https:\/\/www.dexeus.com\/blog\/fr\/wp-json\/wp\/v2\/posts"}],"about":[{"href":"https:\/\/www.dexeus.com\/blog\/fr\/wp-json\/wp\/v2\/types\/post"}],"author":[{"embeddable":true,"href":"https:\/\/www.dexeus.com\/blog\/fr\/wp-json\/wp\/v2\/users\/1"}],"replies":[{"embeddable":true,"href":"https:\/\/www.dexeus.com\/blog\/fr\/wp-json\/wp\/v2\/comments?post=3686"}],"version-history":[{"count":2,"href":"https:\/\/www.dexeus.com\/blog\/fr\/wp-json\/wp\/v2\/posts\/3686\/revisions"}],"predecessor-version":[{"id":3688,"href":"https:\/\/www.dexeus.com\/blog\/fr\/wp-json\/wp\/v2\/posts\/3686\/revisions\/3688"}],"wp:featuredmedia":[{"embeddable":true,"href":"https:\/\/www.dexeus.com\/blog\/fr\/wp-json\/wp\/v2\/media\/3516"}],"wp:attachment":[{"href":"https:\/\/www.dexeus.com\/blog\/fr\/wp-json\/wp\/v2\/media?parent=3686"}],"wp:term":[{"taxonomy":"category","embeddable":true,"href":"https:\/\/www.dexeus.com\/blog\/fr\/wp-json\/wp\/v2\/categories?post=3686"},{"taxonomy":"post_tag","embeddable":true,"href":"https:\/\/www.dexeus.com\/blog\/fr\/wp-json\/wp\/v2\/tags?post=3686"}],"curies":[{"name":"wp","href":"https:\/\/api.w.org\/{rel}","templated":true}]}}