{"id":3663,"date":"2019-02-20T08:00:11","date_gmt":"2019-02-20T06:00:11","guid":{"rendered":"https:\/\/www.dexeus.com\/blog\/?p=3663"},"modified":"2019-02-20T14:35:44","modified_gmt":"2019-02-20T12:35:44","slug":"correr-por-una-buena-causa","status":"publish","type":"post","link":"https:\/\/www.dexeus.com\/blog\/actualidad\/correr-por-una-buena-causa\/","title":{"rendered":"Correr por una buena causa"},"content":{"rendered":"<p><strong>\u00bfQuieres apoyar a nuestros <em>runners <\/em>solidarios?<\/strong><\/p>\n<p>Se llaman <strong>Yeli<\/strong>, <strong>Marc<\/strong> y <strong>Sof\u00eda<\/strong>. Tienen 47, 32 y 28 a\u00f1os. Yeli es doctora, y est\u00e1 especializada en Medicina fetal, Marc inform\u00e1tico y Sof\u00eda ha acabado la carrera de Medicina y est\u00e1 cursando el MIR. Los tres forman parte del equipo de Dexeus Mujer y hasta hace poco ni siquiera se conoc\u00edan. Aparentemente no tienen nada en com\u00fan, excepto su afici\u00f3n al <em>running. <\/em>Pero este a\u00f1o han decidido correr la 41\u00aa edici\u00f3n de la Marat\u00f3n de Barcelona por una buena causa: recaudar fondos para la asociaci\u00f3n <a href=\"https:\/\/pequitos.es\/\">Pequitos<\/a>, una ONG dedicada a ayudar a ni\u00f1os con necesidades especiales.<\/p>\n<p>Para conseguirlo, han creado un reto en la plataforma de crowdfunding <strong>migranodearena.org<\/strong> y aseguran que est\u00e1n dispuestos \u201ca darlo todo\u201d, ya que la causa lo merece. Por ello, llevan varios meses entrenando una media de ocho a diez horas semanales y sacando horas de donde no las hay, ya que correr 42 km supone un gran esfuerzo f\u00edsico y mental.<\/p>\n<p><em>\u00a0\u201cPor mucho que te guste correr y lleves a\u00f1os haci\u00e9ndolo, 42 km es una distancia que nadie hace habitualmente <\/em>\u2013explica<strong> Marc<\/strong>\u2013, y <em>a los 30 km se produce un efecto que llamamos el muro, que es un punto de inflexi\u00f3n en el que el cuerpo te avisa de que est\u00e1s llegando al l\u00edmite, y superar esa barrera no es f\u00e1cil<\/em>. <em>Yo empec\u00e9 a correr porque me apunt\u00e9 a un equipo de futbol y \u00a1no aguantaba nada! As\u00ed que vi que necesitaba hacer ejercicio, y correr era c\u00f3modo, pod\u00eda hacerlo a cualquier hora y a mi aire. Y ya no pude dejarlo\u2026Creo que tiene algo adictivo\u201d, <\/em>bromea.<em>\u00a0\u00a0 <\/em><\/p>\n<p>\u201c<em>Yo empec\u00e9 a los 39 o 40, por mantenerme en forma, sin aspiraciones de ning\u00fan tipo<\/em> \u2013explica <strong>Yeli<\/strong>\u2013. <em>Y s\u00ed, tiene algo adictivo, porque te hace sentir bien y aunque est\u00e9s hecha polvo, tienes m\u00e1s energ\u00eda.<\/em> He corrido la Marat\u00f3n de Barcelona tres veces. <em>La primera acab\u00e9 muy mal, la verdad. porque no estaba preparada. Pero la segunda y la tercera aguant\u00e9 bien, y esta cuarta tambi\u00e9n voy a disfrutarla. El tema log\u00edstico y familiar lo tengo organizado, ya que salgo a correr al mediod\u00eda, el fin de semana, o por la noche, cuando mis hijos ya han cenado. Y en cuanto encuentro un hueco, aprovecho para correr, ya que siempre llevo la bolsa de deporte encima\u201d.<\/em><\/p>\n<p>Para <strong>Sof\u00eda<\/strong>, correr la Marat\u00f3n no es una novedad<em>: \u201cla hice hace unos a\u00f1os y saqu\u00e9 un buen tiempo. Ahora entre semana casi no puedo entrenar, as\u00ed que me empleo a fondo los fines de semana. Llevo haciendo deporte toda la vida, y durante diez a\u00f1os jugu\u00e9 en un equipo de baloncesto federado\u2026<\/em> Pero participar por Pequitos en la Marat\u00f3n de este a\u00f1o es una gran responsabilidad<em>\u2026 \u00a1Espero estar a la altura! \u201c<\/em><\/p>\n<p>\u00bf<strong>Qu\u00e9 c\u00f3mo empez\u00f3 todo<\/strong>? o \u00bf<strong>por qu\u00e9 se han embarcado en esta aventura<\/strong>? La iniciativa arranca de Yeli, que descubri\u00f3 a la Asociaci\u00f3n Pequitos a trav\u00e9s de la escuela a la que van sus hijos, donde conoci\u00f3 a Rebeca Linares, fundadora de esta asociaci\u00f3n y madre de un beb\u00e9 prematuro que sufri\u00f3 una lesi\u00f3n cerebral y ahora tiene 12 a\u00f1os. <em>\u201cMi hijo Marc naci\u00f3 antes de las 29 semanas de embarazo <\/em>\u2013explica Rebeca\u2013 <em>nos dijeron que hab\u00eda sufrido da\u00f1o neurol\u00f3gico, y que no sab\u00edan c\u00f3mo iba a evolucionar. Nos indicaron que probablemente no podr\u00eda caminar y que necesitar\u00eda una educaci\u00f3n especial. Pero nadie nos explic\u00f3 qu\u00e9 pod\u00edamos hacer para ayudarle. Exist\u00edan centros de fisioterapia o logopedia y Servicios de atenci\u00f3n precoz en algunos hospitales, aunque solo hasta los 5 a\u00f1os. Pero no un centro que ofreciera un plan de estimulaci\u00f3n integral a nivel cl\u00ednico y educativo. As\u00ed que decidimos crear la asociaci\u00f3n para ponerlo en marcha y ayudar a otras familias que se encontraran en una situaci\u00f3n parecida \u00a1que son muchas! <\/em><\/p>\n<p>Actualmente se calcula que en Espa\u00f1a hay 490.000 familias que tienen hijos con necesidades especiales, y solo en Barcelona y provincia 54.000. Pequitos ofrece intervenciones educativas dirigidas a ni\u00f1os que presentan dificultades de aprendizaje y trastornos de lenguaje, psicol\u00f3gicos, de conducta o emocionales, a causa de lesiones cerebrales, trastornos del espectro autista (TEA), enfermedades raras o hiperactividad (TDAH). Su objetivo es conseguir que estos ni\u00f1os mejoren sus capacidades y puedan ganar autonom\u00eda, as\u00ed como facilitar su interacci\u00f3n e integraci\u00f3n social. Recibir este tipo de servicios de ayuda especializada supone un coste elevado para muchas familias, adem\u00e1s de tener que desplazarse a diversos centros y perder muchas horas de escuela o restarlas del horario laboral. Y la mayor\u00eda no tienen los recursos necesarios para afrontar su coste. Por ello, Pequitos ha creado el <a href=\"https:\/\/pequitos.es\/2018\/03\/26\/theraschool-y-logopedia-una-intervencion-mas-cercana\/\"><strong>proyecto Theraschool<\/strong><\/a> que facilita que los ni\u00f1os que lo necesiten puedan realizarlas de forma gratuita en las escuelas fuera del horario lectivo.<\/p>\n<p>El objetivo de nuestros tres <strong><em>runners solidarios <\/em><\/strong>es obtener fondos para este proyecto, de forma que muchos m\u00e1s ni\u00f1os y sus familias puedan beneficiarse de la ayuda de Pequitos y realizar estas terapias de forma gratuita en la escuela. Las ventajas son muchas, ya que adem\u00e1s de facilitar la conciliaci\u00f3n laboral y familiar, la asociaci\u00f3n asegura que en los dos a\u00f1os de tratamiento en los que se ha hecho el seguimiento del proyecto (2015-2017), un 89% de los ni\u00f1os que han recibido esta ayuda han presentado mejoras a nivel psicol\u00f3gico y un 56% en logopedia, y un 77% de los m\u00e9dicos de referencia de estos ni\u00f1os y m\u00e1s del 60% de las escuelas que han participado han confirmado a las familias que esta terapia ha sido \u00fatil para su progreso.<\/p>\n<p>El reto de correr la Marat\u00f3n por Pequitos lo ha impulsado la propia asociaci\u00f3n, que, en esta edici\u00f3n, y adem\u00e1s de Yeli, Marc y Sof\u00eda, cuenta con el respaldo de otros 12 corredores.<\/p>\n<p>Si quieres sumarte a la iniciativa y apoyar a nuestros <em>runners,<\/em> puedes hacer tu donaci\u00f3n a trav\u00e9s de la plataforma <strong>migranodearena.org<\/strong> (tienes el link de cada reto en sus fotos).<\/p>\n<div id=\"attachment_3767\" style=\"width: 206px\" class=\"wp-caption alignleft\"><a href=\"https:\/\/www.migranodearena.org\/reto\/19526\/mi-inspiracion-los-ninos-que-necesitan-de-la-terapia-en-la-escuela\" target=\"_blank\" rel=\"noopener\"><img loading=\"lazy\" decoding=\"async\" aria-describedby=\"caption-attachment-3767\" class=\"wp-image-3767 size-full\" title=\"Yeli Rodr\u00edguez\" src=\"https:\/\/www.dexeus.com\/blog\/wp-content\/uploads\/2019\/02\/Yeli.jpg\" alt=\"\" width=\"196\" height=\"172\" \/><\/a><p id=\"caption-attachment-3767\" class=\"wp-caption-text\"><a href=\"https:\/\/www.migranodearena.org\/reto\/19526\/mi-inspiracion-los-ninos-que-necesitan-de-la-terapia-en-la-escuela\" target=\"_blank\" rel=\"noopener\">Yeli Rodr\u00edguez<\/a><\/p><\/div>\n<div id=\"attachment_3771\" style=\"width: 206px\" class=\"wp-caption alignleft\"><a href=\"https:\/\/www.migranodearena.org\/reto\/19644\/la-informatica-y-el-deporte-se-unen-para-ayudar-a-los-ninos-de-pequitos\" target=\"_blank\" rel=\"noopener\"><img loading=\"lazy\" decoding=\"async\" aria-describedby=\"caption-attachment-3771\" class=\"wp-image-3771 size-full\" title=\"\u00a0Marc Mart\u00ednez\u00a0\" src=\"https:\/\/www.dexeus.com\/blog\/wp-content\/uploads\/2019\/02\/Marc-Mart\u00ednez.jpg\" alt=\"\u00a0Marc Mart\u00ednez\u00a0\" width=\"196\" height=\"172\" \/><\/a><p id=\"caption-attachment-3771\" class=\"wp-caption-text\"><a href=\"https:\/\/www.migranodearena.org\/reto\/19644\/la-informatica-y-el-deporte-se-unen-para-ayudar-a-los-ninos-de-pequitos\" target=\"_blank\" rel=\"noopener\">Marc Mart\u00ednez<\/a><\/p><\/div>\n<div id=\"attachment_3763\" style=\"width: 206px\" class=\"wp-caption alignleft\"><a href=\"https:\/\/www.migranodearena.org\/reto\/19534\/mi-maraton-por-la-terapia-en-la-escuela-para-ninos-con-necesidades-especiales\" target=\"_blank\" rel=\"noopener\"><img loading=\"lazy\" decoding=\"async\" aria-describedby=\"caption-attachment-3763\" class=\"wp-image-3763 size-full\" title=\"Sof\u00eda Gaggiotti\" src=\"https:\/\/www.dexeus.com\/blog\/wp-content\/uploads\/2019\/02\/Sofia-Gaggiotti.jpg\" alt=\"Sof\u00eda Gaggiotti\" width=\"196\" height=\"172\" \/><\/a><p id=\"caption-attachment-3763\" class=\"wp-caption-text\"><a href=\"https:\/\/www.migranodearena.org\/reto\/19534\/mi-maraton-por-la-terapia-en-la-escuela-para-ninos-con-necesidades-especiales\" target=\"_blank\" rel=\"noopener\">Sof\u00eda Gaggiotti<\/a><\/p><\/div>\n<p>&nbsp;<\/p>\n<p>&nbsp;<\/p>\n<p>&nbsp;<\/p>\n<p>&nbsp;<\/p>\n<p>&nbsp;<\/p>\n<p>&nbsp;<\/p>\n<p>&nbsp;<\/p>\n<p>Recuerda que el plazo para hacer tu donaci\u00f3n se acaba el d\u00eda de la Marat\u00f3n, 10 de marzo.<\/p>\n<p><strong>\u00a1La cuenta atr\u00e1s ya ha empezado!<br \/>\n\u00bfTe apuntas a la carrera? <\/strong><\/p>\n","protected":false},"excerpt":{"rendered":"<p>\u00bfQuieres apoyar a nuestros runners solidarios? Se llaman Yeli, Marc y Sof\u00eda. Tienen 47, 32 y 28 a\u00f1os. Yeli es doctora, y est\u00e1 especializada en Medicina fetal, Marc inform\u00e1tico y Sof\u00eda ha acabado la carrera de Medicina y est\u00e1 cursando el MIR. Los tres forman parte del equipo de Dexeus Mujer y hasta hace poco [&hellip;]<\/p>\n","protected":false},"author":1,"featured_media":3673,"comment_status":"open","ping_status":"open","sticky":false,"template":"","format":"standard","meta":{"footnotes":""},"categories":[3],"tags":[],"_links":{"self":[{"href":"https:\/\/www.dexeus.com\/blog\/wp-json\/wp\/v2\/posts\/3663"}],"collection":[{"href":"https:\/\/www.dexeus.com\/blog\/wp-json\/wp\/v2\/posts"}],"about":[{"href":"https:\/\/www.dexeus.com\/blog\/wp-json\/wp\/v2\/types\/post"}],"author":[{"embeddable":true,"href":"https:\/\/www.dexeus.com\/blog\/wp-json\/wp\/v2\/users\/1"}],"replies":[{"embeddable":true,"href":"https:\/\/www.dexeus.com\/blog\/wp-json\/wp\/v2\/comments?post=3663"}],"version-history":[{"count":12,"href":"https:\/\/www.dexeus.com\/blog\/wp-json\/wp\/v2\/posts\/3663\/revisions"}],"predecessor-version":[{"id":3786,"href":"https:\/\/www.dexeus.com\/blog\/wp-json\/wp\/v2\/posts\/3663\/revisions\/3786"}],"wp:featuredmedia":[{"embeddable":true,"href":"https:\/\/www.dexeus.com\/blog\/wp-json\/wp\/v2\/media\/3673"}],"wp:attachment":[{"href":"https:\/\/www.dexeus.com\/blog\/wp-json\/wp\/v2\/media?parent=3663"}],"wp:term":[{"taxonomy":"category","embeddable":true,"href":"https:\/\/www.dexeus.com\/blog\/wp-json\/wp\/v2\/categories?post=3663"},{"taxonomy":"post_tag","embeddable":true,"href":"https:\/\/www.dexeus.com\/blog\/wp-json\/wp\/v2\/tags?post=3663"}],"curies":[{"name":"wp","href":"https:\/\/api.w.org\/{rel}","templated":true}]}}