{"id":3809,"date":"2019-03-04T08:00:14","date_gmt":"2019-03-04T06:00:14","guid":{"rendered":"https:\/\/www.dexeus.com\/blog\/?p=3809"},"modified":"2023-08-29T14:06:40","modified_gmt":"2023-08-29T12:06:40","slug":"vacuna-vph-tambien-para-chicos","status":"publish","type":"post","link":"https:\/\/www.dexeus.com\/blog\/actualidad\/vacuna-vph-tambien-para-chicos\/","title":{"rendered":"Vacuna VPH: \u00bftambi\u00e9n para chicos?"},"content":{"rendered":"<p>La mayor\u00eda de los que tenemos hijas que han cumplido los 11 o 12 a\u00f1os, o m\u00e1s mayores, sabemos que, en Catalu\u00f1a, y desde hace unos a\u00f1os, se administra la vacuna del virus del papiloma humano (VPH) a todas las ni\u00f1as de 6\u00ba de primaria para prevenir el c\u00e1ncer de cuello de \u00fatero. La vacunaci\u00f3n se hace a esta edad para protegerlas antes de que empiecen a tener relaciones sexuales, ya que el VPH es una infecci\u00f3n de transmisi\u00f3n sexual (ITS) muy frecuente. De hecho, se calcula que un 80% de las personas que mantienen relaciones sexuales se infecta de VPH alguna vez en su vida. Pero como no suele provocar s\u00edntomas, puede pasar desapercibida.<\/p>\n<p>Por suerte, el VPH desaparece de forma espont\u00e1nea en m\u00e1s de un 90% de los casos y no causa problemas de salud. Pero hay veces que persiste y puede llegar a provocar lesiones, verrugas y, si se trata de las variedades del virus m\u00e1s peligrosas, derivar en un c\u00e1ncer. Por eso es importante hacerse revisiones peri\u00f3dicas, con el fin de detectarlo de forma precoz y prevenir su desarrollo.<\/p>\n<p>Si solo tienes ni\u00f1os o hijos menores de esa edad es probable que no est\u00e9s tan informada sobre este tema, porque a ellos no se les vacuna, ya que, en general, se considera que las j\u00f3venes est\u00e1n m\u00e1s expuestas al riesgo de desarrollar un c\u00e1ncer por esta causa que los chicos y, adem\u00e1s, el hecho de que la vacunaci\u00f3n se realice de forma generalizada a las preadolescentes es una forma indirecta de prevenir que el VPH pueda extenderse.<\/p>\n<p>Sin embargo, la <strong>Asociaci\u00f3n Espa\u00f1ola de Pediatr\u00eda<\/strong> (AEP) y muchos expertos en ITS recomiendan aplicar la vacuna contra el VPH tambi\u00e9n a los <strong>chicos preadolescentes<\/strong> &#8211; <a href=\"https:\/\/vacunasaep.org\/profesionales\/calendario-de-vacunaciones-aep-2019\" target=\"_blank\" rel=\"noopener\">Calendario de vacunaciones AEP<\/a> 2019 &#8211; preferentemente antes de los 12 a\u00f1os, ya que adem\u00e1s del c\u00e1ncer de c\u00e9rvix, vulva y vagina, el VPH puede provocar c\u00e1ncer de pene, ano, boca y garganta (orofaringe). Estos \u00faltimos afectan m\u00e1s a los hombres que a las mujeres y, en los \u00faltimos a\u00f1os, han experimentado un aumento, un hecho que se atribuye, en parte, a la pr\u00e1ctica de relaciones sexuales orales sin protecci\u00f3n. De acuerdo con los datos facilitados por la <strong>Sociedad Espa\u00f1ola de Oncolog\u00eda M\u00e9dica<\/strong> (SEOM) \u2013 Informe <a href=\"https:\/\/seom.org\/ultimas-noticias\/106525-las-cifras-del-cancer-en-espana-2018\" target=\"_blank\" rel=\"noopener\">\u00abLas cifras del c\u00e1ncer en Espa\u00f1a 2018\u00bb<\/a> -, solo en el a\u00f1o 2017 se detectaron m\u00e1s de 4.300 nuevos casos de boca y cavidad oral, y 3.424 de c\u00e1ncer de laringe, frente a los 2.584 de c\u00e9rvix. Y en el Reino Unido los c\u00e1nceres de boca y orofaringe son los que est\u00e1n creciendo a una velocidad m\u00e1s r\u00e1pida.<\/p>\n<p>No siempre est\u00e1n relacionados directamente con el VPH, pero la presencia del virus del papiloma humano es un factor de riesgo, por lo que es importante tomar medidas preventivas. Sobre todo, si tenemos en cuenta que no se realizan chequeos de forma regular para detectar estos c\u00e1nceres en hombres.<\/p>\n<p>En Estados Unidos, Canad\u00e1, Israel y algunos pa\u00edses de Europa, como Italia, Noruega, Austria y el Reino Unido, hace tiempo que se ha puesto en marcha o se est\u00e1 promoviendo vacunar a la poblaci\u00f3n masculina contra el VPH de forma generalizada, ya que se considera una discriminaci\u00f3n excluirla del programa de vacunas establecido. Adem\u00e1s, el argumento de la protecci\u00f3n indirecta por la vacunaci\u00f3n femenina no es una garant\u00eda, ya que entre un 15 y un 20% de la poblaci\u00f3n femenina queda fuera de estos programas. Por tanto, el riesgo de contagio del VPH se mantiene, especialmente en los j\u00f3venes de entre 16 a 35 a\u00f1os, que son los que, adem\u00e1s, suelen cambiar de pareja sexual con mayor frecuencia. La buena noticia es que las vacunas actuales, que est\u00e1n disponibles en Espa\u00f1a, han demostrado excelentes resultados frente al VPH.<\/p>\n<p>Teniendo en cuenta que los recursos sanitarios son limitados, la decisi\u00f3n de aplicar la vacuna de forma generalizada a chicas y chicos se ha planteado tambi\u00e9n en t\u00e9rminos econ\u00f3micos, y en la relaci\u00f3n coste adicional-beneficios las cifras inclinan la balanza, con ventaja, hacia la vacunaci\u00f3n. Pero m\u00e1s all\u00e1 de los n\u00fameros, se trata de un problema de salud y de igualdad, sobre el que es importante actuar.<\/p>\n<p>Si tienes hijos y te interesa este tema, puedes pedir consejo en nuestra <a href=\"https:\/\/www.dexeus.com\/salud-varon\"><strong>Unidad de Salud del Var\u00f3n<\/strong><\/a>. &nbsp;Y si tienes dudas, \u00a1d\u00e9janos un comentario!<\/p>\n","protected":false},"excerpt":{"rendered":"<p>La mayor\u00eda de los que tenemos hijas que han cumplido los 11 o 12 a\u00f1os, o m\u00e1s mayores, sabemos que, en Catalu\u00f1a, y desde hace unos a\u00f1os, se administra la vacuna del virus del papiloma humano (VPH) a todas las ni\u00f1as de 6\u00ba de primaria para prevenir el c\u00e1ncer de cuello de \u00fatero. La vacunaci\u00f3n [&hellip;]<\/p>\n","protected":false},"author":29,"featured_media":3814,"comment_status":"closed","ping_status":"open","sticky":false,"template":"","format":"standard","meta":{"footnotes":""},"categories":[3,8],"tags":[252,520,863,30,295,862,378,294,291],"_links":{"self":[{"href":"https:\/\/www.dexeus.com\/blog\/wp-json\/wp\/v2\/posts\/3809"}],"collection":[{"href":"https:\/\/www.dexeus.com\/blog\/wp-json\/wp\/v2\/posts"}],"about":[{"href":"https:\/\/www.dexeus.com\/blog\/wp-json\/wp\/v2\/types\/post"}],"author":[{"embeddable":true,"href":"https:\/\/www.dexeus.com\/blog\/wp-json\/wp\/v2\/users\/29"}],"replies":[{"embeddable":true,"href":"https:\/\/www.dexeus.com\/blog\/wp-json\/wp\/v2\/comments?post=3809"}],"version-history":[{"count":5,"href":"https:\/\/www.dexeus.com\/blog\/wp-json\/wp\/v2\/posts\/3809\/revisions"}],"predecessor-version":[{"id":638533,"href":"https:\/\/www.dexeus.com\/blog\/wp-json\/wp\/v2\/posts\/3809\/revisions\/638533"}],"wp:featuredmedia":[{"embeddable":true,"href":"https:\/\/www.dexeus.com\/blog\/wp-json\/wp\/v2\/media\/3814"}],"wp:attachment":[{"href":"https:\/\/www.dexeus.com\/blog\/wp-json\/wp\/v2\/media?parent=3809"}],"wp:term":[{"taxonomy":"category","embeddable":true,"href":"https:\/\/www.dexeus.com\/blog\/wp-json\/wp\/v2\/categories?post=3809"},{"taxonomy":"post_tag","embeddable":true,"href":"https:\/\/www.dexeus.com\/blog\/wp-json\/wp\/v2\/tags?post=3809"}],"curies":[{"name":"wp","href":"https:\/\/api.w.org\/{rel}","templated":true}]}}