{"id":4872,"date":"2019-07-12T04:24:17","date_gmt":"2019-07-11T14:24:17","guid":{"rendered":"https:\/\/www.dexeus.com\/blog\/?p=4872"},"modified":"2019-07-12T04:24:17","modified_gmt":"2019-07-11T14:24:17","slug":"como-cuidar-del-bebe-en-los-primeros-dias","status":"publish","type":"post","link":"https:\/\/www.dexeus.com\/blog\/maternidad\/como-cuidar-del-bebe-en-los-primeros-dias\/","title":{"rendered":"C\u00f3mo cuidar del beb\u00e9 en los primeros d\u00edas"},"content":{"rendered":"<p><strong>\u00a1Ya estamos en casa!<\/strong><\/p>\n<p>En los \u00faltimos meses de embarazo, y especialmente cuando se acerca el d\u00eda del parto, estamos deseando que todo pase muy r\u00e1pido y llegue el momento feliz de estar \u00a1por fin! en casa con \u201cel polluelo en el nido\u201d. Y s\u00ed, el momento llega, pero a la felicidad se a\u00f1ade el estr\u00e9s,\u00a0porque un beb\u00e9 requiere atenci\u00f3n las 24 horas del d\u00eda, y si, adem\u00e1s, t\u00fa no descansas y no tienes experiencia, hay momentos de muchas dudas y situaciones imprevistas que pueden hacer que te sientas insegura, te pongas nerviosa o de pronto te d\u00e9 el baj\u00f3n, sobre todo durante los primeros d\u00edas.<\/p>\n<p>Es normal, ya que tanto t\u00fa como el beb\u00e9 ten\u00e9is que adaptaros a la nueva situaci\u00f3n. As\u00ed que, date tiempo. Son d\u00edas (y noches) muy largos e intensos, pero tambi\u00e9n tienen momentos incre\u00edbles, por lo que debes intentar disfrutarlos al m\u00e1ximo.<\/p>\n<p>En este post, la pediatra del Hospital Universitario Dexeus, <a href=\"https:\/\/www.quironsalud.es\/dexeus-barcelona\/es\/cuadro-medico\/matilde-vinas-vina\" target=\"_blank\" rel=\"noopener\">Mati Vi\u00f1as<\/a>, nos explica de forma muy amena y sencilla los cuidados que necesita el beb\u00e9 durante los primeros d\u00edas \u00a1as\u00ed te sentir\u00e1s un poco m\u00e1s segura y tranquila!<\/p>\n<ol>\n<li><u><\/u><strong><u>Cambio de pa\u00f1al<\/u><\/strong><strong>:<\/strong>\u00a0Si no lo has hecho nunca, puede parecer dif\u00edcil, pero enseguida se le coge el truco. Necesitar\u00e1s un cambiador (mejor que est\u00e9 plastificado, porque as\u00ed lo lavas f\u00e1cilmente si se mancha) y un mueble con cajones donde tener todo a mano:\u00a0bodies, pa\u00f1ales, toallitas o gasas con agua\u2026<\/li>\n<\/ol>\n<p style=\"padding-left: 30px;\"><strong>La maniobra es f\u00e1cil<\/strong>:\u00a0con el beb\u00e9 tumbado boca arriba lo desnudas de cintura para abajo, desabrochas las cintas de los pa\u00f1ales y retiras la parte delantera. Con una mano hay que coger las piernas del beb\u00e9 por los tobillos y levantarlas, para limpiar primero por delante y luego por detr\u00e1s con una esponja con agua, poniendo atenci\u00f3n en todos los repliegues (para eso los ni\u00f1os son m\u00e1s f\u00e1ciles que las ni\u00f1as) Pero \u00a1cuidado!, porque suelen aprovechar este momento de \u201clibertad\u201d para hacer pip\u00ed.<\/p>\n<p style=\"padding-left: 30px;\"><strong>Una vez limpio<\/strong>, s\u00e9cale bien con una toallita y coloca el pa\u00f1al limpio y abierto debajo del beb\u00e9, y abr\u00f3chaselo. Las cintas adhesivas no deben quedar sueltas, pero tampoco apretadas, comprueba que el pa\u00f1al le recoge bien las piernas para evitar \u201cescapes\u201d. El ombligo debe quedar siempre al aire y destapado. Muy importante: no le dejes nunca solo en el cambiador ni encima de la cama (ruedan y podr\u00eda caerse). Si tienes que ir a buscar algo, el beb\u00e9 se va contigo.<\/p>\n<p>&nbsp;<\/p>\n<ol start=\"2\">\n<li><strong><u>La piel del beb\u00e9<\/u><\/strong><strong>.<\/strong>\u00a0Los beb\u00e9s reci\u00e9n nacidos, en general, no necesitan cremas. Tampoco\u00a0hay que ponerles colonia, perfumes, talcos en polvo o irritantes, ni debes lavar su ropa con suavizantes. La crema para el culete\u00a0solo\u00a0debes aplicarla si tiene la piel irritada. Si se le irrita con facilidad es posible que tenga la piel muy sensible, no le pongas bien el pa\u00f1al o necesita que se lo cambies con m\u00e1s frecuencia. Si tienes dudas o no mejora, consulta a tu pediatra, para que te recomiende qu\u00e9 debes hacer.\u00a0\u00a0Algunos reci\u00e9n nacidos tienen restos de una capa de grasa protectora que se llama v\u00e9rnix caseoso. Es normal y no hay que quitarla. Se reabsorbe poco a poco.<\/li>\n<\/ol>\n<p>&nbsp;<\/p>\n<ol start=\"3\">\n<li><strong><u>El ombligo<\/u><\/strong>. Hasta no hace mucho se recomendaba utilizar alcohol para desinfectar la zona, pero se ha visto que se infectan menos y se caen antes si hacemos \u201ccura seca\u201d. Pero eso no quiere decir que no tengas que hacer nada, sino que debes asegurarte que siempre est\u00e1 seco y limpio, y que cada vez que le cambias el pa\u00f1al no se ha mojado o manchado. Si est\u00e1 limpio y seco, basta con dejarlo fuera del pa\u00f1al, y listo. Si se ha manchado, hay que lavarlo con una gasita y suero fisiol\u00f3gico, secarlo y dejarlo al aire. Cuando curamos as\u00ed los ombligos pueden quedar algo m\u00e1s blandos durante un tiempo. Lo importante es que no huela mal y que no se ponga rojo alrededor. Si eso pasa, hay que acudir de inmediato al pediatra o a urgencias para que lo valoren. El cord\u00f3n suele caer por si solo entre 7-15 d\u00edas despu\u00e9s del parto.<\/li>\n<\/ol>\n<p>&nbsp;<\/p>\n<ol start=\"4\">\n<li><strong><u>La ropita.<\/u><\/strong>\u00a0Lo importante es que sea ropa c\u00f3moda, idealmente de algod\u00f3n o fibras hipoalerg\u00e9nicas, lavada antes del primer uso y sin mezclarla con la ropa de los mayores, y sin utilizar suavizante. Hay que evitar que tenga botoncitos y ornamentos peque\u00f1os que se puedan soltar y puedan hacer que se atragante, as\u00ed como lazos. Debe irle holgada pero no muy grande.<\/li>\n<\/ol>\n<p style=\"padding-left: 30px;\"><strong>Como no regulan bien la temperatura<\/strong> durante las primeras horas, puedes ponerle alg\u00fan gorrito de algod\u00f3n muy fino los primeros d\u00edas. Tambi\u00e9n hay que tener un arrullo suave tipo muselina o algod\u00f3n fino para taparle cuando les damos de comer o los tenemos encima, y otro m\u00e1s gordito para la cuna.\u00a0En general, los primeros d\u00edas tienen las manos y los pies m\u00e1s fr\u00edos, es normal.<\/p>\n<p style=\"padding-left: 30px;\"><strong>Recuerda que los beb\u00e9s no sudan<\/strong>, as\u00ed que hay que controlar la temperatura ambiente, evitando que haga mucho fr\u00edo o calor en casa. Si le ves muy rojo y est\u00e1 irritable y llor\u00f3n, puede ser que tenga calor. Qu\u00edtale alguna prenda. Por lo general, con ponerles una capa m\u00e1s que a nosotros es suficiente. Si los tenemos en brazos les transmitimos calor, as\u00ed que podemos destaparlos un poquito m\u00e1s.<\/p>\n<p>&nbsp;<\/p>\n<ol start=\"5\">\n<li><strong><u>Los paseos<\/u><\/strong><strong>.<\/strong>\u00a0Son imprescindibles, el beb\u00e9 necesita que le d\u00e9 el aire y t\u00fa tambi\u00e9n (igual o m\u00e1s). \u00bfCu\u00e1ndo empezar? Desde el primer d\u00eda, excepto en el caso de que haya una ola de calor extremo o de fr\u00edo o sean prematuros (entonces hay que esperar un poquito m\u00e1s, hasta que lleguen a t\u00e9rmino).\u00a0Eso s\u00ed, hay que tener en cuenta algunas cosas. Debemos escoger d\u00edas soleados, o por lo menos sin lluvia o viento. Saldremos a pasear un ratito, al aire libre. Evitando las horas de m\u00e1ximo sol en verano y buscando horas con menos fr\u00edo en invierno.<\/li>\n<\/ol>\n<p style=\"padding-left: 30px;\">A veces, pensamos que ser\u00e1 mejor en sitios cerrados, calentitos\u2026 Pues no. All\u00ed se acumulan virus con much\u00edsima facilidad, aunque sean espacios amplios. Especialmente en los meses de invierno.\u00a0<strong>Lo ideal es pasear por la calle, en el parque, evitando lugares con mucha gente<\/strong> y procurando que los que nos encontremos al paso no cojan ni toquen al beb\u00e9. Por eso, si tiene un hermano\/a m\u00e1s mayor, intenta evitar llevarlo al cole para recogerlo (no es que seamos antisociales, pero es lo mejor para protegerlo y ahorrarle alg\u00fan que otro virus, hasta que sea m\u00e1s mayorcito).<\/p>\n<p style=\"padding-left: 30px;\">Otra cosa importante: <strong>nunca lo expongas directamente al sol.<\/strong>\u00a0Para eso, lo m\u00e1s c\u00f3modo es un arrullo para tapar el cuco o el cochecito, una sombrilla tambi\u00e9n ayuda. Si son m\u00e1s mayorcitos, pod\u00e9is ponerles una gorra y crema solar protecci\u00f3n 30-50. Pero la crema es para evitar que los reflejos les quemen, no para que \u201ctomen el sol\u201d.<\/p>\n<p>Y recuerda: \u00a1disfruta mucho del tiempo que pases con tu beb\u00e9, ese tiempo es como tu hijo: \u00fanico e irrepetible!<\/p>\n","protected":false},"excerpt":{"rendered":"<p>\u00a1Ya estamos en casa! En los \u00faltimos meses de embarazo, y especialmente cuando se acerca el d\u00eda del parto, estamos deseando que todo pase muy r\u00e1pido y llegue el momento feliz de estar \u00a1por fin! en casa con \u201cel polluelo en el nido\u201d. Y s\u00ed, el momento llega, pero a la felicidad se a\u00f1ade el [&hellip;]<\/p>\n","protected":false},"author":1,"featured_media":4876,"comment_status":"open","ping_status":"open","sticky":false,"template":"","format":"standard","meta":{"footnotes":""},"categories":[3,7],"tags":[],"_links":{"self":[{"href":"https:\/\/www.dexeus.com\/blog\/wp-json\/wp\/v2\/posts\/4872"}],"collection":[{"href":"https:\/\/www.dexeus.com\/blog\/wp-json\/wp\/v2\/posts"}],"about":[{"href":"https:\/\/www.dexeus.com\/blog\/wp-json\/wp\/v2\/types\/post"}],"author":[{"embeddable":true,"href":"https:\/\/www.dexeus.com\/blog\/wp-json\/wp\/v2\/users\/1"}],"replies":[{"embeddable":true,"href":"https:\/\/www.dexeus.com\/blog\/wp-json\/wp\/v2\/comments?post=4872"}],"version-history":[{"count":2,"href":"https:\/\/www.dexeus.com\/blog\/wp-json\/wp\/v2\/posts\/4872\/revisions"}],"predecessor-version":[{"id":4874,"href":"https:\/\/www.dexeus.com\/blog\/wp-json\/wp\/v2\/posts\/4872\/revisions\/4874"}],"wp:featuredmedia":[{"embeddable":true,"href":"https:\/\/www.dexeus.com\/blog\/wp-json\/wp\/v2\/media\/4876"}],"wp:attachment":[{"href":"https:\/\/www.dexeus.com\/blog\/wp-json\/wp\/v2\/media?parent=4872"}],"wp:term":[{"taxonomy":"category","embeddable":true,"href":"https:\/\/www.dexeus.com\/blog\/wp-json\/wp\/v2\/categories?post=4872"},{"taxonomy":"post_tag","embeddable":true,"href":"https:\/\/www.dexeus.com\/blog\/wp-json\/wp\/v2\/tags?post=4872"}],"curies":[{"name":"wp","href":"https:\/\/api.w.org\/{rel}","templated":true}]}}