{"id":581089,"date":"2022-05-25T08:00:00","date_gmt":"2022-05-25T06:00:00","guid":{"rendered":"https:\/\/www.dexeus.com\/blog\/?p=581089"},"modified":"2023-08-29T14:23:11","modified_gmt":"2023-08-29T12:23:11","slug":"baja-por-dolor-de-regla","status":"publish","type":"post","link":"https:\/\/www.dexeus.com\/blog\/actualidad\/baja-por-dolor-de-regla\/","title":{"rendered":"Dolor de regla: \u00bfcu\u00e1ndo se considera motivo de baja laboral?"},"content":{"rendered":"\n<p><\/p>\n\n\n\n<p><\/p>\n\n\n\n<p><\/p>\n\n\n\n<p>La reforma de la<strong> ley de Salud Sexual y Reproductiva<\/strong>, aprobada hace una semana, prev\u00e9 la posibilidad de solicitar una baja temporal en los casos de reglas dolorosas e incapacitantes, lo que se ha llamado la \u201c<strong>baja menstrual<\/strong>\u201d. Se trata de una medida <strong>pionera en la Uni\u00f3n Europea<\/strong> que ha puesto sobre la mesa un problema real. Pero tambi\u00e9n ha sido objeto de cr\u00edtica y debate, ya que preocupa que cree diferencias de g\u00e9nero a nivel laboral que perjudiquen a las mujeres. Adem\u00e1s, plantea dudas, porque el dolor tiene un componente subjetivo y muchas mujeres se preguntan: <strong>\u00bfcu\u00e1ndo se puede considerar incapacitante?<\/strong>, y \u00bf<strong>c\u00f3mo se va a evaluar?, \u00bfla baja te la puede dar el m\u00e9dico de cabecera o es necesario contar con el informe de un especialista?<\/strong><\/p>\n\n\n\n<p><strong>ACTUALIZACI\u00d3N 1 de junio 2023: <\/strong><\/p>\n\n\n\n<p><strong>A partir del 1 de junio de 2023, ya se puede solicitar la baja laboral por dolor menstrual incapacitante, por lo que las mujeres que tengan reglas muy dolorosas -previo diagn\u00f3stico de su m\u00e9dico de cabecera- ya pueden disfrutar de este nuevo derecho. La ley no determina la duraci\u00f3n de esta prestaci\u00f3n, que se considera temporal y depender\u00e1 de cada caso. Seg\u00fan la nueva normativa, se consideran motivos de baja situaciones en las que el dolor impida realizar la actividad diaria -t\u00e9cnicamente se denomina<\/strong> <strong>menstruaci\u00f3n incapacitante secundaria o dismenorrea secundaria- e incluye los casos asociados a patolog\u00edas como endometriosis, miomas, enfermedad inflamatoria p\u00e9lvica, adenomiosis, p\u00f3lipos endometriales, ovarios poliqu\u00edsticos o dificultad en la salida de sangre menstrual de cualquier tipo. <\/strong><\/p>\n\n\n\n<p>La <strong>Sociedad Espa\u00f1ola de Obstetricia y Ginecolog\u00eda<\/strong> <strong>(SEGO)<\/strong> ya se ha pronunciado y considera que la medida es positiva siempre y cuando se realice dentro de un orden y ayude a que aumente la visibilidad social de este problema y, sobre todo, <strong>se consulte<\/strong>, porque <strong>un dolor de regla intenso<\/strong> <strong>o que impida hacer las actividades diarias nunca debe ser considerado algo \u201cnormal\u201d.<\/strong> Adem\u00e1s, puede ser un s\u00edntoma de problemas en el \u00fatero o en otros \u00f3rganos p\u00e9lvicos, como la presencia de miomas, enfermedades de transmisi\u00f3n sexual o patolog\u00edas que a veces pueden pasar desapercibidas, como la endometriosis.<\/p>\n\n\n\n<p>En este post, la <a href=\"https:\/\/www.dexeus.com\/quienes-somos\/nuestros-centros\/equipo-medico\/carlota-vilarrubi-jorda\" style=\"text-decoration: underline;\">Dra. Carlota Vilarrub\u00ed<\/a>, ginec\u00f3loga de nuestro centro y especialista en endometriosis, explica por qu\u00e9 la regla puede provocar dolor, qu\u00e9 tipo de molestias son normales y cu\u00e1les no y cu\u00e1ndo es imprescindible consultar a un especialista.<\/p>\n\n\n\n<p><strong>Dolor de regla: \u00bfqu\u00e9 es normal y qu\u00e9 no?<\/strong><\/p>\n\n\n\n<p><strong>Es normal <\/strong>sentir un cierto malestar y molestias en la parte baja del abdomen antes de que te venga la regla (el llamado s\u00edndrome premenstrual) y los dos primeros d\u00edas del ciclo. A nivel emocional, puede ir acompa\u00f1ado de un \u00e1nimo m\u00e1s bajo, irritabilidad, dolor de cabeza, sensaci\u00f3n de hinchaz\u00f3n y mayor sensibilidad o tensi\u00f3n mamaria.<\/p>\n\n\n\n<p>La causa de ese malestar son las <strong>prostaglandinas,<\/strong> unas mol\u00e9culas que hacen que el \u00fatero se contraiga para expulsar el revestimiento (el endometrio) que nuestro cuerpo prepara cada mes para acoger el embri\u00f3n en el caso de que el \u00f3vulo resulte fecundado. Las prostaglandinas tambi\u00e9n pueden provocar n\u00e1useas o diarrea.<\/p>\n\n\n\n<p><strong>No es normal <\/strong>sentir un dolor agudo o intermitente, que dura m\u00e1s d\u00edas de la cuenta o impide realizar vida normal. En esos casos siempre debe ser consultado. Los m\u00e9dicos lo denominan dismenorrea, y hay diversos grados. En algunos casos se acompa\u00f1a de n\u00e1useas, v\u00f3mitos, dolor de espalda y\/o en las piernas. <\/p>\n\n\n\n<p><strong><br>\u00bfPor qu\u00e9 la regla provoca m\u00e1s dolor a algunas mujeres?<\/strong><\/p>\n\n\n\n<p>Las diferencias se producen porque el ciclo menstrual est\u00e1 regulado por las hormonas, cuyo funcionamiento puede verse alterado por diversas causas. Adem\u00e1s, existen factores gen\u00e9ticos, de estilo de vida y externos -como la toma de anticonceptivos o de algunos medicamentos de acci\u00f3n anticoagulante- que pueden influir en su regularidad, la cantidad de flujo o el dolor que provoca. Otro factor que cuenta es la edad, ya que las primeras reglas pueden presentarse de forma m\u00e1s irregular o ser m\u00e1s abundantes debido a la inmadurez del sistema hormonal. Asimismo, a lo largo de la vida tambi\u00e9n se pueden producir cambios hormonales que alteren nuestro patr\u00f3n habitual, sobre todo tras la maternidad o durante los a\u00f1os previos a la menopausia.<\/p>\n\n\n\n<p><strong>\u00bfCu\u00e1ndo se puede considerar \u201cincapacitante\u201d, y, por tanto, puede ser motivo de baja laboral?<\/strong><\/p>\n\n\n\n<p>La menstruaci\u00f3n es un proceso natural, y, como ya hemos comentado antes, puede generar algunas molestias durante unos d\u00edas. Pero todo lo que se salga de este planteamiento y que impida a cualquier mujer desarrollar las actividades que habitualmente realiza -a nivel laboral, social o f\u00edsico- es algo fuera de lo normal y, por lo tanto, debe ser motivo de consulta y de atenci\u00f3n m\u00e9dica. De hecho, el dolor de regla es una de las causas principales de absentismo en el \u00e1mbito laboral y acad\u00e9mico en mujeres j\u00f3venes, especialmente entre los 20 y los 30 a\u00f1os. Lo mejor en estos casos es ir al ginec\u00f3logo\/a para que pueda estudiar el origen y detectar o descartar posibles patolog\u00edas. A partir de ah\u00ed, podemos pedir una valoraci\u00f3n y solicitar una baja temporal en los casos que sea necesario. Lo m\u00e1s importante es que este problema no se siga ocultando y que se pida ayuda para poder tratarlo y, si es posible, solucionarlo, o como m\u00ednimo que las mujeres afectadas ganen en salud y en calidad de vida.<\/p>\n\n\n\n<p><strong>Situaciones que no debes pasar por alto<\/strong><\/p>\n\n\n\n<p>Si el dolor se presenta fuera de los d\u00edas del ciclo o va acompa\u00f1ado de alguno de los s\u00edntomas que detallamos a continuaci\u00f3n, es importante no retrasar la consulta, ya que requieren una atenci\u00f3n m\u00e9dica m\u00e1s inmediata:<\/p>\n\n\n\n<ul>\n<li>Un aumento de flujo vaginal o flujo vaginal de mal olor<\/li>\n\n\n\n<li>Fiebre y dolor p\u00e9lvico<\/li>\n\n\n\n<li>Dolor repentino o intenso, especialmente si la regla se retrasa m\u00e1s de una semana y has tenido relaciones sexuales<\/li>\n\n\n\n<li>Los tratamientos indicados no alivian el dolor tras 3 meses<\/li>\n\n\n\n<li>Te han colocado un DIU hace m\u00e1s de 3 meses y el dolor se mantiene<\/li>\n\n\n\n<li>Tienes co\u00e1gulos de sangre u otros s\u00edntomas adem\u00e1s de dolor<\/li>\n\n\n\n<li>Tus reglas son anormalmente largas<\/li>\n\n\n\n<li>El dolor se presenta fuera del per\u00edodo de la menstruaci\u00f3n o se mantiene cuando esta finaliza<\/li>\n<\/ul>\n","protected":false},"excerpt":{"rendered":"<p>La reforma de la ley de Salud Sexual y Reproductiva, aprobada hace una semana, prev\u00e9 la posibilidad de solicitar una baja temporal en los casos de reglas dolorosas e incapacitantes, lo que se ha llamado la \u201cbaja menstrual\u201d. Se trata de una medida pionera en la Uni\u00f3n Europea que ha puesto sobre la mesa un [&hellip;]<\/p>\n","protected":false},"author":1,"featured_media":581091,"comment_status":"closed","ping_status":"open","sticky":false,"template":"","format":"standard","meta":{"footnotes":""},"categories":[3],"tags":[2822,2818,2819,1483,256,50,2820,152,127,2753,2385,54,2821],"_links":{"self":[{"href":"https:\/\/www.dexeus.com\/blog\/wp-json\/wp\/v2\/posts\/581089"}],"collection":[{"href":"https:\/\/www.dexeus.com\/blog\/wp-json\/wp\/v2\/posts"}],"about":[{"href":"https:\/\/www.dexeus.com\/blog\/wp-json\/wp\/v2\/types\/post"}],"author":[{"embeddable":true,"href":"https:\/\/www.dexeus.com\/blog\/wp-json\/wp\/v2\/users\/1"}],"replies":[{"embeddable":true,"href":"https:\/\/www.dexeus.com\/blog\/wp-json\/wp\/v2\/comments?post=581089"}],"version-history":[{"count":5,"href":"https:\/\/www.dexeus.com\/blog\/wp-json\/wp\/v2\/posts\/581089\/revisions"}],"predecessor-version":[{"id":635812,"href":"https:\/\/www.dexeus.com\/blog\/wp-json\/wp\/v2\/posts\/581089\/revisions\/635812"}],"wp:featuredmedia":[{"embeddable":true,"href":"https:\/\/www.dexeus.com\/blog\/wp-json\/wp\/v2\/media\/581091"}],"wp:attachment":[{"href":"https:\/\/www.dexeus.com\/blog\/wp-json\/wp\/v2\/media?parent=581089"}],"wp:term":[{"taxonomy":"category","embeddable":true,"href":"https:\/\/www.dexeus.com\/blog\/wp-json\/wp\/v2\/categories?post=581089"},{"taxonomy":"post_tag","embeddable":true,"href":"https:\/\/www.dexeus.com\/blog\/wp-json\/wp\/v2\/tags?post=581089"}],"curies":[{"name":"wp","href":"https:\/\/api.w.org\/{rel}","templated":true}]}}