{"id":584730,"date":"2022-06-15T08:00:00","date_gmt":"2022-06-15T06:00:00","guid":{"rendered":"https:\/\/www.dexeus.com\/blog\/?p=584730"},"modified":"2023-08-29T13:52:50","modified_gmt":"2023-08-29T11:52:50","slug":"aumento-its","status":"publish","type":"post","link":"https:\/\/www.dexeus.com\/blog\/sexualidad-y-pareja\/aumento-its\/","title":{"rendered":"Por qu\u00e9 siguen creciendo las ITS"},"content":{"rendered":"\n<p>Las infecciones de transmisi\u00f3n sexual (ITS) se han disparado en Espa\u00f1a. Han crecido mucho y en muy poco tiempo, y no han aumentado un 25% ni un 50%, sino \u00a1un 1000%! Una cifra que parece imposible. Pero es real. Son datos oficiales, que constan en los registros de vigilancia epidemiol\u00f3gica. Un estudio elaborado por la plataforma de salud femenina <a style=\"text-decoration: underline;\" href=\"https:\/\/bebloomers.com\/\" target=\"_blank\" rel=\"noreferrer noopener\"><span class=\"has-inline-color\">Bloom<\/span><\/a> acaba de ponerlos sobre la mesa y tambi\u00e9n ha indagado en el porqu\u00e9, buscando la respuesta a estas preguntas: \u00bfa qu\u00e9 se debe?, \u00bfqu\u00e9 saben las mujeres sobre su salud sexual?, \u00bfqu\u00e9 experiencias han vivido las que se han contagiado? y, sobre todo, \u00bfqu\u00e9 estamos haciendo mal?, explica Andrea Aznar, directora editorial de Bloom.<\/p>\n\n\n\n<p>El proyecto cuenta con el apoyo de Dexeus Mujer y su objetivo es alertar sobre este problema y reforzar la prevenci\u00f3n, as\u00ed que \u00a1aplaudimos la iniciativa!<\/p>\n\n\n\n<p>Seg\u00fan este informe, denominado \u201c<a href=\"https:\/\/bebloomers.com\/observatorio-its-mujeres-espana\/\" style=\"text-decoration: underline;\" target=\"_blank\" rel=\"noreferrer noopener\"><span class=\"has-inline-color\">Observatorio Bloom: ITS en mujeres en Espa\u00f1a<\/span><\/a>\u201d, las ITS han aumentado sobre todo entre las m\u00e1s j\u00f3venes, ya que el 50% de los casos se diagnostican en menores de 24 a\u00f1os. Pero tambi\u00e9n han crecido en las de 30, 40, 50 y en mayores de 55 a\u00f1os.<\/p>\n\n\n\n<p>Los expertos llevan tiempo dando voces de alarma y aseguran que la cifra es a\u00fan m\u00e1s alta, especialmente entre los hombres,\u201d porque un 50% de estas infecciones son asintom\u00e1ticas, por lo que, si no se realizan controles puedan pasar desapercibidas, y ellos acuden menos a hacerse revisiones\u201d, explica el <a href=\"https:\/\/www.dexeus.com\/quienes-somos\/nuestros-centros\/equipo-medico\/alvaro-vives-sune\" style=\"text-decoration: underline;\" target=\"_blank\" rel=\"noreferrer noopener\"><span class=\"has-inline-color\">Dr. \u00c1lvaro Vives<\/span><\/a>, jefe de la Unidad de Infecciones de Transmisi\u00f3n Sexual de la cl\u00ednica Puigvert, que ha participado en la presentaci\u00f3n del Informe.<\/p>\n\n\n\n<p>En los \u00faltimos a\u00f1os, adem\u00e1s, han aumentado las pr\u00e1cticas de riesgo, el n\u00famero de parejas, y los contactos para mantener relaciones a trav\u00e9s de aplicaciones. Esto, sumado a la mejora en las pruebas diagn\u00f3sticas y al hecho de que, en general, se viaje m\u00e1s explican tambi\u00e9n el aumento.<\/p>\n\n\n\n<p>Adem\u00e1s, se habla muy poco de las ITS. Qui\u00e9n las tiene o las ha sufrido, no lo cuenta. Y el que no las ha tenido, ni se plantea que pueda infectarse, ni es consciente de los problemas de salud que pueden comportar. \u00bfPor qu\u00e9? Pues porque desde que la infecci\u00f3n por el virus de la inmunodeficiencia humana (VIH) se puede tratar, el miedo al contagio ha ido descendiendo, y en paralelo se han ido relajando las medidas de protecci\u00f3n. &nbsp;<\/p>\n\n\n\n<p>Otra raz\u00f3n que explica el aumento es la falta de educaci\u00f3n sexual. <em>Bloom <\/em>ha realizado una encuesta a m\u00e1s de 2000 mujeres para conocer sus h\u00e1bitos sexuales, y los resultados hablan por s\u00ed solos: el 70% admite que su educaci\u00f3n sexual ha sido deficiente (regular, mala o muy mala); una de cada tres indica que ha sido presionada para no usar el preservativo y una tercera parte afirma que, adem\u00e1s, tiende a relajar el uso de este m\u00e9todo cuando bebe. Asimismo, un 30% ha intercambiado juguetes sexuales con su pareja sin protecci\u00f3n y m\u00e1s del 10% declara que se han quitado el preservativo sin su consentimiento (14,40%), que ha practicado sexo en grupo (11,13%) o Chemsex (10,89%).<\/p>\n\n\n\n<p>Por otro lado, y por lo que vemos en consulta, aunque las j\u00f3venes tienen informaci\u00f3n, \u2013explica la <a href=\"https:\/\/www.dexeus.com\/quienes-somos\/nuestros-centros\/equipo-medico\/alicia-ubeda-hernandez\" target=\"_blank\" style=\"text-decoration: underline;\" rel=\"noreferrer noopener\"><span class=\"has-inline-color\">Dra. Alicia \u00dabeda<\/span><\/a>, jefe del Servicio de Ginecolog\u00eda de Dexeus Mujer\u2013muchas se sienten inmunes, creen que est\u00e1n por encima de eso y que a ellas no les va a pasar, porque a sus amigas no les ha pasado.\u201d<\/p>\n\n\n\n<p>Pero las ITS est\u00e1n ah\u00ed. Siguen creciendo, y, aunque no todo el mundo lo sepa, \u201ccontraer una ITS (solo la infecci\u00f3n) o una enfermedad de transmisi\u00f3n sexual (ETS) y no tratarla y diagnosticarla a tiempo s\u00ed que implica riesgos para la salud\u201d, a\u00f1ade la Dra. \u00dabeda. \u201cPuede provocar alteraciones menstruales y dolores p\u00e9lvicos. Adem\u00e1s, si perjudica el interior del \u00fatero o las trompas puede acabar produciendo esterilidad o abortos\u201d. Y en el caso del Virus del papiloma Humano (VPH) puede provocar lesiones que favorezcan el desarrollo de un c\u00e1ncer. Por este motivo, no deber\u00edamos infravalorarlas. Es importante tomar medidas preventivas y hacerse controles espec\u00edficos regulares, especialmente si se han mantenido relaciones de riesgo, a\u00f1ade.<\/p>\n\n\n\n<p>Adem\u00e1s, los preadolescentes son m\u00e1s sensibles a las ITS, porque sus mucosas no est\u00e1n tan preparadas. De hecho, \u201clos expertos hace a\u00f1os que recomendamos la aplicaci\u00f3n de la <a href=\"https:\/\/www.dexeus.com\/ginecologia\/vacuna-vph\" target=\"_blank\" style=\"text-decoration: underline;\" rel=\"noreferrer noopener\"><span class=\"has-inline-color\">vacuna del VPH<\/span><\/a> a los chicos \u2013que actualmente se administra de forma sistem\u00e1tica en las escuelas a las ni\u00f1as de entre 11 y 12 a\u00f1os\u2013, ya que, adem\u00e1s del c\u00e1ncer de c\u00e9rvix, vulva y vagina, el VPH puede provocar c\u00e1ncer de pene, ano, boca y garganta (orofaringe). Estos \u00faltimos afectan m\u00e1s a los hombres que a las mujeres y tambi\u00e9n han experimentado un aumento, un hecho que se atribuye, en parte, a la pr\u00e1ctica de relaciones sexuales orales sin protecci\u00f3n\u201d, explica el Dr. \u00c1lvaro Vives, Por ello, el anuncio de que Catalu\u00f1a haya decidido incluir en el calendario oficial la vacuna contra el VPH para los chicos \u201ces una muy buena noticia\u201d, a\u00f1ade.<\/p>\n\n\n\n<p>El Dr. Vives tambi\u00e9ndirige la Unidad de Salud del Var\u00f3n en Dexeus Mujer, \u201cd\u00f3nde desde hace tiempo administramos esta vacuna a todos los j\u00f3venes y adultos que la solicitan\u201d, a\u00f1ade. En Dexeus Mujer tambi\u00e9n ofrecemos la vacuna contra el VPH a todas las mujeres que no se la hayan puesto y realizamos, de forma sistem\u00e1tica, un cribado de clamidias a todas las menores de 25 a\u00f1os, ya que esta ITS es una de las que m\u00e1s est\u00e1 creciendo entre las j\u00f3venes.<\/p>\n\n\n\n<p>En fin, podr\u00edamos seguir hablando de este tema largo y tendido, pero lo m\u00e1s importante es estar bien informada. Si tienes duda, o quieres que te hagan un chequeo, consulta a tu ginec\u00f3logo\/a, y no esperes, cuanto antes se haga el diagn\u00f3stico y se traten, mejor.<\/p>\n\n\n\n<p><strong>Si quieres saber m\u00e1s sobre las ITS\/ETS, y\/o echar un vistazo al informe, aqu\u00ed lo tienes:<\/strong><\/p>\n\n\n\n<p><\/p>\n\n\n\n<div class=\"wp-block-buttons is-layout-flex wp-block-buttons-is-layout-flex\">\n<div class=\"wp-block-button is-style-fill\"><a class=\"wp-block-button__link has-white-color has-pale-pink-background-color has-text-color has-background wp-element-button\" href=\"https:\/\/bebloomers.com\/wp-content\/uploads\/2022\/06\/OBSERVATORIO-BLOOM-ITS-EN-MUJERES-EN-ESPANA.pdf\" title=\"Observatorio Bloom: ITS en mujeres en Espa\u00f1a\" style=\"border-radius:5px\" target=\"_blank\" rel=\"noreferrer noopener\">Observatorio Bloom: ITS en mujeres en Espa\u00f1a<\/a><\/div>\n<\/div>\n","protected":false},"excerpt":{"rendered":"<p>Las infecciones de transmisi\u00f3n sexual (ITS) se han disparado en Espa\u00f1a. Han crecido mucho y en muy poco tiempo, y no han aumentado un 25% ni un 50%, sino \u00a1un 1000%! Una cifra que parece imposible. Pero es real. Son datos oficiales, que constan en los registros de vigilancia epidemiol\u00f3gica. Un estudio elaborado por la [&hellip;]<\/p>\n","protected":false},"author":1,"featured_media":584733,"comment_status":"closed","ping_status":"open","sticky":false,"template":"","format":"standard","meta":{"footnotes":""},"categories":[8],"tags":[2909,2416,2910,1406,2913,295,114,2911,1985,2912,517,291],"_links":{"self":[{"href":"https:\/\/www.dexeus.com\/blog\/wp-json\/wp\/v2\/posts\/584730"}],"collection":[{"href":"https:\/\/www.dexeus.com\/blog\/wp-json\/wp\/v2\/posts"}],"about":[{"href":"https:\/\/www.dexeus.com\/blog\/wp-json\/wp\/v2\/types\/post"}],"author":[{"embeddable":true,"href":"https:\/\/www.dexeus.com\/blog\/wp-json\/wp\/v2\/users\/1"}],"replies":[{"embeddable":true,"href":"https:\/\/www.dexeus.com\/blog\/wp-json\/wp\/v2\/comments?post=584730"}],"version-history":[{"count":17,"href":"https:\/\/www.dexeus.com\/blog\/wp-json\/wp\/v2\/posts\/584730\/revisions"}],"predecessor-version":[{"id":638524,"href":"https:\/\/www.dexeus.com\/blog\/wp-json\/wp\/v2\/posts\/584730\/revisions\/638524"}],"wp:featuredmedia":[{"embeddable":true,"href":"https:\/\/www.dexeus.com\/blog\/wp-json\/wp\/v2\/media\/584733"}],"wp:attachment":[{"href":"https:\/\/www.dexeus.com\/blog\/wp-json\/wp\/v2\/media?parent=584730"}],"wp:term":[{"taxonomy":"category","embeddable":true,"href":"https:\/\/www.dexeus.com\/blog\/wp-json\/wp\/v2\/categories?post=584730"},{"taxonomy":"post_tag","embeddable":true,"href":"https:\/\/www.dexeus.com\/blog\/wp-json\/wp\/v2\/tags?post=584730"}],"curies":[{"name":"wp","href":"https:\/\/api.w.org\/{rel}","templated":true}]}}