{"id":642475,"date":"2023-12-27T08:00:00","date_gmt":"2023-12-27T07:00:00","guid":{"rendered":"https:\/\/www.dexeus.com\/blog\/?p=642475"},"modified":"2023-12-28T16:22:41","modified_gmt":"2023-12-28T15:22:41","slug":"bebe-arcoiris","status":"publish","type":"post","link":"https:\/\/www.dexeus.com\/blog\/maternidad\/bebe-arcoiris\/","title":{"rendered":"Como recibir a un beb\u00e9 arco\u00edris"},"content":{"rendered":"\n<p>El arco\u00edris tiene un significado simb\u00f3lico ancestral. En la mitolog\u00eda n\u00f3rdica, para los budistas y en algunos pa\u00edses como Jap\u00f3n se considera una especie de puente entre el cielo y la tierra. Una se\u00f1al de paz y esperanza que abre un nuevo camino tras una tormenta. Este sentimiento encaja perfectamente con el concepto de \u201cbeb\u00e9 arco-iris\u201d, que se atribuye a los ni\u00f1os que nacen tras la p\u00e9rdida de un hijo anterior durante el embarazo o tras el parto (es decir, tras una p\u00e9rdida gestacional o perinatal).<\/p>\n\n\n\n<p>Son ni\u00f1os muy queridos y deseados. Pero su llegada a menudo genera sentimientos ambivalentes en sus padres y madres, \u00abporque se entremezcla la alegr\u00eda con la tristeza, por la experiencia que han vivido\u201d, explica <a style=\"text-decoration: underline;\" href=\"https:\/\/cat.dexeus.com\/qui-som\/els-nostres-centres\/equip-medic\/sandra-garcia-lumbreras\" target=\"_blank\" rel=\"noreferrer noopener\">Sandra Garc\u00eda Lumbreras<\/a>, responsable de la <a style=\"text-decoration: underline;\" href=\"https:\/\/www.dexeus.com\/otros-servicios\/psicologia\" target=\"_blank\" rel=\"noreferrer noopener\">Unidad de Psicolog\u00eda de Dexeus Mujer<\/a>.<\/p>\n\n\n\n<p>Esta \u00e9poca del a\u00f1o es especialmente emotiva. Adem\u00e1s, son m\u00e1s frecuentes los encuentros familiares y reuniones sociales en la que pueden surgir temas o comentarios que nos afecten. Por ello, tanto si est\u00e1s embarazada como si eres madre de un beb\u00e9 arco\u00edris, en este post te ofrecemos algunas recomendaciones que pueden ser de ayuda:<\/p>\n\n\n\n<p><\/p>\n\n\n\n<ol>\n<li><strong>Date tiempo. <\/strong>Es probable que el proceso de duelo se mantenga o se vuelva a reactivar durante la segunda gestaci\u00f3n. Muchas mujeres sienten que socialmente est\u00e1n obligadas a cerrar su duelo una vez que se quedan nuevamente embarazadas, pero no tiene que ser as\u00ed. Cada persona y familia necesita su propio tiempo.<\/li>\n\n\n\n<li><strong>\u00bfQu\u00e9 es normal y qu\u00e9 no es normal sentir?<\/strong> La ambivalencia emocional, sobre todo en los primeros meses de gestaci\u00f3n, es completamente normal. Puedes sentir nostalgia, alegr\u00eda, tristeza, desasosiego, soledad, incomprensi\u00f3n (por el punto que hemos comentado antes). Tambi\u00e9n es habitual que no quieras pensar en elegir un nombre o en preparar la habitaci\u00f3n para su llegada hasta el \u00faltimo momento. Eso no significa que no est\u00e9s feliz por este bebe, pero el miedo a que vuelva a repetirse lo sucedido es intenso.<\/li>\n\n\n\n<li><strong>C\u00f3mo vencer el miedo a que la situaci\u00f3n se repita. <\/strong>El embarazo de un beb\u00e9 arco\u00edris se suele vivir con mayor ansiedad, inseguridad e incertidumbre por el miedo a una nueva p\u00e9rdida. Pero hay que evitar que el miedo o la tristeza se impongan a la alegr\u00eda de la llegada de un nuevo hijo o hija. Si ves que no est\u00e1s bien, pide ayuda, porque la ansiedad puede provocar estr\u00e9s y problemas de sue\u00f1o que te impiden descansar y afrontar el embarazo con normalidad.<\/li>\n\n\n\n<li><strong>Hay que transformar el recuerdo en algo positivo. <\/strong>Tras el nacimiento a algunos padres tambi\u00e9n les preocupa que la llegada del nuevo hijo o hija y la felicidad que comporta acabe borrando o disipando de alg\u00fan modo la memoria del beb\u00e9 anterior, lo que puede generar sentimientos de culpa, algo que hay que evitar. \u201cEs evidente que el recuerdo del hermano siempre va a estar ah\u00ed, pero es importante que los padres transformen ese recuerdo en algo bonito, un sentimiento de amor, para cerrar correctamente el duelo\u201d explica Sandra Garc\u00eda. \u201ccerrar el duelo no implica olvidar al bebe anterior, sino recolocar el recuerdo de una forma que no duela tanto\u201d, a\u00f1ade.<\/li>\n\n\n\n<li><strong>Cu\u00e1ndo pedir ayuda.<\/strong> El dolor de la p\u00e9rdida no debe imponerse ni afectar a las relaciones con otras personas ni al nuevo proyecto de familia. Tener emociones negativas constantes, falta de ilusi\u00f3n o ansiedad intensa son otras se\u00f1ales de alerta.<\/li>\n\n\n\n<li><strong>C\u00f3mo debe ser la actitud respecto al nuevo hijo o hija que esperamos.<\/strong> No hay que hacer nada especial. Hay que tratarle como a cualquier otro ni\u00f1o, con cari\u00f1o y naturalidad. Debe crecer sin sentir que es \u201cel segundo\u201d (aunque cuando pueda entenderlo ser\u00e1 recomendable explicarle que tuvo un hermano). Cada ni\u00f1o es \u00fanico y debe sentirse as\u00ed. Muy importante: sobre todo no hay sobreprotegerlo ni poner sobre \u00e9l o su bienestar el peso de nuestra felicidad.<\/li>\n\n\n\n<li><strong>No est\u00e1s sola ni eres la \u00fanica<\/strong>. Hay muchas otras personas que han vivido una situaci\u00f3n parecida. Tal vez no te guste hablar de ello ni compartirlo, pero hay asociaciones que pueden brindarte informaci\u00f3n, recursos (libros, videos\u2026) y apoyo emocional, si lo necesitas, como <a style=\"text-decoration: underline;\" href=\"https:\/\/www.umamanita.es\/\" target=\"_blank\" rel=\"noreferrer noopener\">Umamanita<\/a>, <a style=\"text-decoration: underline;\" href=\"https:\/\/www.petitsambllum.org\/\" target=\"_blank\" rel=\"noreferrer noopener\">A Contracor<\/a> o <a style=\"text-decoration: underline;\" href=\"https:\/\/www.petitsambllum.org\/\" target=\"_blank\" rel=\"noreferrer noopener\">Petits amb llum<\/a>.<\/li>\n\n\n\n<li><strong>\u00bfEs verdad que son ni\u00f1os especiales? <\/strong>En general se dice que los beb\u00e9s arco\u00edris son ni\u00f1os especialmente sensibles e intuitivos, con una gran capacidad de amar, pero tambi\u00e9n muy emp\u00e1ticos, lo que a veces puede hacerles sufrir. Pero eso tampoco significa que no podamos contarles las cosas o que no puedan vernos tristes de vez en cuando si hay alguna raz\u00f3n que puedan entender (ser\u00e1 un aprendizaje para ellos).<\/li>\n\n\n\n<li><strong>Cuida la relaci\u00f3n de pareja. <\/strong>Es muy importante para el equilibrio emocional de los hijos y para reforzar el proyecto de familia.<\/li>\n<\/ol>\n","protected":false},"excerpt":{"rendered":"<p>El arco\u00edris tiene un significado simb\u00f3lico ancestral. En la mitolog\u00eda n\u00f3rdica, para los budistas y en algunos pa\u00edses como Jap\u00f3n se considera una especie de puente entre el cielo y la tierra. Una se\u00f1al de paz y esperanza que abre un nuevo camino tras una tormenta. Este sentimiento encaja perfectamente con el concepto de \u201cbeb\u00e9 [&hellip;]<\/p>\n","protected":false},"author":1,"featured_media":642477,"comment_status":"open","ping_status":"open","sticky":false,"template":"","format":"standard","meta":{"footnotes":""},"categories":[7],"tags":[4321,2766,58,467,4322],"_links":{"self":[{"href":"https:\/\/www.dexeus.com\/blog\/wp-json\/wp\/v2\/posts\/642475"}],"collection":[{"href":"https:\/\/www.dexeus.com\/blog\/wp-json\/wp\/v2\/posts"}],"about":[{"href":"https:\/\/www.dexeus.com\/blog\/wp-json\/wp\/v2\/types\/post"}],"author":[{"embeddable":true,"href":"https:\/\/www.dexeus.com\/blog\/wp-json\/wp\/v2\/users\/1"}],"replies":[{"embeddable":true,"href":"https:\/\/www.dexeus.com\/blog\/wp-json\/wp\/v2\/comments?post=642475"}],"version-history":[{"count":4,"href":"https:\/\/www.dexeus.com\/blog\/wp-json\/wp\/v2\/posts\/642475\/revisions"}],"predecessor-version":[{"id":642609,"href":"https:\/\/www.dexeus.com\/blog\/wp-json\/wp\/v2\/posts\/642475\/revisions\/642609"}],"wp:featuredmedia":[{"embeddable":true,"href":"https:\/\/www.dexeus.com\/blog\/wp-json\/wp\/v2\/media\/642477"}],"wp:attachment":[{"href":"https:\/\/www.dexeus.com\/blog\/wp-json\/wp\/v2\/media?parent=642475"}],"wp:term":[{"taxonomy":"category","embeddable":true,"href":"https:\/\/www.dexeus.com\/blog\/wp-json\/wp\/v2\/categories?post=642475"},{"taxonomy":"post_tag","embeddable":true,"href":"https:\/\/www.dexeus.com\/blog\/wp-json\/wp\/v2\/tags?post=642475"}],"curies":[{"name":"wp","href":"https:\/\/api.w.org\/{rel}","templated":true}]}}