{"id":644069,"date":"2024-01-31T08:00:00","date_gmt":"2024-01-31T07:00:00","guid":{"rendered":"https:\/\/www.dexeus.com\/blog\/?p=644069"},"modified":"2024-05-08T11:05:47","modified_gmt":"2024-05-08T09:05:47","slug":"cancer-mama-masculino","status":"publish","type":"post","link":"https:\/\/www.dexeus.com\/blog\/actualidad\/cancer-mama-masculino\/","title":{"rendered":"El c\u00e1ncer de mama masculino tambi\u00e9n existe"},"content":{"rendered":"\n<p><strong>El 4 de febrero se celebra el D\u00eda Mundial contra el C\u00e1ncer<\/strong>. Es una enfermedad que todo el mundo conoce. En las mujeres el de mama es el m\u00e1s frecuente. Solo en Espa\u00f1a se diagnostican unos 35.000 nuevos casos al a\u00f1o, una cifra que alcanza los 2,3 millones a escala mundial, seg\u00fan la Organizaci\u00f3n Mundial de la Salud (OMS).<br><br>Lo que no se sabe, y apenas se habla, es que el <strong>1%<\/strong> <strong>de todos los casos de c\u00e1ncer de mama diagnosticados afectan a hombres<\/strong>. Es un porcentaje peque\u00f1o, pero que no deja de ser un n\u00famero absoluto importante de personas al a\u00f1o. <strong>En <a style=\"text-decoration: underline;\" href=\"https:\/\/www.dexeus.com\/cancer\/cancer-de-mama\" target=\"_blank\" rel=\"noreferrer noopener\">Dexeus Mujer <\/a>hemos diagnosticado unos cuantos casos en los \u00faltimos a\u00f1os, y tambi\u00e9n los tratamos y hacemos el seguimiento<\/strong>.<br><br>El principal problema es que este tipo de c\u00e1ncer en hombres es una realidad muy poco visibilizada. <strong>\u201cMuchos hombres no son conscientes de que pueden padecerlo y no acuden al m\u00e9dico cuando detectan alguna irregularidad, lo que retrasa el tratamiento y puede empeorar el pron\u00f3stico\u201d<\/strong> explica el <a href=\"https:\/\/dakarporlavida.com\/\" target=\"_blank\" rel=\"noreferrer noopener\">Dr. Francesc Fargas<\/a>, especialista en Ginecolog\u00eda Oncol\u00f3gica y Patolog\u00eda Mamaria de Dexeus Mujer. De hecho, un<strong> 80%<\/strong> de los casos se encuentran en <strong>estadios avanzados <\/strong>cuando se realiza el diagn\u00f3stico.<br><br>Precisamente para fomentar la investigaci\u00f3n y aumentar la concienciaci\u00f3n se cre\u00f3 hace ahora 5 a\u00f1os la <a style=\"text-decoration: underline;\" href=\"https:\/\/invicancer.org\/\" target=\"_blank\" rel=\"noreferrer noopener\">Asociaci\u00f3n de Pacientes con C\u00e1ncer de Mama Masculino INV<\/a><a href=\"https:\/\/invicancer.org\/\">I<\/a> \u2013INVI de \u201cinvisibles\u201d, por la invisibilidad social que sufren los afectados-. Junto al Grupo GEICAM de Investigaci\u00f3n en C\u00e1ncer de Mama, la Asociaci\u00f3n INVI ha impulsado la creaci\u00f3n del <strong>primer Registro Nacional de C\u00e1ncer de Mama en el Var\u00f3n en Espa\u00f1a.<\/strong> Este registro ha permitido recopilar datos cl\u00ednicos de unos 800 pacientes masculinos de 54 centros hospitalarios asociados al Grupo y disponer de informaci\u00f3n sobre las caracter\u00edsticas cl\u00ednicas, antecedentes familiares y tratamientos realizados, as\u00ed como sobre la caracterizaci\u00f3n gen\u00e9tica y molecular de los tumores. De momento se ha observado que en el hombre el componente hereditario tiene un mayor peso (un 18% vs 10% de los casos en la mujer) y tambi\u00e9n que la mayor\u00eda en ellos corresponden a un subtipo espec\u00edfico.<br><br>Pero,<strong> \u00bfpor qu\u00e9 este tipo de c\u00e1ncer tambi\u00e9n les afecta, si no tienen mamas?<\/strong> Pues porque los hombres tambi\u00e9n tienen gl\u00e1ndulas mamarias. Lo que ocurre es que \u00abtienen menos cantidad de tejido y no est\u00e1n desarrolladas porque no tienen tanto estimulo hormonal, pero eso no significa que no puedan sufrir un c\u00e1ncer de mama, especialmente si tienen antecedentes familiares de c\u00e1ncer de mama de origen gen\u00e9tico\u00bb, explica el Dr. Fargas. Los m\u00e1s frecuentes son los asociados a mutaciones en los genes BRCA1, el BRCA2, el CHEK2 y PALB2. Pero tambi\u00e9n hay casos que no son gen\u00e9ticos. <strong>\u201cPor ello, y ante cualquier s\u00edntoma, siempre hay que acudir cuanto antes a un ginec\u00f3logo experto en oncolog\u00eda y patolog\u00eda mamaria, o pedir al m\u00e9dico de cabecera la derivaci\u00f3n\u201d<\/strong>, a\u00f1ade.<br><br><strong>Actualmente, el diagn\u00f3stico y tratamiento de la enfermedad se realiza siguiendo el mismo protocolo que en el c\u00e1ncer de mama que afecta a las mujeres<\/strong>. Ante cualquier indicio susceptible de tumor se lleva a cabo una exploraci\u00f3n f\u00edsica, una mamograf\u00eda, una ecograf\u00eda y, si hay sospecha de malignidad, una biopsia (extracci\u00f3n y an\u00e1lisis de una muestra celular). Una vez confirmado el c\u00e1ncer, se suele realizar cirug\u00eda, normalmente una mastectom\u00eda (cirug\u00eda para extirpar la mama). Posteriormente se puede prescribir un tratamiento hormonal, que puede durar de 5 a 10 a\u00f1os, y tambi\u00e9n en algunos casos puede ser necesario aplicar un tratamiento de quimioterapia o radioterapia.<br><br>A diferencia del c\u00e1ncer de mama femenino, la mayor\u00eda de los c\u00e1nceres de mama masculinos son de la misma tipolog\u00eda (carcinoma ductal infiltrante) y se diagnostican a una edad avanzada (entre los 60 y los 70 a\u00f1os). Pero tambi\u00e9n se han detectado casos en hombres m\u00e1s j\u00f3venes, de entre 40-50 a\u00f1os o menos. Por ello, es importante estar atento. <strong>En los hombres, igual que en las mujeres, un diagn\u00f3stico precoz puede mejorar mucho el pron\u00f3stico y la supervivencia<\/strong>.<br><br>La Asociaci\u00f3n INVI ha puesto en marcha diversas iniciativas para potenciar la investigaci\u00f3n y aumentar la visibilidad de este c\u00e1ncer \u201cinvisible\u201d socialmente. Recientemente, particip\u00f3 en el rally Par\u00eds Dakar con un cami\u00f3n 4&#215;4 de color rosa bajo el lema <a href=\"https:\/\/dakarporlavida.com\/\" target=\"_blank\" rel=\"noreferrer noopener\">\u00abDakar por la vida 2024\u00bb<\/a>. Esta iniciativa cont\u00f3 con el apoyo de la Fundaci\u00f3n Carrera por la vida, y su objetivo ha sido recaudar fondos para apoyar la elaboraci\u00f3n del registro nacional de pacientes de c\u00e1ncer de mama masculino y ofrecer apoyo psicol\u00f3gico a personas afectadas y a sus familias. <\/p>\n\n\n\n<p>Por otro lado, al ser una enfermedad poco frecuente en hombres, a algunos pacientes les resulta inc\u00f3modo ser atendido en consultas destinadas a mujeres y seguir los mismos protocolos. En este sentido, INVI tambi\u00e9n ha puesto en marcha otro proyecto que cuenta con el apoyo del Instituto de Investigaci\u00f3n Sanitaria Arag\u00f3n (IIS Arag\u00f3n). Su objetivo es ampliar los conocimientos sobre el c\u00e1ncer de mama masculino y desarrollar <strong>protocolos espec\u00edficos<\/strong> para su abordaje, ya que se han visto diferencias anat\u00f3micas, patol\u00f3gicas y de evoluci\u00f3n de la enfermedad.<\/p>\n\n\n\n<p><\/p>\n\n\n\n<div class='et-box et-shadow'>\n\t\t\t\t\t<div class='et-box-content'><p><strong>S\u00edntomas de alerta<\/strong><br><br>Como ocurre en el c\u00e1ncer de mama femenino, no todas las irregularidades que se pueden detectar en las mamas son indicio de un tumor. No obstante, siempre hay que consultar al m\u00e9dico.<br><br>-Aparici\u00f3n de un bulto mamario o axilar, o engrosamiento en el pez\u00f3n<br>-Cambios en la piel de las mamas: hoyuelos, arrugas, enrojecimiento o descamaci\u00f3n<br>-Aumento de volumen mamario. Puede estar relacionado con cambios hormonales y no tiene por qu\u00e9 ser un tumor maligno<br>-Retracci\u00f3n de la mama, pezones hundidos o invertidos<br>-Secreci\u00f3n del pez\u00f3n<\/p><\/div><\/div>\n\n\n\n<iframe loading=\"lazy\" width=\"560\" height=\"315\" src=\"https:\/\/www.youtube.com\/embed\/kiLqiESS4Dc?si=Hg7XO-h7_z4NG5UZ\" title=\"YouTube video player\" frameborder=\"0\" allow=\"accelerometer; autoplay; clipboard-write; encrypted-media; gyroscope; picture-in-picture; web-share\" allowfullscreen><\/iframe>\n\n\n\n<p><br><\/p>\n\n\n\n<figure class=\"wp-block-embed is-type-video is-provider-youtube wp-block-embed-youtube wp-embed-aspect-16-9 wp-has-aspect-ratio\"><div class=\"wp-block-embed__wrapper\">\n<iframe loading=\"lazy\" title=\"Juan Arce, testimonio de paciente afectado de c\u00e1ncer de mama, miembro de la Asociaci\u00f3n INVI\" width=\"1080\" height=\"608\" src=\"https:\/\/www.youtube.com\/embed\/ns4BTyoFOTA?feature=oembed&#038;enablejsapi=1&#038;origin=https:\/\/www.dexeus.com\" frameborder=\"0\" allow=\"accelerometer; autoplay; clipboard-write; encrypted-media; gyroscope; picture-in-picture; web-share\" allowfullscreen><\/iframe>\n<\/div><\/figure>\n","protected":false},"excerpt":{"rendered":"<p>El 4 de febrero se celebra el D\u00eda Mundial contra el C\u00e1ncer. Es una enfermedad que todo el mundo conoce. En las mujeres el de mama es el m\u00e1s frecuente. Solo en Espa\u00f1a se diagnostican unos 35.000 nuevos casos al a\u00f1o, una cifra que alcanza los 2,3 millones a escala mundial, seg\u00fan la Organizaci\u00f3n Mundial [&hellip;]<\/p>\n","protected":false},"author":1,"featured_media":644056,"comment_status":"closed","ping_status":"open","sticky":false,"template":"","format":"standard","meta":{"footnotes":""},"categories":[3],"tags":[4426,4427],"_links":{"self":[{"href":"https:\/\/www.dexeus.com\/blog\/wp-json\/wp\/v2\/posts\/644069"}],"collection":[{"href":"https:\/\/www.dexeus.com\/blog\/wp-json\/wp\/v2\/posts"}],"about":[{"href":"https:\/\/www.dexeus.com\/blog\/wp-json\/wp\/v2\/types\/post"}],"author":[{"embeddable":true,"href":"https:\/\/www.dexeus.com\/blog\/wp-json\/wp\/v2\/users\/1"}],"replies":[{"embeddable":true,"href":"https:\/\/www.dexeus.com\/blog\/wp-json\/wp\/v2\/comments?post=644069"}],"version-history":[{"count":13,"href":"https:\/\/www.dexeus.com\/blog\/wp-json\/wp\/v2\/posts\/644069\/revisions"}],"predecessor-version":[{"id":644191,"href":"https:\/\/www.dexeus.com\/blog\/wp-json\/wp\/v2\/posts\/644069\/revisions\/644191"}],"wp:featuredmedia":[{"embeddable":true,"href":"https:\/\/www.dexeus.com\/blog\/wp-json\/wp\/v2\/media\/644056"}],"wp:attachment":[{"href":"https:\/\/www.dexeus.com\/blog\/wp-json\/wp\/v2\/media?parent=644069"}],"wp:term":[{"taxonomy":"category","embeddable":true,"href":"https:\/\/www.dexeus.com\/blog\/wp-json\/wp\/v2\/categories?post=644069"},{"taxonomy":"post_tag","embeddable":true,"href":"https:\/\/www.dexeus.com\/blog\/wp-json\/wp\/v2\/tags?post=644069"}],"curies":[{"name":"wp","href":"https:\/\/api.w.org\/{rel}","templated":true}]}}