{"id":20425,"date":"2025-04-29T14:08:38","date_gmt":"2025-04-29T14:08:38","guid":{"rendered":"https:\/\/www.dexeus.com\/dxslife\/blog\/sense-categoritzar\/i-si-no-vol-posar-se-el-preservatiu\/"},"modified":"2025-04-29T14:28:56","modified_gmt":"2025-04-29T14:28:56","slug":"i-si-no-vol-posar-se-el-preservatiu","status":"publish","type":"post","link":"https:\/\/www.dexeus.com\/dxslife\/ca\/blog\/sexualitat\/i-si-no-vol-posar-se-el-preservatiu\/","title":{"rendered":"I si no vol posar-se el preservatiu?"},"content":{"rendered":"\t\t<div data-elementor-type=\"wp-post\" data-elementor-id=\"20425\" class=\"elementor elementor-20425 elementor-20401\" data-elementor-post-type=\"post\">\n\t\t\t\t\t\t<section class=\"elementor-section elementor-top-section elementor-element elementor-element-b73bc64 elementor-section-boxed elementor-section-height-default elementor-section-height-default\" data-id=\"b73bc64\" data-element_type=\"section\" data-settings=\"{&quot;jet_parallax_layout_list&quot;:[]}\">\n\t\t\t\t\t\t<div class=\"elementor-container elementor-column-gap-default\">\n\t\t\t\t\t<div class=\"elementor-column elementor-col-100 elementor-top-column elementor-element elementor-element-411e365\" data-id=\"411e365\" data-element_type=\"column\">\n\t\t\t<div class=\"elementor-widget-wrap elementor-element-populated\">\n\t\t\t\t\t\t<div class=\"elementor-element elementor-element-c4c9bc6 elementor-widget elementor-widget-text-editor\" data-id=\"c4c9bc6\" data-element_type=\"widget\" data-widget_type=\"text-editor.default\">\n\t\t\t\t<div class=\"elementor-widget-container\">\n\t\t\t\t\t\t\t\t\t<p>Perqu\u00e8 una relaci\u00f3 funcioni hi ha moltes coses que compten, a m\u00e9s de l&#8217;atracci\u00f3 f\u00edsica i personal: la complicitat, la confian\u00e7a, la sinceritat, el respecte, deixar espai a l&#8217;altre, compartir interessos i, especialment, que hi hagi una bona comunicaci\u00f3 des del principi: poder parlar de tot i estar disposat a escoltar i a pactar si hi ha una cosa en la qual no estem d&#8217;acord, per a arribar a una soluci\u00f3 en la qual tots dos ens sentim c\u00f2modes.<\/p><p>De fet, en les parelles que hi ha una bona amistat de base les coses solen ser m\u00e9s senzilles. I aix\u00f2 val per a tot, especialment en el tema del sexe.<\/p><p>Per\u00f2, si portes poc temps o es tracta de la vostra &#8220;primera vegada&#8221;, \u00e9s possible que encara no h\u00e0giu tingut temps d&#8217;entrar en els detalls i menys de posar condicions. Per\u00f2 hi ha una l\u00ednia vermella molt clara: la protecci\u00f3 enfront de les ITS.<\/p><p>Des de fa uns anys s&#8217;ha perdut la por i ning\u00fa creu que estigui exposat a contreure una infecci\u00f3 d&#8217;aquest tipus. Per\u00f2 la majoria de les ITS no provoquen s\u00edmptomes i els que o les que els han tingut, no ho expliquen, la qual cosa afavoreix el contagi. Aix\u00ed que cal utilitzar <strong>s\u00ed o s\u00ed<\/strong> un m\u00e8tode anticonceptiu de barrera: el preservatiu. En relacions entre dones, tamb\u00e9 podeu utilitzar-ho si intercanvieu joguines er\u00f2tiques.<\/p><p>Per\u00f2 i si donat el moment, ell o ella es nega? Perqu\u00e8 per molt que ens costi, o creguem que &#8220;tallar\u00e0 el rotllo&#8221;, cal posar-se ferm. Aqu\u00ed tens algunes idees que poden ser \u00fatils:<\/p><ul><li>Tinc les mateixes ganes que tu, o m\u00e9s, per\u00f2 no vull c\u00f3rrer riscos, aix\u00ed que:<br \/><span style=\"color: #e453b3;\">&#8220;Podem besar-nos i tocar-nos, per\u00f2 no anar m\u00e9s enll\u00e0 sense preservatiu&#8221;<\/span><\/li><li>Els anticonceptius eviten un embar\u00e0s, per\u00f2 no una ITS:<br \/><span style=\"color: #e453b3;\">&#8220;No vull ni una ITS ni un embar\u00e0s&#8221;<\/span><\/li><li>Protegir-nos <span style=\"text-decoration: underline;\">\u00e9s responsabilitat de tots dos<\/span>, moltes ITS no donen s\u00edmptomes:<br \/><span style=\"color: #e453b3;\">&#8220;Tinc amigues a les quals els ha passat, aix\u00ed que hem de ser responsables&#8221;<\/span><\/li><li>Compra preservatius de diverses grand\u00e0ries, i que siguin de qualitat, aix\u00ed podr\u00e0s dir-li:<br \/><span style=\"color: #e453b3;\">&#8220;No hi ha problema, si tu no portes preservatius jo s\u00ed que tinc&#8221; <\/span><\/li><\/ul>\t\t\t\t\t\t\t\t<\/div>\n\t\t\t\t<\/div>\n\t\t\t\t<div class=\"elementor-element elementor-element-a865807 elementor-widget elementor-widget-text-editor\" data-id=\"a865807\" data-element_type=\"widget\" data-widget_type=\"text-editor.default\">\n\t\t\t\t<div class=\"elementor-widget-container\">\n\t\t\t\t\t\t\t\t\t<p>Al final, si la relaci\u00f3 entre vosaltres \u00e9s bona, segur que s&#8217;adapta. I si no, el missatge \u00e9s molt senzill: no val la pena. <\/p>\t\t\t\t\t\t\t\t<\/div>\n\t\t\t\t<\/div>\n\t\t\t\t\t<\/div>\n\t\t<\/div>\n\t\t\t\t\t<\/div>\n\t\t<\/section>\n\t\t\t\t<\/div>\n\t\t","protected":false},"excerpt":{"rendered":"<p>Perqu\u00e8 una relaci\u00f3 funcioni, hi ha moltes coses que compten, protegir la teva salut \u00e9s una prioritat, no una opci\u00f3.<\/p>\n","protected":false},"author":2,"featured_media":20407,"comment_status":"closed","ping_status":"closed","sticky":false,"template":"","format":"standard","meta":{"footnotes":""},"categories":[167],"tags":[190,212,232],"class_list":["post-20425","post","type-post","status-publish","format-standard","has-post-thumbnail","hentry","category-sexualitat","tag-anticonceptius","tag-its-ca","tag-preservatiu"],"yoast_head":"<!-- This site is optimized with the Yoast SEO plugin v26.8 - https:\/\/yoast.com\/product\/yoast-seo-wordpress\/ -->\n<title>I si no vol posar-se el preservatiu? - DXS Life<\/title>\n<meta name=\"description\" content=\"Perqu\u00e8 una relaci\u00f3 funcioni, hi ha moltes coses que compten, protegir la teva salut \u00e9s una prioritat, no una opci\u00f3.\" \/>\n<meta name=\"robots\" content=\"index, follow, max-snippet:-1, max-image-preview:large, max-video-preview:-1\" \/>\n<link rel=\"canonical\" href=\"https:\/\/www.dexeus.com\/dxslife\/ca\/blog\/sexualitat\/i-si-no-vol-posar-se-el-preservatiu\/\" \/>\n<meta property=\"og:locale\" content=\"ca_ES\" \/>\n<meta property=\"og:type\" content=\"article\" \/>\n<meta property=\"og:title\" content=\"I si no vol posar-se el preservatiu? - DXS Life\" \/>\n<meta property=\"og:description\" content=\"Perqu\u00e8 una relaci\u00f3 funcioni, hi ha moltes coses que compten, protegir la teva salut \u00e9s una prioritat, no una opci\u00f3.\" \/>\n<meta property=\"og:url\" content=\"https:\/\/www.dexeus.com\/dxslife\/ca\/blog\/sexualitat\/i-si-no-vol-posar-se-el-preservatiu\/\" \/>\n<meta property=\"og:site_name\" content=\"DXS Life\" \/>\n<meta property=\"article:publisher\" content=\"https:\/\/www.facebook.com\/DXSLife.DexeusMujer\" \/>\n<meta property=\"article:published_time\" content=\"2025-04-29T14:08:38+00:00\" \/>\n<meta property=\"article:modified_time\" content=\"2025-04-29T14:28:56+00:00\" \/>\n<meta property=\"og:image\" content=\"https:\/\/www.dexeus.com\/dxslife\/wp-content\/uploads\/2025\/04\/ponerse-preservativo.jpg\" \/>\n\t<meta property=\"og:image:width\" content=\"1000\" \/>\n\t<meta property=\"og:image:height\" content=\"600\" \/>\n\t<meta property=\"og:image:type\" content=\"image\/jpeg\" \/>\n<meta name=\"author\" content=\"Estela del Alba Pelaez\" \/>\n<meta name=\"twitter:card\" content=\"summary_large_image\" \/>\n<meta name=\"twitter:label1\" content=\"Escrit per\" \/>\n\t<meta name=\"twitter:data1\" content=\"Estela del Alba Pelaez\" \/>\n\t<meta name=\"twitter:label2\" content=\"Temps estimat de lectura\" \/>\n\t<meta name=\"twitter:data2\" content=\"3 minuts\" \/>\n<script type=\"application\/ld+json\" class=\"yoast-schema-graph\">{\"@context\":\"https:\/\/schema.org\",\"@graph\":[{\"@type\":\"Article\",\"@id\":\"https:\/\/www.dexeus.com\/dxslife\/ca\/blog\/sexualitat\/i-si-no-vol-posar-se-el-preservatiu\/#article\",\"isPartOf\":{\"@id\":\"https:\/\/www.dexeus.com\/dxslife\/ca\/blog\/sexualitat\/i-si-no-vol-posar-se-el-preservatiu\/\"},\"author\":{\"name\":\"Estela del Alba Pelaez\",\"@id\":\"https:\/\/www.dexeus.com\/dxslife\/ca\/#\/schema\/person\/3cf03604fdc463e54315f87130ddd8dd\"},\"headline\":\"I si no vol posar-se el preservatiu?\",\"datePublished\":\"2025-04-29T14:08:38+00:00\",\"dateModified\":\"2025-04-29T14:28:56+00:00\",\"mainEntityOfPage\":{\"@id\":\"https:\/\/www.dexeus.com\/dxslife\/ca\/blog\/sexualitat\/i-si-no-vol-posar-se-el-preservatiu\/\"},\"wordCount\":404,\"publisher\":{\"@id\":\"https:\/\/www.dexeus.com\/dxslife\/ca\/#organization\"},\"image\":{\"@id\":\"https:\/\/www.dexeus.com\/dxslife\/ca\/blog\/sexualitat\/i-si-no-vol-posar-se-el-preservatiu\/#primaryimage\"},\"thumbnailUrl\":\"https:\/\/www.dexeus.com\/dxslife\/wp-content\/uploads\/2025\/04\/ponerse-preservativo.jpg\",\"keywords\":[\"anticonceptius\",\"ITS\",\"preservatiu\"],\"articleSection\":[\"Sexualitat\"],\"inLanguage\":\"ca\"},{\"@type\":\"WebPage\",\"@id\":\"https:\/\/www.dexeus.com\/dxslife\/ca\/blog\/sexualitat\/i-si-no-vol-posar-se-el-preservatiu\/\",\"url\":\"https:\/\/www.dexeus.com\/dxslife\/ca\/blog\/sexualitat\/i-si-no-vol-posar-se-el-preservatiu\/\",\"name\":\"I si no vol posar-se el preservatiu? - DXS Life\",\"isPartOf\":{\"@id\":\"https:\/\/www.dexeus.com\/dxslife\/ca\/#website\"},\"primaryImageOfPage\":{\"@id\":\"https:\/\/www.dexeus.com\/dxslife\/ca\/blog\/sexualitat\/i-si-no-vol-posar-se-el-preservatiu\/#primaryimage\"},\"image\":{\"@id\":\"https:\/\/www.dexeus.com\/dxslife\/ca\/blog\/sexualitat\/i-si-no-vol-posar-se-el-preservatiu\/#primaryimage\"},\"thumbnailUrl\":\"https:\/\/www.dexeus.com\/dxslife\/wp-content\/uploads\/2025\/04\/ponerse-preservativo.jpg\",\"datePublished\":\"2025-04-29T14:08:38+00:00\",\"dateModified\":\"2025-04-29T14:28:56+00:00\",\"description\":\"Perqu\u00e8 una relaci\u00f3 funcioni, hi ha moltes coses que compten, protegir la teva salut \u00e9s una prioritat, no una opci\u00f3.\",\"breadcrumb\":{\"@id\":\"https:\/\/www.dexeus.com\/dxslife\/ca\/blog\/sexualitat\/i-si-no-vol-posar-se-el-preservatiu\/#breadcrumb\"},\"inLanguage\":\"ca\",\"potentialAction\":[{\"@type\":\"ReadAction\",\"target\":[\"https:\/\/www.dexeus.com\/dxslife\/ca\/blog\/sexualitat\/i-si-no-vol-posar-se-el-preservatiu\/\"]}]},{\"@type\":\"ImageObject\",\"inLanguage\":\"ca\",\"@id\":\"https:\/\/www.dexeus.com\/dxslife\/ca\/blog\/sexualitat\/i-si-no-vol-posar-se-el-preservatiu\/#primaryimage\",\"url\":\"https:\/\/www.dexeus.com\/dxslife\/wp-content\/uploads\/2025\/04\/ponerse-preservativo.jpg\",\"contentUrl\":\"https:\/\/www.dexeus.com\/dxslife\/wp-content\/uploads\/2025\/04\/ponerse-preservativo.jpg\",\"width\":1000,\"height\":600,\"caption\":\"\u00bfY si no quiere ponerse el preservativo?\"},{\"@type\":\"BreadcrumbList\",\"@id\":\"https:\/\/www.dexeus.com\/dxslife\/ca\/blog\/sexualitat\/i-si-no-vol-posar-se-el-preservatiu\/#breadcrumb\",\"itemListElement\":[{\"@type\":\"ListItem\",\"position\":1,\"name\":\"Home\",\"item\":\"https:\/\/www.dexeus.com\/dxslife\/ca\/\"},{\"@type\":\"ListItem\",\"position\":2,\"name\":\"I si no vol posar-se el preservatiu?\"}]},{\"@type\":\"WebSite\",\"@id\":\"https:\/\/www.dexeus.com\/dxslife\/ca\/#website\",\"url\":\"https:\/\/www.dexeus.com\/dxslife\/ca\/\",\"name\":\"DXS Life\",\"description\":\"Benvinguda al teu espai de ginecologia de Dexeus Dona\",\"publisher\":{\"@id\":\"https:\/\/www.dexeus.com\/dxslife\/ca\/#organization\"},\"potentialAction\":[{\"@type\":\"SearchAction\",\"target\":{\"@type\":\"EntryPoint\",\"urlTemplate\":\"https:\/\/www.dexeus.com\/dxslife\/ca\/?s={search_term_string}\"},\"query-input\":{\"@type\":\"PropertyValueSpecification\",\"valueRequired\":true,\"valueName\":\"search_term_string\"}}],\"inLanguage\":\"ca\"},{\"@type\":\"Organization\",\"@id\":\"https:\/\/www.dexeus.com\/dxslife\/ca\/#organization\",\"name\":\"DXS Life\",\"url\":\"https:\/\/www.dexeus.com\/dxslife\/ca\/\",\"logo\":{\"@type\":\"ImageObject\",\"inLanguage\":\"ca\",\"@id\":\"https:\/\/www.dexeus.com\/dxslife\/ca\/#\/schema\/logo\/image\/\",\"url\":\"https:\/\/www.dexeus.com\/dxslife\/wp-content\/uploads\/2022\/06\/DXS-LIFE_logo-2-1.png\",\"contentUrl\":\"https:\/\/www.dexeus.com\/dxslife\/wp-content\/uploads\/2022\/06\/DXS-LIFE_logo-2-1.png\",\"width\":117,\"height\":100,\"caption\":\"DXS Life\"},\"image\":{\"@id\":\"https:\/\/www.dexeus.com\/dxslife\/ca\/#\/schema\/logo\/image\/\"},\"sameAs\":[\"https:\/\/www.facebook.com\/DXSLife.DexeusMujer\",\"https:\/\/www.instagram.com\/dxs_life\/\"]},{\"@type\":\"Person\",\"@id\":\"https:\/\/www.dexeus.com\/dxslife\/ca\/#\/schema\/person\/3cf03604fdc463e54315f87130ddd8dd\",\"name\":\"Estela del Alba Pelaez\",\"image\":{\"@type\":\"ImageObject\",\"inLanguage\":\"ca\",\"@id\":\"https:\/\/www.dexeus.com\/dxslife\/ca\/#\/schema\/person\/image\/\",\"url\":\"https:\/\/secure.gravatar.com\/avatar\/0aecb2b1cbef08d7fb7310440a3d6efa6ac67285f0beddfc400202030020eed9?s=96&d=mm&r=g\",\"contentUrl\":\"https:\/\/secure.gravatar.com\/avatar\/0aecb2b1cbef08d7fb7310440a3d6efa6ac67285f0beddfc400202030020eed9?s=96&d=mm&r=g\",\"caption\":\"Estela del Alba Pelaez\"},\"url\":\"https:\/\/www.dexeus.com\/dxslife\/ca\/blog\/author\/estpel\/\"}]}<\/script>\n<!-- \/ Yoast SEO plugin. -->","yoast_head_json":{"title":"I si no vol posar-se el preservatiu? - DXS Life","description":"Perqu\u00e8 una relaci\u00f3 funcioni, hi ha moltes coses que compten, protegir la teva salut \u00e9s una prioritat, no una opci\u00f3.","robots":{"index":"index","follow":"follow","max-snippet":"max-snippet:-1","max-image-preview":"max-image-preview:large","max-video-preview":"max-video-preview:-1"},"canonical":"https:\/\/www.dexeus.com\/dxslife\/ca\/blog\/sexualitat\/i-si-no-vol-posar-se-el-preservatiu\/","og_locale":"ca_ES","og_type":"article","og_title":"I si no vol posar-se el preservatiu? - DXS Life","og_description":"Perqu\u00e8 una relaci\u00f3 funcioni, hi ha moltes coses que compten, protegir la teva salut \u00e9s una prioritat, no una opci\u00f3.","og_url":"https:\/\/www.dexeus.com\/dxslife\/ca\/blog\/sexualitat\/i-si-no-vol-posar-se-el-preservatiu\/","og_site_name":"DXS Life","article_publisher":"https:\/\/www.facebook.com\/DXSLife.DexeusMujer","article_published_time":"2025-04-29T14:08:38+00:00","article_modified_time":"2025-04-29T14:28:56+00:00","og_image":[{"width":1000,"height":600,"url":"https:\/\/www.dexeus.com\/dxslife\/wp-content\/uploads\/2025\/04\/ponerse-preservativo.jpg","type":"image\/jpeg"}],"author":"Estela del Alba Pelaez","twitter_card":"summary_large_image","twitter_misc":{"Escrit per":"Estela del Alba Pelaez","Temps estimat de lectura":"3 minuts"},"schema":{"@context":"https:\/\/schema.org","@graph":[{"@type":"Article","@id":"https:\/\/www.dexeus.com\/dxslife\/ca\/blog\/sexualitat\/i-si-no-vol-posar-se-el-preservatiu\/#article","isPartOf":{"@id":"https:\/\/www.dexeus.com\/dxslife\/ca\/blog\/sexualitat\/i-si-no-vol-posar-se-el-preservatiu\/"},"author":{"name":"Estela del Alba Pelaez","@id":"https:\/\/www.dexeus.com\/dxslife\/ca\/#\/schema\/person\/3cf03604fdc463e54315f87130ddd8dd"},"headline":"I si no vol posar-se el preservatiu?","datePublished":"2025-04-29T14:08:38+00:00","dateModified":"2025-04-29T14:28:56+00:00","mainEntityOfPage":{"@id":"https:\/\/www.dexeus.com\/dxslife\/ca\/blog\/sexualitat\/i-si-no-vol-posar-se-el-preservatiu\/"},"wordCount":404,"publisher":{"@id":"https:\/\/www.dexeus.com\/dxslife\/ca\/#organization"},"image":{"@id":"https:\/\/www.dexeus.com\/dxslife\/ca\/blog\/sexualitat\/i-si-no-vol-posar-se-el-preservatiu\/#primaryimage"},"thumbnailUrl":"https:\/\/www.dexeus.com\/dxslife\/wp-content\/uploads\/2025\/04\/ponerse-preservativo.jpg","keywords":["anticonceptius","ITS","preservatiu"],"articleSection":["Sexualitat"],"inLanguage":"ca"},{"@type":"WebPage","@id":"https:\/\/www.dexeus.com\/dxslife\/ca\/blog\/sexualitat\/i-si-no-vol-posar-se-el-preservatiu\/","url":"https:\/\/www.dexeus.com\/dxslife\/ca\/blog\/sexualitat\/i-si-no-vol-posar-se-el-preservatiu\/","name":"I si no vol posar-se el preservatiu? - DXS Life","isPartOf":{"@id":"https:\/\/www.dexeus.com\/dxslife\/ca\/#website"},"primaryImageOfPage":{"@id":"https:\/\/www.dexeus.com\/dxslife\/ca\/blog\/sexualitat\/i-si-no-vol-posar-se-el-preservatiu\/#primaryimage"},"image":{"@id":"https:\/\/www.dexeus.com\/dxslife\/ca\/blog\/sexualitat\/i-si-no-vol-posar-se-el-preservatiu\/#primaryimage"},"thumbnailUrl":"https:\/\/www.dexeus.com\/dxslife\/wp-content\/uploads\/2025\/04\/ponerse-preservativo.jpg","datePublished":"2025-04-29T14:08:38+00:00","dateModified":"2025-04-29T14:28:56+00:00","description":"Perqu\u00e8 una relaci\u00f3 funcioni, hi ha moltes coses que compten, protegir la teva salut \u00e9s una prioritat, no una opci\u00f3.","breadcrumb":{"@id":"https:\/\/www.dexeus.com\/dxslife\/ca\/blog\/sexualitat\/i-si-no-vol-posar-se-el-preservatiu\/#breadcrumb"},"inLanguage":"ca","potentialAction":[{"@type":"ReadAction","target":["https:\/\/www.dexeus.com\/dxslife\/ca\/blog\/sexualitat\/i-si-no-vol-posar-se-el-preservatiu\/"]}]},{"@type":"ImageObject","inLanguage":"ca","@id":"https:\/\/www.dexeus.com\/dxslife\/ca\/blog\/sexualitat\/i-si-no-vol-posar-se-el-preservatiu\/#primaryimage","url":"https:\/\/www.dexeus.com\/dxslife\/wp-content\/uploads\/2025\/04\/ponerse-preservativo.jpg","contentUrl":"https:\/\/www.dexeus.com\/dxslife\/wp-content\/uploads\/2025\/04\/ponerse-preservativo.jpg","width":1000,"height":600,"caption":"\u00bfY si no quiere ponerse el preservativo?"},{"@type":"BreadcrumbList","@id":"https:\/\/www.dexeus.com\/dxslife\/ca\/blog\/sexualitat\/i-si-no-vol-posar-se-el-preservatiu\/#breadcrumb","itemListElement":[{"@type":"ListItem","position":1,"name":"Home","item":"https:\/\/www.dexeus.com\/dxslife\/ca\/"},{"@type":"ListItem","position":2,"name":"I si no vol posar-se el preservatiu?"}]},{"@type":"WebSite","@id":"https:\/\/www.dexeus.com\/dxslife\/ca\/#website","url":"https:\/\/www.dexeus.com\/dxslife\/ca\/","name":"DXS Life","description":"Benvinguda al teu espai de ginecologia de Dexeus Dona","publisher":{"@id":"https:\/\/www.dexeus.com\/dxslife\/ca\/#organization"},"potentialAction":[{"@type":"SearchAction","target":{"@type":"EntryPoint","urlTemplate":"https:\/\/www.dexeus.com\/dxslife\/ca\/?s={search_term_string}"},"query-input":{"@type":"PropertyValueSpecification","valueRequired":true,"valueName":"search_term_string"}}],"inLanguage":"ca"},{"@type":"Organization","@id":"https:\/\/www.dexeus.com\/dxslife\/ca\/#organization","name":"DXS Life","url":"https:\/\/www.dexeus.com\/dxslife\/ca\/","logo":{"@type":"ImageObject","inLanguage":"ca","@id":"https:\/\/www.dexeus.com\/dxslife\/ca\/#\/schema\/logo\/image\/","url":"https:\/\/www.dexeus.com\/dxslife\/wp-content\/uploads\/2022\/06\/DXS-LIFE_logo-2-1.png","contentUrl":"https:\/\/www.dexeus.com\/dxslife\/wp-content\/uploads\/2022\/06\/DXS-LIFE_logo-2-1.png","width":117,"height":100,"caption":"DXS Life"},"image":{"@id":"https:\/\/www.dexeus.com\/dxslife\/ca\/#\/schema\/logo\/image\/"},"sameAs":["https:\/\/www.facebook.com\/DXSLife.DexeusMujer","https:\/\/www.instagram.com\/dxs_life\/"]},{"@type":"Person","@id":"https:\/\/www.dexeus.com\/dxslife\/ca\/#\/schema\/person\/3cf03604fdc463e54315f87130ddd8dd","name":"Estela del Alba Pelaez","image":{"@type":"ImageObject","inLanguage":"ca","@id":"https:\/\/www.dexeus.com\/dxslife\/ca\/#\/schema\/person\/image\/","url":"https:\/\/secure.gravatar.com\/avatar\/0aecb2b1cbef08d7fb7310440a3d6efa6ac67285f0beddfc400202030020eed9?s=96&d=mm&r=g","contentUrl":"https:\/\/secure.gravatar.com\/avatar\/0aecb2b1cbef08d7fb7310440a3d6efa6ac67285f0beddfc400202030020eed9?s=96&d=mm&r=g","caption":"Estela del Alba Pelaez"},"url":"https:\/\/www.dexeus.com\/dxslife\/ca\/blog\/author\/estpel\/"}]}},"_links":{"self":[{"href":"https:\/\/www.dexeus.com\/dxslife\/ca\/wp-json\/wp\/v2\/posts\/20425","targetHints":{"allow":["GET"]}}],"collection":[{"href":"https:\/\/www.dexeus.com\/dxslife\/ca\/wp-json\/wp\/v2\/posts"}],"about":[{"href":"https:\/\/www.dexeus.com\/dxslife\/ca\/wp-json\/wp\/v2\/types\/post"}],"author":[{"embeddable":true,"href":"https:\/\/www.dexeus.com\/dxslife\/ca\/wp-json\/wp\/v2\/users\/2"}],"replies":[{"embeddable":true,"href":"https:\/\/www.dexeus.com\/dxslife\/ca\/wp-json\/wp\/v2\/comments?post=20425"}],"version-history":[{"count":0,"href":"https:\/\/www.dexeus.com\/dxslife\/ca\/wp-json\/wp\/v2\/posts\/20425\/revisions"}],"wp:featuredmedia":[{"embeddable":true,"href":"https:\/\/www.dexeus.com\/dxslife\/ca\/wp-json\/wp\/v2\/media\/20407"}],"wp:attachment":[{"href":"https:\/\/www.dexeus.com\/dxslife\/ca\/wp-json\/wp\/v2\/media?parent=20425"}],"wp:term":[{"taxonomy":"category","embeddable":true,"href":"https:\/\/www.dexeus.com\/dxslife\/ca\/wp-json\/wp\/v2\/categories?post=20425"},{"taxonomy":"post_tag","embeddable":true,"href":"https:\/\/www.dexeus.com\/dxslife\/ca\/wp-json\/wp\/v2\/tags?post=20425"}],"curies":[{"name":"wp","href":"https:\/\/api.w.org\/{rel}","templated":true}]}}