{"id":10557,"date":"2025-06-16T09:43:11","date_gmt":"2025-06-16T07:43:11","guid":{"rendered":"https:\/\/www.dexeus.com\/midlife\/?p=10557"},"modified":"2025-11-18T15:38:52","modified_gmt":"2025-11-18T14:38:52","slug":"aprimar-menopausa","status":"publish","type":"post","link":"https:\/\/www.dexeus.com\/midlife\/ca\/aprimar-menopausa\/","title":{"rendered":"Et pots aprimar en la menopausa?\u00a0"},"content":{"rendered":"\n<p> La menopausa \u00e9s una fase de la vida reproductiva femenina l&#8217;impacte de la qual va m\u00e9s enll\u00e0 del simple cessament de la menstruaci\u00f3 <sup>1<\/sup>. \u00c9s una etapa en qu\u00e8 es produeixin nombrosos canvis f\u00edsics, i les fluctuacions de pes \u00e9s un dels que m\u00e9s preocupen moltes dones. <\/p>\n\n\n\n<h2 class=\"wp-block-heading\"> <strong>La menopausa fa aprimar-se o engreixar-se?<\/strong><\/h2>\n\n\n\n<p>L&#8217;<strong><a href=\"https:\/\/www.dexeus.com\/midlife\/ca\/sintoma\/augment-de-pes-i-inflor\/\">augment de pes<\/a><\/strong> \u00e9s un dels s\u00edmptomes m\u00e9s coneguts de la menopausa, ja que moltes dones l&#8217;experimenten i constitueix una de les seves grans preocupacions, no nom\u00e9s per q\u00fcestions est\u00e8tiques sin\u00f3 tamb\u00e9 de salut <sup>2<\/sup>. Tot i aix\u00ed, <strong>la menopausa no comporta, en si, una pujada de pes<\/strong>: la realitat \u00e9s m\u00e9s complexa i es defineix per una <strong>combinaci\u00f3 de factors gen\u00e8tics, hormonals i d&#8217;h\u00e0bits<\/strong>.<\/p>\n\n\n\n<p> Tot i que <strong>dir que la menopausa fa que ens engreixem \u00e9s massa simplista, s\u00ed que influeix en les parts del cos on s&#8217;acumula el greix<\/strong>. La producci\u00f3 d&#8217;estrogen, hormona clau en la composici\u00f3 corporal de les dones, decau durant aquesta fase, i provoca que el greix deixi d&#8217;acumular-se als malucs i a les cuixes i passi a la zona abdominal.<\/p>\n\n\n\n<h2 class=\"wp-block-heading\"><strong>Quines s\u00f3n les causes de l&#8217;augment de pes durant la menopausa?<\/strong><\/h2>\n\n\n\n<p>Aquest augment de pes obeeix a diversos factors. Els estr\u00f2gens hi tenen un paper clau, ja que la seva reducci\u00f3, a m\u00e9s d&#8217;afectar la distribuci\u00f3 del greix corporal, tamb\u00e9 provoca la p\u00e8rdua de massa muscular. Aix\u00f2 genera una acumulaci\u00f3 de greix m\u00e9s gran, encara que es mengi el mateix, pel fet que el m\u00fascul consumeix m\u00e9s calories que altres teixits i, per aix\u00f2, est\u00e0 \u00edntimament lligat al metabolisme basal. \u00c9s a dir, la p\u00e8rdua de massa muscular comporta un alentiment del nostre metabolisme.<\/p>\n\n\n\n<p> A m\u00e9s, durant la menopausa, algunes dones senten <strong>m\u00e9s sensaci\u00f3 de gana<\/strong>. Els desequilibris hormonals provoquen que la sensaci\u00f3 de sacietat es desreguli i s&#8217;ingereixin m\u00e9s calories. <\/p>\n\n\n\n<p>D&#8217;altra banda, l&#8217;<strong>alteraci\u00f3 dels ritmes circadians<\/strong> a causa de l&#8217;<strong><a href=\"https:\/\/www.dexeus.com\/midlife\/ca\/sintoma\/insomni\/\">insomni<\/a><\/strong> o els trastorns del son, l&#8217;<strong>ansietat<\/strong> o els <strong><a href=\"https:\/\/www.dexeus.com\/midlife\/ca\/sintoma\/canvis-dhumor\/\">canvis d&#8217;humor<\/a><\/strong>. Tots aquests s\u00edmptomes de la menopausa poden afectar les hormones que regulen la gana. La resist\u00e8ncia a la insulina, que algunes dones desenvolupen durant la menopausa, \u00e9s un altre factor coadjuvant que dificulta que el sucre es reguli b\u00e9 en la sang i fomenta l&#8217;acumulaci\u00f3 de greix <sup>3<\/sup>.<\/p>\n\n\n\n<p> La combinaci\u00f3 de tots aquests factors explica <strong>per qu\u00e8 ens engreixem en la menopausa<\/strong>. Afortunadament, l&#8217;estil de vida es pot adaptar per mantenir el pes o fins i tot aprimar-se al llarg d&#8217;aquesta etapa en la vida de les dones.<\/p>\n\n\n\n<h2 class=\"wp-block-heading\"> <strong>Consells d&#8217;h\u00e0bits de vida durant la menopausa<\/strong><\/h2>\n\n\n\n<p> Si t&#8217;est\u00e0s preguntant <strong>com<\/strong> <strong>aprimar-te en la menopausa,<\/strong> l&#8217;<strong>alimentaci\u00f3<\/strong> \u00e9s una de les principals claus <sup>4<\/sup>. \u00c9s recomanable seguir una dieta rica en prote\u00efnes, llegums, fruites, verdures, probi\u00f2tics i greixos saludables, i reduir al m\u00e0xim el consum de productes ultraprocessats, greixos saturats, carbohidrats refinats, alcohol i sucre.<\/p>\n\n\n\n<p> Controlar les porcions \u00e9s tan important com seguir una dieta equilibrada. A causa de la p\u00e8rdua de massa muscular, el consum de calories necessari per obtenir la mateixa energia \u00e9s menor i, per tant, les porcions s&#8217;han d&#8217;adaptar. Els <strong>productes alts en fibra i baixos en calories ajuden a augmentar la sacietat<\/strong> sense incrementar la ingesta cal\u00f2rica.<\/p>\n\n\n\n<p>L&#8217;<strong>activitat f\u00edsica<\/strong> tamb\u00e9 \u00e9s <strong>essencial per aprimar-se en la menopausa<\/strong> <sup>5<\/sup>. El m\u00e9s important \u00e9s adquirir l&#8217;h\u00e0bit de moure&#8217;s i, per aconseguir-ho, el millor \u00e9s trobar una activitat o un esport que ens agradi. Si no es t\u00e9 el costum de fer exercici, el millor \u00e9s comen\u00e7ar amb exercici moderat (caminar r\u00e0pid, anar amb bicicleta, nedar) i augmentar la intensitat a mesura que guanyem resist\u00e8ncia. I, si b\u00e9 no hi ha una f\u00f3rmula m\u00e0gica per determinar la rutina d&#8217;exercici ideal, l&#8217;entrenament de for\u00e7a amb pesos, bandes o el nostre propi pes corporal est\u00e0 especialment indicat, no nom\u00e9s per cremar greix i augmentar la massa muscular, sin\u00f3 per prevenir l&#8217;osteoporosi. <\/p>\n\n\n\n<p>Per acabar, una bona qualitat del son pot ajudar a controlar el pes durant la menopausa, ja que afavoreix l&#8217;equilibri hormonal.<\/p>\n\n\n\n<h2 class=\"wp-block-heading\"><strong>Tractaments professionals<\/strong><\/h2>\n\n\n\n<p> A Dexeus Midlife oferim diferents tractaments est\u00e8tics professionals que combaten el greix acumulat i ajuden a <strong>aprimar-se en la menopausa<\/strong>.<\/p>\n\n\n\n<div class=\"wp-block-columns is-layout-flex wp-container-core-columns-is-layout-28f84493 wp-block-columns-is-layout-flex\">\n<div class=\"wp-block-column is-layout-flow wp-block-column-is-layout-flow\">\n<h3 class=\"wp-block-heading\"><strong>Mesoter\u00e0pia<\/strong><\/h3>\n\n\n\n<p> Aquest procediment fet en cabina corregeix imperfeccions est\u00e8tiques mitjan\u00e7ant microinjeccions superficials per introduir principis actius en la dermis i, com que millora la microcirculaci\u00f3 sangu\u00ednia i limf\u00e0tica, ajuda a eliminar el greix localitzat en qualsevol part del cos. <\/p>\n\n\n\n<p>La <strong><a href=\"https:\/\/www.dexeus.com\/midlife\/ca\/tratamiento\/mesoterapia-que-es-i-per-a-que-serveix\/\" target=\"_blank\" rel=\"noreferrer noopener\">mesoter\u00e0pia<\/a><\/strong> es caracteritza per oferir resultats visibles i duradors.<\/p>\n<\/div>\n\n\n\n<div class=\"wp-block-column is-layout-flow wp-block-column-is-layout-flow\">\n<figure class=\"wp-block-image aligncenter size-full is-resized\"><a href=\"https:\/\/www.dexeus.com\/midlife\/ca\/tratamiento\/mesoterapia-que-es-i-per-a-que-serveix\/\"><img fetchpriority=\"high\" decoding=\"async\" width=\"600\" height=\"600\" src=\"https:\/\/www.dexeus.com\/midlife\/wp-content\/uploads\/2025\/06\/gama-mesohyal.jpg\" alt=\"tratamiento adelgazar menopausia\" class=\"wp-image-10241\" style=\"width:auto;height:330px\" srcset=\"https:\/\/www.dexeus.com\/midlife\/wp-content\/uploads\/2025\/06\/gama-mesohyal.jpg 600w, https:\/\/www.dexeus.com\/midlife\/wp-content\/uploads\/2025\/06\/gama-mesohyal-300x300.jpg 300w, https:\/\/www.dexeus.com\/midlife\/wp-content\/uploads\/2025\/06\/gama-mesohyal-100x100.jpg 100w, https:\/\/www.dexeus.com\/midlife\/wp-content\/uploads\/2025\/06\/gama-mesohyal-150x150.jpg 150w\" sizes=\"(max-width: 600px) 100vw, 600px\" \/><\/a><\/figure>\n\n\n\n<div class=\"wp-block-buttons is-content-justification-center is-layout-flex wp-container-core-buttons-is-layout-a89b3969 wp-block-buttons-is-layout-flex\">\n<div class=\"wp-block-button\"><a class=\"wp-block-button__link has-white-color has-text-color has-background has-link-color wp-element-button\" href=\"https:\/\/www.dexeus.com\/midlife\/ca\/demana-hora\/\" style=\"background-color:#6b2c3d\"><strong>DEMANAR CITA<\/strong><\/a><\/div>\n<\/div>\n<\/div>\n<\/div>\n\n\n\n<div class=\"wp-block-columns is-layout-flex wp-container-core-columns-is-layout-28f84493 wp-block-columns-is-layout-flex\">\n<div class=\"wp-block-column is-layout-flow wp-block-column-is-layout-flow\">\n<h3 class=\"wp-block-heading\"> <strong>Carboxiter\u00e0pia<\/strong><\/h3>\n\n\n\n<p>\u00c9s una t\u00e8cnica medicoest\u00e8tica m\u00ednimament invasiva que consisteix a infiltrar di\u00f2xid de carboni en els teixits usant una agulla molt fina. El CO<sub>2<\/sub> actua sobre els dip\u00f2sits de greix, i el sobrant s&#8217;incorpora en el torrent sanguini, i aix\u00f2 provoca la dilataci\u00f3 dels vasos sanguinis i la millora de la circulaci\u00f3 de la zona tractada.<\/p>\n\n\n\n<p>La <strong><a href=\"https:\/\/www.dexeus.com\/midlife\/ca\/tratamiento\/carboxiterapia-menopausa-ginecologia\/\" target=\"_blank\" rel=\"noreferrer noopener\">carboxiter\u00e0pia<\/a><\/strong> \u00e9s un tractament vers\u00e0til, segur i efica\u00e7 que es pot aplicar a diverses zones del cos per reduir l&#8217;acumulaci\u00f3 de greix.<\/p>\n<\/div>\n\n\n\n<div class=\"wp-block-column is-layout-flow wp-block-column-is-layout-flow\">\n<figure class=\"wp-block-image aligncenter size-full is-resized\"><a href=\"https:\/\/www.dexeus.com\/midlife\/ca\/tratamiento\/carboxiterapia-menopausa-ginecologia\/\"><img decoding=\"async\" width=\"450\" height=\"450\" src=\"https:\/\/www.dexeus.com\/midlife\/wp-content\/uploads\/2025\/06\/carboxiterapia-.jpg\" alt=\"tratamiento adelgazar menopausia\" class=\"wp-image-10244\" style=\"width:auto;height:330px\" srcset=\"https:\/\/www.dexeus.com\/midlife\/wp-content\/uploads\/2025\/06\/carboxiterapia-.jpg 450w, https:\/\/www.dexeus.com\/midlife\/wp-content\/uploads\/2025\/06\/carboxiterapia--300x300.jpg 300w, https:\/\/www.dexeus.com\/midlife\/wp-content\/uploads\/2025\/06\/carboxiterapia--100x100.jpg 100w, https:\/\/www.dexeus.com\/midlife\/wp-content\/uploads\/2025\/06\/carboxiterapia--150x150.jpg 150w\" sizes=\"(max-width: 450px) 100vw, 450px\" \/><\/a><\/figure>\n\n\n\n<div class=\"wp-block-buttons is-content-justification-center is-layout-flex wp-container-core-buttons-is-layout-a89b3969 wp-block-buttons-is-layout-flex\">\n<div class=\"wp-block-button\"><a class=\"wp-block-button__link has-white-color has-text-color has-background has-link-color wp-element-button\" href=\"https:\/\/www.dexeus.com\/midlife\/ca\/demana-hora\/\" style=\"background-color:#6b2c3d\"><strong>DEMANAR CITA<\/strong><\/a><\/div>\n<\/div>\n<\/div>\n<\/div>\n\n\n\n<div class=\"wp-block-columns is-layout-flex wp-container-core-columns-is-layout-28f84493 wp-block-columns-is-layout-flex\">\n<div class=\"wp-block-column is-layout-flow wp-block-column-is-layout-flow\">\n<h3 class=\"wp-block-heading\"> <strong>Tractaments t\u00f2pics professionals<\/strong><\/h3>\n\n\n\n<p>Ideals per als que estiguin buscant un tractament professional sense injeccions i sense cirurgia que contribueixi a eliminar el greix localitzat i la cel\u00b7lulitis.<\/p>\n\n\n\n<p>Aquests <a href=\"https:\/\/www.dexeus.com\/midlife\/ca\/tratamiento\/tractaments-topics-professionals-les-claus-i-els-seus-beneficis\/\" target=\"_blank\" rel=\"noreferrer noopener\"><strong>tractaments t\u00f2pics<\/strong><\/a> no invasius combinen l&#8217;aplicaci\u00f3 de productes amb altes concentracions de principis actius amb t\u00e8cniques com el massatge remodelador amb efecte <em>l\u00edfting<\/em> (tipus Kobido), la radiofreq\u00fc\u00e8ncia i el <em>microneedling<\/em> per garantir-ne la m\u00e0xima penetraci\u00f3 i efic\u00e0cia.<\/p>\n<\/div>\n\n\n\n<div class=\"wp-block-column is-layout-flow wp-block-column-is-layout-flow\">\n<figure class=\"wp-block-image aligncenter size-full is-resized\"><a href=\"https:\/\/www.dexeus.com\/midlife\/ca\/tratamiento\/tractaments-topics-professionals-les-claus-i-els-seus-beneficis\/\"><img decoding=\"async\" width=\"330\" height=\"330\" src=\"https:\/\/www.dexeus.com\/midlife\/wp-content\/uploads\/2025\/06\/tratamiento-topico-adelgazar-menopausia.jpg\" alt=\"tratamiento t\u00f3pico adelgazar menopausia\" class=\"wp-image-10252\" style=\"width:auto;height:330px\" srcset=\"https:\/\/www.dexeus.com\/midlife\/wp-content\/uploads\/2025\/06\/tratamiento-topico-adelgazar-menopausia.jpg 330w, https:\/\/www.dexeus.com\/midlife\/wp-content\/uploads\/2025\/06\/tratamiento-topico-adelgazar-menopausia-300x300.jpg 300w, https:\/\/www.dexeus.com\/midlife\/wp-content\/uploads\/2025\/06\/tratamiento-topico-adelgazar-menopausia-100x100.jpg 100w, https:\/\/www.dexeus.com\/midlife\/wp-content\/uploads\/2025\/06\/tratamiento-topico-adelgazar-menopausia-150x150.jpg 150w\" sizes=\"(max-width: 330px) 100vw, 330px\" \/><\/a><\/figure>\n\n\n\n<div class=\"wp-block-buttons is-content-justification-center is-layout-flex wp-container-core-buttons-is-layout-a89b3969 wp-block-buttons-is-layout-flex\">\n<div class=\"wp-block-button\"><a class=\"wp-block-button__link has-white-color has-text-color has-background has-link-color wp-element-button\" href=\"https:\/\/www.dexeus.com\/midlife\/ca\/demana-hora\/\" style=\"background-color:#6b2c3d\"><strong>DEMANAR CITA<\/strong><\/a><\/div>\n<\/div>\n<\/div>\n<\/div>\n\n\n\n<div class=\"wp-block-columns is-layout-flex wp-container-core-columns-is-layout-28f84493 wp-block-columns-is-layout-flex\">\n<div class=\"wp-block-column is-layout-flow wp-block-column-is-layout-flow\">\n<h3 class=\"wp-block-heading\"> <strong>Radiofreq\u00fc\u00e8ncia<\/strong><\/h3>\n\n\n\n<p>Aquest procediment no invasiu eleva la temperatura de les diferents capes de la pell mitjan\u00e7ant ones electromagn\u00e8tiques per estimular la producci\u00f3 de col\u00b7lagen i elastina, millorar la fermesa de la pell, combatre la flacciditat i reduir el greix localitzat.<\/p>\n\n\n\n<p>La <strong><a href=\"https:\/\/www.dexeus.com\/midlife\/ca\/tratamiento\/radiofrequencia\/\" target=\"_blank\" rel=\"noreferrer noopener\">radiofreq\u00fc\u00e8ncia<\/a><\/strong> \u00e9s ideal per tractar l&#8217;acumulaci\u00f3 de greix en etapes primerenques, o com a complement en fases m\u00e9s avan\u00e7ades.<\/p>\n<\/div>\n\n\n\n<div class=\"wp-block-column is-layout-flow wp-block-column-is-layout-flow\">\n<figure class=\"wp-block-image aligncenter size-full is-resized\"><a href=\"https:\/\/www.dexeus.com\/midlife\/ca\/tratamiento\/radiofrequencia\/\"><img loading=\"lazy\" decoding=\"async\" width=\"330\" height=\"330\" src=\"https:\/\/www.dexeus.com\/midlife\/wp-content\/uploads\/2025\/06\/tratamiento-radiofrecuencia-adelgazar-menopausia.jpg\" alt=\"tratamiento radiofrecuencia adelgazar menopausia\" class=\"wp-image-10255\" style=\"width:auto;height:330px\" srcset=\"https:\/\/www.dexeus.com\/midlife\/wp-content\/uploads\/2025\/06\/tratamiento-radiofrecuencia-adelgazar-menopausia.jpg 330w, https:\/\/www.dexeus.com\/midlife\/wp-content\/uploads\/2025\/06\/tratamiento-radiofrecuencia-adelgazar-menopausia-300x300.jpg 300w, https:\/\/www.dexeus.com\/midlife\/wp-content\/uploads\/2025\/06\/tratamiento-radiofrecuencia-adelgazar-menopausia-100x100.jpg 100w, https:\/\/www.dexeus.com\/midlife\/wp-content\/uploads\/2025\/06\/tratamiento-radiofrecuencia-adelgazar-menopausia-150x150.jpg 150w\" sizes=\"(max-width: 330px) 100vw, 330px\" \/><\/a><\/figure>\n\n\n\n<div class=\"wp-block-buttons is-content-justification-center is-layout-flex wp-container-core-buttons-is-layout-a89b3969 wp-block-buttons-is-layout-flex\">\n<div class=\"wp-block-button\"><a class=\"wp-block-button__link has-white-color has-text-color has-background has-link-color wp-element-button\" href=\"https:\/\/www.dexeus.com\/midlife\/ca\/demana-hora\/\" style=\"background-color:#6b2c3d\"><strong>DEMANAR CITA<\/strong><\/a><\/div>\n<\/div>\n<\/div>\n<\/div>\n\n\n\n<p>Amb la informaci\u00f3 adequada, la menopausa no t\u00e9 per qu\u00e8 ser sin\u00f2nim de p\u00e8rdua de benestar o autoestima. Entendre per qu\u00e8 \u00e9s habitual guanyar pes en aquesta etapa, adoptar h\u00e0bits saludables i rec\u00f3rrer a tractaments especialitzats \u00e9s essencial per conservar la salut i mantenir un bon aspecte f\u00edsic.<\/p>\n\n\n\n<hr class=\"wp-block-separator has-alpha-channel-opacity\"\/>\n\n\n\n<p class=\"has-small-font-size\">Refer\u00e8ncies<\/p>\n\n\n\n<p class=\"has-small-font-size\"><sup>1<\/sup> <a href=\"https:\/\/www.msdmanuals.com\/es\/professional\/ginecolog%C3%ADa-y-obstetricia\/menopausia\/menopausia#Signos-y-s%C3%ADntomas_v1062799_es\" target=\"_blank\" rel=\"noreferrer noopener nofollow\">https:\/\/www.msdmanuals.com\/es\/professional\/ginecolog%C3%ADa-y-obstetricia\/menopausia\/menopausia#Signos-y-s%C3%ADntomas_v1062799_es<\/a><\/p>\n\n\n\n<p class=\"has-small-font-size\"><sup>2<\/sup> <a href=\"https:\/\/www.imsociety.org\/wp-content\/uploads\/2020\/07\/wmd-2012-white-pages-la-spanish.pdf\" target=\"_blank\" rel=\"noreferrer noopener nofollow\">https:\/\/www.imsociety.org\/wp-content\/uploads\/2020\/07\/wmd-2012-white-pages-la-spanish.pdf<\/a><\/p>\n\n\n\n<p class=\"has-small-font-size\"><sup>3<\/sup> <a href=\"https:\/\/ve.scielo.org\/scielo.php?script=sci_arttext&amp;pid=S1690-31102012000200002\" target=\"_blank\" rel=\"noreferrer noopener nofollow\">https:\/\/ve.scielo.org\/scielo.php?script=sci_arttext&amp;pid=S1690-31102012000200002<\/a><\/p>\n\n\n\n<p class=\"has-small-font-size\"><sup>4<\/sup> <a href=\"https:\/\/formacionasunivep.com\/Vciise\/files\/libro%20salud%20vol%202.pdf#page=187\" target=\"_blank\" rel=\"noreferrer noopener nofollow\">https:\/\/formacionasunivep.com\/Vciise\/files\/libro%20salud%20vol%202.pdf#page=187<\/a><\/p>\n\n\n\n<p class=\"has-small-font-size\"><sup>5<\/sup> <a href=\"https:\/\/dialnet.unirioja.es\/servlet\/articulo?codigo=2265686\" target=\"_blank\" rel=\"noreferrer noopener nofollow\">https:\/\/dialnet.unirioja.es\/servlet\/articulo?codigo=2265686<\/a><\/p>\n\n\n\n<p><\/p>\n","protected":false},"excerpt":{"rendered":"<p>\u00c9s habitual que sorgeixin dubtes sobre les causes de l&#8217;augment de pes en la menopausa, quan ens deixem d&#8217;engreixar o quins h\u00e0bits cal seguir per aprimar-se. T&#8217;expliquem per qu\u00e8 es produeix, els tractaments disponibles i com pots adaptar el teu estil de vida per lluitar contra aix\u00f2. <\/p>\n","protected":false},"author":3,"featured_media":10260,"comment_status":"closed","ping_status":"closed","sticky":false,"template":"","format":"standard","meta":{"footnotes":""},"categories":[42],"tags":[],"class_list":["post-10557","post","type-post","status-publish","format-standard","has-post-thumbnail","hentry","category-menopausa-cos"],"yoast_head":"<!-- This site is optimized with the Yoast SEO plugin v26.7 - https:\/\/yoast.com\/wordpress\/plugins\/seo\/ -->\n<title>Et pots aprimar en la menopausa?\u00a0 - Dexeus Midlife<\/title>\n<meta name=\"description\" content=\"T&#039;expliquem per qu\u00e8 es pot produir un augment de pes durant la menopausa i com pots adaptar el teu estil de vida per lluitar contra aix\u00f2.\" \/>\n<meta name=\"robots\" content=\"index, follow, max-snippet:-1, max-image-preview:large, max-video-preview:-1\" \/>\n<link rel=\"canonical\" href=\"https:\/\/www.dexeus.com\/midlife\/ca\/aprimar-menopausa\/\" \/>\n<meta property=\"og:locale\" content=\"ca_ES\" \/>\n<meta property=\"og:type\" content=\"article\" \/>\n<meta property=\"og:title\" content=\"Et pots aprimar en la menopausa?\u00a0 - Dexeus Midlife\" \/>\n<meta property=\"og:description\" content=\"T&#039;expliquem per qu\u00e8 es pot produir un augment de pes durant la menopausa i com pots adaptar el teu estil de vida per lluitar contra aix\u00f2.\" \/>\n<meta property=\"og:url\" content=\"https:\/\/www.dexeus.com\/midlife\/ca\/aprimar-menopausa\/\" \/>\n<meta property=\"og:site_name\" content=\"Dexeus Midlife\" \/>\n<meta property=\"article:publisher\" content=\"https:\/\/www.facebook.com\/dexeusmidlife\/\" \/>\n<meta property=\"article:published_time\" content=\"2025-06-16T07:43:11+00:00\" \/>\n<meta property=\"article:modified_time\" content=\"2025-11-18T14:38:52+00:00\" \/>\n<meta property=\"og:image\" content=\"https:\/\/www.dexeus.com\/midlife\/wp-content\/uploads\/2025\/06\/adelgazar-en-la-menopausia.jpg\" \/>\n\t<meta property=\"og:image:width\" content=\"1000\" \/>\n\t<meta property=\"og:image:height\" content=\"640\" \/>\n\t<meta property=\"og:image:type\" content=\"image\/jpeg\" \/>\n<meta name=\"author\" content=\"Oriol Gili\" \/>\n<meta name=\"twitter:card\" content=\"summary_large_image\" \/>\n<meta name=\"twitter:label1\" content=\"Written by\" \/>\n\t<meta name=\"twitter:data1\" content=\"Oriol Gili\" \/>\n\t<meta name=\"twitter:label2\" content=\"Est. reading time\" \/>\n\t<meta name=\"twitter:data2\" content=\"6 minutes\" \/>\n<script type=\"application\/ld+json\" class=\"yoast-schema-graph\">{\"@context\":\"https:\/\/schema.org\",\"@graph\":[{\"@type\":\"Article\",\"@id\":\"https:\/\/www.dexeus.com\/midlife\/ca\/aprimar-menopausa\/#article\",\"isPartOf\":{\"@id\":\"https:\/\/www.dexeus.com\/midlife\/ca\/aprimar-menopausa\/\"},\"author\":{\"name\":\"Oriol Gili\",\"@id\":\"https:\/\/www.dexeus.com\/midlife\/ca\/#\/schema\/person\/f13cf830cd7ff18786ac85c95cb12bd6\"},\"headline\":\"Et pots aprimar en la menopausa?\u00a0\",\"datePublished\":\"2025-06-16T07:43:11+00:00\",\"dateModified\":\"2025-11-18T14:38:52+00:00\",\"mainEntityOfPage\":{\"@id\":\"https:\/\/www.dexeus.com\/midlife\/ca\/aprimar-menopausa\/\"},\"wordCount\":1116,\"publisher\":{\"@id\":\"https:\/\/www.dexeus.com\/midlife\/ca\/#organization\"},\"image\":{\"@id\":\"https:\/\/www.dexeus.com\/midlife\/ca\/aprimar-menopausa\/#primaryimage\"},\"thumbnailUrl\":\"https:\/\/www.dexeus.com\/midlife\/wp-content\/uploads\/2025\/06\/adelgazar-en-la-menopausia.jpg\",\"articleSection\":[\"menopausa i cos\"],\"inLanguage\":\"ca\"},{\"@type\":\"WebPage\",\"@id\":\"https:\/\/www.dexeus.com\/midlife\/ca\/aprimar-menopausa\/\",\"url\":\"https:\/\/www.dexeus.com\/midlife\/ca\/aprimar-menopausa\/\",\"name\":\"Et pots aprimar en la menopausa?\u00a0 - Dexeus Midlife\",\"isPartOf\":{\"@id\":\"https:\/\/www.dexeus.com\/midlife\/ca\/#website\"},\"primaryImageOfPage\":{\"@id\":\"https:\/\/www.dexeus.com\/midlife\/ca\/aprimar-menopausa\/#primaryimage\"},\"image\":{\"@id\":\"https:\/\/www.dexeus.com\/midlife\/ca\/aprimar-menopausa\/#primaryimage\"},\"thumbnailUrl\":\"https:\/\/www.dexeus.com\/midlife\/wp-content\/uploads\/2025\/06\/adelgazar-en-la-menopausia.jpg\",\"datePublished\":\"2025-06-16T07:43:11+00:00\",\"dateModified\":\"2025-11-18T14:38:52+00:00\",\"description\":\"T'expliquem per qu\u00e8 es pot produir un augment de pes durant la menopausa i com pots adaptar el teu estil de vida per lluitar contra aix\u00f2.\",\"breadcrumb\":{\"@id\":\"https:\/\/www.dexeus.com\/midlife\/ca\/aprimar-menopausa\/#breadcrumb\"},\"inLanguage\":\"ca\",\"potentialAction\":[{\"@type\":\"ReadAction\",\"target\":[\"https:\/\/www.dexeus.com\/midlife\/ca\/aprimar-menopausa\/\"]}]},{\"@type\":\"ImageObject\",\"inLanguage\":\"ca\",\"@id\":\"https:\/\/www.dexeus.com\/midlife\/ca\/aprimar-menopausa\/#primaryimage\",\"url\":\"https:\/\/www.dexeus.com\/midlife\/wp-content\/uploads\/2025\/06\/adelgazar-en-la-menopausia.jpg\",\"contentUrl\":\"https:\/\/www.dexeus.com\/midlife\/wp-content\/uploads\/2025\/06\/adelgazar-en-la-menopausia.jpg\",\"width\":1000,\"height\":640,\"caption\":\"aprimar en la menopausa\"},{\"@type\":\"BreadcrumbList\",\"@id\":\"https:\/\/www.dexeus.com\/midlife\/ca\/aprimar-menopausa\/#breadcrumb\",\"itemListElement\":[{\"@type\":\"ListItem\",\"position\":1,\"name\":\"Home\",\"item\":\"https:\/\/www.dexeus.com\/midlife\/ca\/dexeus-midlife\/\"},{\"@type\":\"ListItem\",\"position\":2,\"name\":\"Et pots aprimar en la menopausa?\u00a0\"}]},{\"@type\":\"WebSite\",\"@id\":\"https:\/\/www.dexeus.com\/midlife\/ca\/#website\",\"url\":\"https:\/\/www.dexeus.com\/midlife\/ca\/\",\"name\":\"Dexeus Midlife\",\"description\":\"Una nueva forma de vivir la menopausia\",\"publisher\":{\"@id\":\"https:\/\/www.dexeus.com\/midlife\/ca\/#organization\"},\"potentialAction\":[{\"@type\":\"SearchAction\",\"target\":{\"@type\":\"EntryPoint\",\"urlTemplate\":\"https:\/\/www.dexeus.com\/midlife\/ca\/?s={search_term_string}\"},\"query-input\":{\"@type\":\"PropertyValueSpecification\",\"valueRequired\":true,\"valueName\":\"search_term_string\"}}],\"inLanguage\":\"ca\"},{\"@type\":\"Organization\",\"@id\":\"https:\/\/www.dexeus.com\/midlife\/ca\/#organization\",\"name\":\"Dexeus Midlife\",\"url\":\"https:\/\/www.dexeus.com\/midlife\/ca\/\",\"logo\":{\"@type\":\"ImageObject\",\"inLanguage\":\"ca\",\"@id\":\"https:\/\/www.dexeus.com\/midlife\/ca\/#\/schema\/logo\/image\/\",\"url\":\"https:\/\/www.dexeus.com\/midlife\/wp-content\/uploads\/2025\/02\/cropped-Dexeus-Midlife-Fabicon.png\",\"contentUrl\":\"https:\/\/www.dexeus.com\/midlife\/wp-content\/uploads\/2025\/02\/cropped-Dexeus-Midlife-Fabicon.png\",\"width\":512,\"height\":512,\"caption\":\"Dexeus Midlife\"},\"image\":{\"@id\":\"https:\/\/www.dexeus.com\/midlife\/ca\/#\/schema\/logo\/image\/\"},\"sameAs\":[\"https:\/\/www.facebook.com\/dexeusmidlife\/\",\"https:\/\/www.instagram.com\/dexeusmidlife\/\"]},{\"@type\":\"Person\",\"@id\":\"https:\/\/www.dexeus.com\/midlife\/ca\/#\/schema\/person\/f13cf830cd7ff18786ac85c95cb12bd6\",\"name\":\"Oriol Gili\",\"image\":{\"@type\":\"ImageObject\",\"inLanguage\":\"ca\",\"@id\":\"https:\/\/www.dexeus.com\/midlife\/ca\/#\/schema\/person\/image\/\",\"url\":\"https:\/\/www.dexeus.com\/midlife\/wp-content\/uploads\/2025\/11\/oriol-gil.jpg\",\"contentUrl\":\"https:\/\/www.dexeus.com\/midlife\/wp-content\/uploads\/2025\/11\/oriol-gil.jpg\",\"caption\":\"Oriol Gili\"},\"description\":\"Farmac\u00e8utic especialitzat en dermofarmacia i salut de la dona amb m\u00e9s de 5 anys d'experi\u00e8ncia en consell farmac\u00e8utic aplicat a cura de la pell.\"}]}<\/script>\n<!-- \/ Yoast SEO plugin. -->","yoast_head_json":{"title":"Et pots aprimar en la menopausa?\u00a0 - Dexeus Midlife","description":"T'expliquem per qu\u00e8 es pot produir un augment de pes durant la menopausa i com pots adaptar el teu estil de vida per lluitar contra aix\u00f2.","robots":{"index":"index","follow":"follow","max-snippet":"max-snippet:-1","max-image-preview":"max-image-preview:large","max-video-preview":"max-video-preview:-1"},"canonical":"https:\/\/www.dexeus.com\/midlife\/ca\/aprimar-menopausa\/","og_locale":"ca_ES","og_type":"article","og_title":"Et pots aprimar en la menopausa?\u00a0 - Dexeus Midlife","og_description":"T'expliquem per qu\u00e8 es pot produir un augment de pes durant la menopausa i com pots adaptar el teu estil de vida per lluitar contra aix\u00f2.","og_url":"https:\/\/www.dexeus.com\/midlife\/ca\/aprimar-menopausa\/","og_site_name":"Dexeus Midlife","article_publisher":"https:\/\/www.facebook.com\/dexeusmidlife\/","article_published_time":"2025-06-16T07:43:11+00:00","article_modified_time":"2025-11-18T14:38:52+00:00","og_image":[{"width":1000,"height":640,"url":"https:\/\/www.dexeus.com\/midlife\/wp-content\/uploads\/2025\/06\/adelgazar-en-la-menopausia.jpg","type":"image\/jpeg"}],"author":"Oriol Gili","twitter_card":"summary_large_image","twitter_misc":{"Written by":"Oriol Gili","Est. reading time":"6 minutes"},"schema":{"@context":"https:\/\/schema.org","@graph":[{"@type":"Article","@id":"https:\/\/www.dexeus.com\/midlife\/ca\/aprimar-menopausa\/#article","isPartOf":{"@id":"https:\/\/www.dexeus.com\/midlife\/ca\/aprimar-menopausa\/"},"author":{"name":"Oriol Gili","@id":"https:\/\/www.dexeus.com\/midlife\/ca\/#\/schema\/person\/f13cf830cd7ff18786ac85c95cb12bd6"},"headline":"Et pots aprimar en la menopausa?\u00a0","datePublished":"2025-06-16T07:43:11+00:00","dateModified":"2025-11-18T14:38:52+00:00","mainEntityOfPage":{"@id":"https:\/\/www.dexeus.com\/midlife\/ca\/aprimar-menopausa\/"},"wordCount":1116,"publisher":{"@id":"https:\/\/www.dexeus.com\/midlife\/ca\/#organization"},"image":{"@id":"https:\/\/www.dexeus.com\/midlife\/ca\/aprimar-menopausa\/#primaryimage"},"thumbnailUrl":"https:\/\/www.dexeus.com\/midlife\/wp-content\/uploads\/2025\/06\/adelgazar-en-la-menopausia.jpg","articleSection":["menopausa i cos"],"inLanguage":"ca"},{"@type":"WebPage","@id":"https:\/\/www.dexeus.com\/midlife\/ca\/aprimar-menopausa\/","url":"https:\/\/www.dexeus.com\/midlife\/ca\/aprimar-menopausa\/","name":"Et pots aprimar en la menopausa?\u00a0 - Dexeus Midlife","isPartOf":{"@id":"https:\/\/www.dexeus.com\/midlife\/ca\/#website"},"primaryImageOfPage":{"@id":"https:\/\/www.dexeus.com\/midlife\/ca\/aprimar-menopausa\/#primaryimage"},"image":{"@id":"https:\/\/www.dexeus.com\/midlife\/ca\/aprimar-menopausa\/#primaryimage"},"thumbnailUrl":"https:\/\/www.dexeus.com\/midlife\/wp-content\/uploads\/2025\/06\/adelgazar-en-la-menopausia.jpg","datePublished":"2025-06-16T07:43:11+00:00","dateModified":"2025-11-18T14:38:52+00:00","description":"T'expliquem per qu\u00e8 es pot produir un augment de pes durant la menopausa i com pots adaptar el teu estil de vida per lluitar contra aix\u00f2.","breadcrumb":{"@id":"https:\/\/www.dexeus.com\/midlife\/ca\/aprimar-menopausa\/#breadcrumb"},"inLanguage":"ca","potentialAction":[{"@type":"ReadAction","target":["https:\/\/www.dexeus.com\/midlife\/ca\/aprimar-menopausa\/"]}]},{"@type":"ImageObject","inLanguage":"ca","@id":"https:\/\/www.dexeus.com\/midlife\/ca\/aprimar-menopausa\/#primaryimage","url":"https:\/\/www.dexeus.com\/midlife\/wp-content\/uploads\/2025\/06\/adelgazar-en-la-menopausia.jpg","contentUrl":"https:\/\/www.dexeus.com\/midlife\/wp-content\/uploads\/2025\/06\/adelgazar-en-la-menopausia.jpg","width":1000,"height":640,"caption":"aprimar en la menopausa"},{"@type":"BreadcrumbList","@id":"https:\/\/www.dexeus.com\/midlife\/ca\/aprimar-menopausa\/#breadcrumb","itemListElement":[{"@type":"ListItem","position":1,"name":"Home","item":"https:\/\/www.dexeus.com\/midlife\/ca\/dexeus-midlife\/"},{"@type":"ListItem","position":2,"name":"Et pots aprimar en la menopausa?\u00a0"}]},{"@type":"WebSite","@id":"https:\/\/www.dexeus.com\/midlife\/ca\/#website","url":"https:\/\/www.dexeus.com\/midlife\/ca\/","name":"Dexeus Midlife","description":"Una nueva forma de vivir la menopausia","publisher":{"@id":"https:\/\/www.dexeus.com\/midlife\/ca\/#organization"},"potentialAction":[{"@type":"SearchAction","target":{"@type":"EntryPoint","urlTemplate":"https:\/\/www.dexeus.com\/midlife\/ca\/?s={search_term_string}"},"query-input":{"@type":"PropertyValueSpecification","valueRequired":true,"valueName":"search_term_string"}}],"inLanguage":"ca"},{"@type":"Organization","@id":"https:\/\/www.dexeus.com\/midlife\/ca\/#organization","name":"Dexeus Midlife","url":"https:\/\/www.dexeus.com\/midlife\/ca\/","logo":{"@type":"ImageObject","inLanguage":"ca","@id":"https:\/\/www.dexeus.com\/midlife\/ca\/#\/schema\/logo\/image\/","url":"https:\/\/www.dexeus.com\/midlife\/wp-content\/uploads\/2025\/02\/cropped-Dexeus-Midlife-Fabicon.png","contentUrl":"https:\/\/www.dexeus.com\/midlife\/wp-content\/uploads\/2025\/02\/cropped-Dexeus-Midlife-Fabicon.png","width":512,"height":512,"caption":"Dexeus Midlife"},"image":{"@id":"https:\/\/www.dexeus.com\/midlife\/ca\/#\/schema\/logo\/image\/"},"sameAs":["https:\/\/www.facebook.com\/dexeusmidlife\/","https:\/\/www.instagram.com\/dexeusmidlife\/"]},{"@type":"Person","@id":"https:\/\/www.dexeus.com\/midlife\/ca\/#\/schema\/person\/f13cf830cd7ff18786ac85c95cb12bd6","name":"Oriol Gili","image":{"@type":"ImageObject","inLanguage":"ca","@id":"https:\/\/www.dexeus.com\/midlife\/ca\/#\/schema\/person\/image\/","url":"https:\/\/www.dexeus.com\/midlife\/wp-content\/uploads\/2025\/11\/oriol-gil.jpg","contentUrl":"https:\/\/www.dexeus.com\/midlife\/wp-content\/uploads\/2025\/11\/oriol-gil.jpg","caption":"Oriol Gili"},"description":"Farmac\u00e8utic especialitzat en dermofarmacia i salut de la dona amb m\u00e9s de 5 anys d'experi\u00e8ncia en consell farmac\u00e8utic aplicat a cura de la pell."}]}},"_links":{"self":[{"href":"https:\/\/www.dexeus.com\/midlife\/ca\/wp-json\/wp\/v2\/posts\/10557","targetHints":{"allow":["GET"]}}],"collection":[{"href":"https:\/\/www.dexeus.com\/midlife\/ca\/wp-json\/wp\/v2\/posts"}],"about":[{"href":"https:\/\/www.dexeus.com\/midlife\/ca\/wp-json\/wp\/v2\/types\/post"}],"author":[{"embeddable":true,"href":"https:\/\/www.dexeus.com\/midlife\/ca\/wp-json\/wp\/v2\/users\/3"}],"replies":[{"embeddable":true,"href":"https:\/\/www.dexeus.com\/midlife\/ca\/wp-json\/wp\/v2\/comments?post=10557"}],"version-history":[{"count":0,"href":"https:\/\/www.dexeus.com\/midlife\/ca\/wp-json\/wp\/v2\/posts\/10557\/revisions"}],"wp:featuredmedia":[{"embeddable":true,"href":"https:\/\/www.dexeus.com\/midlife\/ca\/wp-json\/wp\/v2\/media\/10260"}],"wp:attachment":[{"href":"https:\/\/www.dexeus.com\/midlife\/ca\/wp-json\/wp\/v2\/media?parent=10557"}],"wp:term":[{"taxonomy":"category","embeddable":true,"href":"https:\/\/www.dexeus.com\/midlife\/ca\/wp-json\/wp\/v2\/categories?post=10557"},{"taxonomy":"post_tag","embeddable":true,"href":"https:\/\/www.dexeus.com\/midlife\/ca\/wp-json\/wp\/v2\/tags?post=10557"}],"curies":[{"name":"wp","href":"https:\/\/api.w.org\/{rel}","templated":true}]}}