{"id":11556,"date":"2026-04-28T16:21:48","date_gmt":"2026-04-28T14:21:48","guid":{"rendered":"https:\/\/www.dexeus.com\/midlife\/?p=11556"},"modified":"2026-04-28T16:56:06","modified_gmt":"2026-04-28T14:56:06","slug":"laser-vaginal-preguntes-frequents","status":"publish","type":"post","link":"https:\/\/www.dexeus.com\/midlife\/ca\/laser-vaginal-preguntes-frequents\/","title":{"rendered":"L\u00e0ser vaginal &#8211; Preguntes freq\u00fcents"},"content":{"rendered":"\n<h2 class=\"wp-block-heading\">Qu\u00e8 \u00e9s el l\u00e0ser vaginal, a qui est\u00e0 indicat i qu\u00e8 pots esperar del tractament<\/h2>\n\n\n\n<p>Parlar de salut \u00edntima femenina ja no hauria de ser un tab\u00fa. Tot i aix\u00f2, moltes dones conviuen durant anys amb mol\u00e8sties com la sequedat vaginal, infeccions d\u2019orina o vaginals de repetici\u00f3, p\u00e8rdues d\u2019orina lleus o moderades o canvis en la sensaci\u00f3 durant les relacions sexuals, pensant que \u201c\u00e9s normal\u201d per l\u2019edat, el postpart o la menopausa.<\/p>\n\n\n\n<p>La bona not\u00edcia \u00e9s que existeixen tractaments efica\u00e7os, segurs i m\u00ednimament invasius que poden millorar de manera significativa la qualitat de vida. Un d\u2019ells \u00e9s el l\u00e0ser vaginal, una tecnologia regenerativa que cada vegada desperta m\u00e9s inter\u00e8s\u2026 i tamb\u00e9 moltes preguntes.<\/p>\n\n\n\n<p>En aquest article resolm els dubtes m\u00e9s freq\u00fcents per ajudar-te a entendre en qu\u00e8 consisteix, quan est\u00e0 indicat i quins resultats pots esperar.<\/p>\n\n\n\n<h3 class=\"wp-block-heading\"><strong>Qu\u00e8 \u00e9s el l\u00e0ser vaginal i com actua?<\/strong><\/h3>\n\n\n\n<p>El <a href=\"https:\/\/www.dexeus.com\/midlife\/ca\/tratamiento\/laser-vaginal\/\">l\u00e0ser vaginal<\/a> \u00e9s un tractament ginecol\u00f2gic no quir\u00fargic i indolor que utilitza energia lum\u00ednica i t\u00e8rmica de manera controlada per estimular la regeneraci\u00f3 del teixit vulvovaginal.<\/p>\n\n\n\n<p>A trav\u00e9s d\u2019aquest est\u00edmul s\u2019afavoreix la producci\u00f3 de col\u00b7lagen, es millora l\u2019elasticitat del teixit i s\u2019optimitza la seva funci\u00f3 natural. El resultat \u00e9s una millor hidrataci\u00f3, lubricaci\u00f3 i qualitat del teixit, amb beneficis progressius que es noten amb el pas de les setmanes.<\/p>\n\n\n\n<h3 class=\"wp-block-heading\"><strong>A qui est\u00e0 indicat aquest tractament?<\/strong><\/h3>\n\n\n\n<p>El l\u00e0ser vaginal est\u00e0 indicat en dones de qualsevol etapa de la vida, sempre que existeixi una patologia o s\u00edmptoma que es pugui beneficiar del tractament.<\/p>\n\n\n\n<p>Entre les indicacions m\u00e9s freq\u00fcents trobem:<\/p>\n\n\n\n<ul class=\"wp-block-list\">\n<li>Sequedat vaginal<\/li>\n\n\n\n<li>Infeccions urin\u00e0ries o vulvovaginals de repetici\u00f3<\/li>\n\n\n\n<li>Incontin\u00e8ncia urin\u00e0ria lleu o moderada<\/li>\n\n\n\n<li>Sensaci\u00f3 de laxitud vaginal despr\u00e9s de parts vaginals<\/li>\n\n\n\n<li>Prolapse genital en fases inicials<\/li>\n\n\n\n<li>Cicatrius genitals<\/li>\n\n\n\n<li>L\u00edquen escler\u00f3s<\/li>\n\n\n\n<li>S\u00edndrome d\u2019hiperlaxitud vaginal<\/li>\n\n\n\n<li>Disminuci\u00f3 de la sensibilitat \u00edntima<\/li>\n<\/ul>\n\n\n\n<div style=\"height:10px\" aria-hidden=\"true\" class=\"wp-block-spacer\"><\/div>\n\n\n\n<p>Cada cas s\u2019ha de valorar de manera individual per un equip ginecol\u00f2gic especialitzat, ja que no totes les situacions requereixen el mateix enfocament.<\/p>\n\n\n\n<h3 class=\"wp-block-heading\"><strong>L\u00e0ser vaginal i sequedat \u00edntima: una de les principals indicacions<\/strong><\/h3>\n\n\n\n<p>La sequedat vaginal \u00e9s un dels motius de consulta m\u00e9s habituals, especialment durant la menopausa, en el postpart o en dones que reben determinats tractaments hormonals o oncol\u00f2gics.<\/p>\n\n\n\n<p>El l\u00e0ser actua directament sobre el teixit vaginal, millorant la hidrataci\u00f3, la lubricaci\u00f3 natural i l\u2019estructura de la mucosa. Moltes dones refereixen una clara millora del confort diari i durant les relacions sexuals despr\u00e9s de completar el tractament.<\/p>\n\n\n\n<h3 class=\"wp-block-heading\"><strong>Pot ajudar amb la incontin\u00e8ncia urin\u00e0ria lleu?<\/strong><\/h3>\n\n\n\n<p>S\u00ed. Amb el pas dels anys o despr\u00e9s d\u2019un part \u00e9s freq\u00fcent \u2014encara que no normal\u2014 experimentar p\u00e8rdues d\u2019orina en esternudar, tossir, riure o fer exercici.<\/p>\n\n\n\n<p>El l\u00e0ser vaginal pot ser efica\u00e7 en casos d\u2019incontin\u00e8ncia urin\u00e0ria lleu a moderada, actuant com a tractament conservador en millorar la qualitat dels teixits de suport. En aquests casos sol combinar-se amb altres estrat\u00e8gies terap\u00e8utiques segons les necessitats de cada dona.<\/p>\n\n\n\n<h3 class=\"wp-block-heading\"><strong>Pot ajudar despr\u00e9s de parts vaginals?<\/strong><\/h3>\n\n\n\n<p>Despr\u00e9s d\u2019un o diversos parts vaginals \u00e9s habitual notar canvis com:<\/p>\n\n\n\n<ul class=\"wp-block-list\">\n<li>Menor to vaginal<\/li>\n\n\n\n<li>Escapaments d\u2019orina<\/li>\n\n\n\n<li>Sensaci\u00f3 de menor fricci\u00f3 durant les relacions<\/li>\n\n\n\n<li>Gasos vaginals<\/li>\n\n\n\n<li>Entrada d\u2019aigua a la vagina en banyar-se<\/li>\n<\/ul>\n\n\n\n<div style=\"height:10px\" aria-hidden=\"true\" class=\"wp-block-spacer\"><\/div>\n\n\n\n<p>El l\u00e0ser estimula el col\u00b7lagen vaginal, ajudant a millorar la tensi\u00f3 i la funcionalitat de la vagina, amb un impacte positiu tant f\u00edsic com emocional.<\/p>\n\n\n\n<h3 class=\"wp-block-heading\"><strong>Fa mal el tractament? Com \u00e9s una sessi\u00f3?<\/strong><\/h3>\n\n\n\n<p>Un dels dubtes m\u00e9s freq\u00fcents \u00e9s si el tractament resulta molest. La resposta \u00e9s clara: no fa mal.<\/p>\n\n\n\n<p>A la consulta s\u2019acostuma a aplicar una crema anest\u00e8sica vulvovaginal per minimitzar la sensaci\u00f3 de calor. Cada sessi\u00f3 dura entre 15 i 20 minuts i no requereix ingr\u00e9s ni preparaci\u00f3 especial.<\/p>\n\n\n\n<h3 class=\"wp-block-heading\"><strong>Quantes sessions s\u00f3n necess\u00e0ries?<\/strong><\/h3>\n\n\n\n<p>El nombre de sessions dep\u00e8n del s\u00edmptoma i de la resposta individual de cada dona, per\u00f2 l\u2019habitual \u00e9s realitzar entre 3 i 4 sessions.<\/p>\n\n\n\n<p>Els resultats no s\u00f3n immediats, ja que el l\u00e0ser \u00e9s una tecnologia regenerativa. Els efectes apareixen de manera progressiva, a mesura que el teixit es va reorganitzant i recuperant la seva funci\u00f3. Per aix\u00f2, \u00e9s important esperar a la visita posttractament per valorar adequadament els resultats finals.<\/p>\n\n\n\n<h3 class=\"wp-block-heading\"><strong>Quant duren els resultats?<\/strong><\/h3>\n\n\n\n<p>La durada de l\u2019efecte varia segons factors com:<\/p>\n\n\n\n<ul class=\"wp-block-list\">\n<li>Edat<\/li>\n\n\n\n<li>Qualitat pr\u00e8via del teixit<\/li>\n\n\n\n<li>Estat hormonal<\/li>\n\n\n\n<li>Consum de tabac<\/li>\n\n\n\n<li>Tractaments hormonals o oncol\u00f2gics associats<\/li>\n<\/ul>\n\n\n\n<div style=\"height:10px\" aria-hidden=\"true\" class=\"wp-block-spacer\"><\/div>\n\n\n\n<p>De manera general, els resultats solen mantenir-se al voltant de 12 mesos, i es poden valorar sessions de manteniment segons cada cas.<\/p>\n\n\n\n<h3 class=\"wp-block-heading\"><strong>Recuperaci\u00f3 i cures despr\u00e9s del tractament<\/strong><\/h3>\n\n\n\n<p>Un dels avantatges del l\u00e0ser vaginal \u00e9s que permet reprendre la rutina habitual el mateix dia.<\/p>\n\n\n\n<p>Com a \u00faniques recomanacions:<\/p>\n\n\n\n<ul class=\"wp-block-list\">\n<li>Evitar relacions sexuals durant 48 hores<\/li>\n\n\n\n<li>Evitar piscina i banyera durant 48 hores<\/li>\n\n\n\n<li>Seguir les pautes indicades per l\u2019especialista<\/li>\n\n\n\n<li>Utilitzar hidrataci\u00f3 \u00edntima els dies posteriors<\/li>\n<\/ul>\n\n\n\n<div style=\"height:10px\" aria-hidden=\"true\" class=\"wp-block-spacer\"><\/div>\n\n\n\n<p>Despr\u00e9s d\u2019aquest per\u00edode, la vida \u00edntima es pot reprendre amb normalitat.<\/p>\n\n\n\n<h3 class=\"wp-block-heading\"><strong>Es pot combinar amb altres tractaments?<\/strong><\/h3>\n\n\n\n<p>S\u00ed. El l\u00e0ser vaginal es combina amb freq\u00fc\u00e8ncia amb altres ter\u00e0pies regeneratives, com:<\/p>\n\n\n\n<ul class=\"wp-block-list\">\n<li>Plasma ric en plaquetes<\/li>\n\n\n\n<li>\u00c0cid hialur\u00f2nic<\/li>\n\n\n\n<li>Altres tractaments ginecol\u00f2gics personalitzats<\/li>\n<\/ul>\n\n\n\n<div style=\"height:10px\" aria-hidden=\"true\" class=\"wp-block-spacer\"><\/div>\n\n\n\n<p>La combinaci\u00f3 es decideix sempre despr\u00e9s d\u2019una valoraci\u00f3 m\u00e8dica completa.<\/p>\n\n\n\n<h3 class=\"wp-block-heading\"><strong>Existeixen contraindicacions?<\/strong><\/h3>\n\n\n\n<p>El tractament no est\u00e0 recomanat en casos de:<\/p>\n\n\n\n<ul class=\"wp-block-list\">\n<li>Patologia oncol\u00f2gica vulvovaginal activa<\/li>\n\n\n\n<li>Infecci\u00f3 vaginal o urin\u00e0ria activa<\/li>\n\n\n\n<li>Embar\u00e0s<\/li>\n\n\n\n<li>Presa de medicaci\u00f3 fotosensible<\/li>\n<\/ul>\n\n\n\n<div style=\"height:10px\" aria-hidden=\"true\" class=\"wp-block-spacer\"><\/div>\n\n\n\n<p>Tampoc es realitza durant la menstruaci\u00f3; en aquest cas, es posposa la sessi\u00f3.<\/p>\n\n\n\n<h3 class=\"wp-block-heading\"><strong>Com saber si soc candidata al l\u00e0ser vaginal?<\/strong><\/h3>\n\n\n\n<p>L\u2019\u00fanica manera de saber-ho \u00e9s mitjan\u00e7ant una valoraci\u00f3 m\u00e8dica especialitzada. Cada dona \u00e9s \u00fanica, i el tractament s\u2019ha d\u2019adaptar als seus s\u00edmptomes, expectatives i situaci\u00f3 vital.<\/p>\n\n\n\n<p>Si sents que alguna cosa ha canviat en la teva salut \u00edntima, no ho normalitzis. Existeixen opcions per millorar el teu benestar i tornar a sentir-te c\u00f2moda en el teu propi cos.<\/p>\n\n\n\n<p><\/p>\n","protected":false},"excerpt":{"rendered":"<p>Parlar de salut \u00edntima femenina ja no hauria de ser un tab\u00fa. Tot i aix\u00f2, moltes dones conviuen durant anys amb mol\u00e8sties com la sequedat vaginal, infeccions d\u2019orina o vaginals de repetici\u00f3, p\u00e8rdues d\u2019orina lleus o moderades o canvis en la sensaci\u00f3 durant les relacions sexuals, pensant que \u201c\u00e9s normal\u201d per l\u2019edat, el postpart o la menopausa.<\/p>\n","protected":false},"author":2,"featured_media":11550,"comment_status":"closed","ping_status":"open","sticky":false,"template":"","format":"standard","meta":{"footnotes":""},"categories":[45],"tags":[],"class_list":["post-11556","post","type-post","status-publish","format-standard","has-post-thumbnail","hentry","category-menopausa-zona-intima"],"yoast_head":"<!-- This site is optimized with the Yoast SEO plugin v26.7 - https:\/\/yoast.com\/wordpress\/plugins\/seo\/ -->\n<title>L\u00e0ser vaginal - Preguntes freq\u00fcents - Dexeus Midlife<\/title>\n<meta name=\"description\" content=\"Parlar de salut \u00edntima femenina ja no hauria de ser un tab\u00fa. Tot i aix\u00f2, moltes dones conviuen durant anys amb mol\u00e8sties com la sequedat vaginal, infeccions d\u2019orina o vaginals de repetici\u00f3, p\u00e8rdues d\u2019orina lleus o moderades o canvis en la sensaci\u00f3 durant les relacions sexuals, pensant que \u201c\u00e9s normal\u201d per l\u2019edat, el postpart o la menopausa.\" \/>\n<meta name=\"robots\" content=\"index, follow, max-snippet:-1, max-image-preview:large, max-video-preview:-1\" \/>\n<link rel=\"canonical\" href=\"https:\/\/www.dexeus.com\/midlife\/ca\/laser-vaginal-preguntes-frequents\/\" \/>\n<meta property=\"og:locale\" content=\"ca_ES\" \/>\n<meta property=\"og:type\" content=\"article\" \/>\n<meta property=\"og:title\" content=\"L\u00e0ser vaginal - Preguntes freq\u00fcents - Dexeus Midlife\" \/>\n<meta property=\"og:description\" content=\"Parlar de salut \u00edntima femenina ja no hauria de ser un tab\u00fa. Tot i aix\u00f2, moltes dones conviuen durant anys amb mol\u00e8sties com la sequedat vaginal, infeccions d\u2019orina o vaginals de repetici\u00f3, p\u00e8rdues d\u2019orina lleus o moderades o canvis en la sensaci\u00f3 durant les relacions sexuals, pensant que \u201c\u00e9s normal\u201d per l\u2019edat, el postpart o la menopausa.\" \/>\n<meta property=\"og:url\" content=\"https:\/\/www.dexeus.com\/midlife\/ca\/laser-vaginal-preguntes-frequents\/\" \/>\n<meta property=\"og:site_name\" content=\"Dexeus Midlife\" \/>\n<meta property=\"article:publisher\" content=\"https:\/\/www.facebook.com\/dexeusmidlife\/\" \/>\n<meta property=\"article:published_time\" content=\"2026-04-28T14:21:48+00:00\" \/>\n<meta property=\"article:modified_time\" content=\"2026-04-28T14:56:06+00:00\" \/>\n<meta property=\"og:image\" content=\"https:\/\/www.dexeus.com\/midlife\/wp-content\/uploads\/2026\/04\/laser-vaginal-preguntas-frecuentes.jpg\" \/>\n\t<meta property=\"og:image:width\" content=\"1000\" \/>\n\t<meta property=\"og:image:height\" content=\"640\" \/>\n\t<meta property=\"og:image:type\" content=\"image\/jpeg\" \/>\n<meta name=\"author\" content=\"Dexeus\" \/>\n<meta name=\"twitter:card\" content=\"summary_large_image\" \/>\n<meta name=\"twitter:label1\" content=\"Written by\" \/>\n\t<meta name=\"twitter:data1\" content=\"Dexeus\" \/>\n\t<meta name=\"twitter:label2\" content=\"Est. reading time\" \/>\n\t<meta name=\"twitter:data2\" content=\"5 minutes\" \/>\n<script type=\"application\/ld+json\" class=\"yoast-schema-graph\">{\"@context\":\"https:\/\/schema.org\",\"@graph\":[{\"@type\":\"Article\",\"@id\":\"https:\/\/www.dexeus.com\/midlife\/ca\/laser-vaginal-preguntes-frequents\/#article\",\"isPartOf\":{\"@id\":\"https:\/\/www.dexeus.com\/midlife\/ca\/laser-vaginal-preguntes-frequents\/\"},\"author\":{\"name\":\"Dexeus\",\"@id\":\"https:\/\/www.dexeus.com\/midlife\/ca\/#\/schema\/person\/5e3548653ba74e596b2927dcb6e14960\"},\"headline\":\"L\u00e0ser vaginal &#8211; Preguntes freq\u00fcents\",\"datePublished\":\"2026-04-28T14:21:48+00:00\",\"dateModified\":\"2026-04-28T14:56:06+00:00\",\"mainEntityOfPage\":{\"@id\":\"https:\/\/www.dexeus.com\/midlife\/ca\/laser-vaginal-preguntes-frequents\/\"},\"wordCount\":1020,\"publisher\":{\"@id\":\"https:\/\/www.dexeus.com\/midlife\/ca\/#organization\"},\"image\":{\"@id\":\"https:\/\/www.dexeus.com\/midlife\/ca\/laser-vaginal-preguntes-frequents\/#primaryimage\"},\"thumbnailUrl\":\"https:\/\/www.dexeus.com\/midlife\/wp-content\/uploads\/2026\/04\/laser-vaginal-preguntas-frecuentes.jpg\",\"articleSection\":[\"menopausa i zona \u00edntima\"],\"inLanguage\":\"ca\"},{\"@type\":\"WebPage\",\"@id\":\"https:\/\/www.dexeus.com\/midlife\/ca\/laser-vaginal-preguntes-frequents\/\",\"url\":\"https:\/\/www.dexeus.com\/midlife\/ca\/laser-vaginal-preguntes-frequents\/\",\"name\":\"L\u00e0ser vaginal - Preguntes freq\u00fcents - Dexeus Midlife\",\"isPartOf\":{\"@id\":\"https:\/\/www.dexeus.com\/midlife\/ca\/#website\"},\"primaryImageOfPage\":{\"@id\":\"https:\/\/www.dexeus.com\/midlife\/ca\/laser-vaginal-preguntes-frequents\/#primaryimage\"},\"image\":{\"@id\":\"https:\/\/www.dexeus.com\/midlife\/ca\/laser-vaginal-preguntes-frequents\/#primaryimage\"},\"thumbnailUrl\":\"https:\/\/www.dexeus.com\/midlife\/wp-content\/uploads\/2026\/04\/laser-vaginal-preguntas-frecuentes.jpg\",\"datePublished\":\"2026-04-28T14:21:48+00:00\",\"dateModified\":\"2026-04-28T14:56:06+00:00\",\"description\":\"Parlar de salut \u00edntima femenina ja no hauria de ser un tab\u00fa. Tot i aix\u00f2, moltes dones conviuen durant anys amb mol\u00e8sties com la sequedat vaginal, infeccions d\u2019orina o vaginals de repetici\u00f3, p\u00e8rdues d\u2019orina lleus o moderades o canvis en la sensaci\u00f3 durant les relacions sexuals, pensant que \u201c\u00e9s normal\u201d per l\u2019edat, el postpart o la menopausa.\",\"breadcrumb\":{\"@id\":\"https:\/\/www.dexeus.com\/midlife\/ca\/laser-vaginal-preguntes-frequents\/#breadcrumb\"},\"inLanguage\":\"ca\",\"potentialAction\":[{\"@type\":\"ReadAction\",\"target\":[\"https:\/\/www.dexeus.com\/midlife\/ca\/laser-vaginal-preguntes-frequents\/\"]}]},{\"@type\":\"ImageObject\",\"inLanguage\":\"ca\",\"@id\":\"https:\/\/www.dexeus.com\/midlife\/ca\/laser-vaginal-preguntes-frequents\/#primaryimage\",\"url\":\"https:\/\/www.dexeus.com\/midlife\/wp-content\/uploads\/2026\/04\/laser-vaginal-preguntas-frecuentes.jpg\",\"contentUrl\":\"https:\/\/www.dexeus.com\/midlife\/wp-content\/uploads\/2026\/04\/laser-vaginal-preguntas-frecuentes.jpg\",\"width\":1000,\"height\":640,\"caption\":\"L\u00e1ser vaginal - Preguntas frecuentes\"},{\"@type\":\"BreadcrumbList\",\"@id\":\"https:\/\/www.dexeus.com\/midlife\/ca\/laser-vaginal-preguntes-frequents\/#breadcrumb\",\"itemListElement\":[{\"@type\":\"ListItem\",\"position\":1,\"name\":\"Home\",\"item\":\"https:\/\/www.dexeus.com\/midlife\/ca\/dexeus-midlife\/\"},{\"@type\":\"ListItem\",\"position\":2,\"name\":\"L\u00e0ser vaginal &#8211; Preguntes freq\u00fcents\"}]},{\"@type\":\"WebSite\",\"@id\":\"https:\/\/www.dexeus.com\/midlife\/ca\/#website\",\"url\":\"https:\/\/www.dexeus.com\/midlife\/ca\/\",\"name\":\"Dexeus Midlife\",\"description\":\"Una nueva forma de vivir la menopausia\",\"publisher\":{\"@id\":\"https:\/\/www.dexeus.com\/midlife\/ca\/#organization\"},\"potentialAction\":[{\"@type\":\"SearchAction\",\"target\":{\"@type\":\"EntryPoint\",\"urlTemplate\":\"https:\/\/www.dexeus.com\/midlife\/ca\/?s={search_term_string}\"},\"query-input\":{\"@type\":\"PropertyValueSpecification\",\"valueRequired\":true,\"valueName\":\"search_term_string\"}}],\"inLanguage\":\"ca\"},{\"@type\":\"Organization\",\"@id\":\"https:\/\/www.dexeus.com\/midlife\/ca\/#organization\",\"name\":\"Dexeus Midlife\",\"url\":\"https:\/\/www.dexeus.com\/midlife\/ca\/\",\"logo\":{\"@type\":\"ImageObject\",\"inLanguage\":\"ca\",\"@id\":\"https:\/\/www.dexeus.com\/midlife\/ca\/#\/schema\/logo\/image\/\",\"url\":\"https:\/\/www.dexeus.com\/midlife\/wp-content\/uploads\/2025\/02\/cropped-Dexeus-Midlife-Fabicon.png\",\"contentUrl\":\"https:\/\/www.dexeus.com\/midlife\/wp-content\/uploads\/2025\/02\/cropped-Dexeus-Midlife-Fabicon.png\",\"width\":512,\"height\":512,\"caption\":\"Dexeus Midlife\"},\"image\":{\"@id\":\"https:\/\/www.dexeus.com\/midlife\/ca\/#\/schema\/logo\/image\/\"},\"sameAs\":[\"https:\/\/www.facebook.com\/dexeusmidlife\/\",\"https:\/\/www.instagram.com\/dexeusmidlife\/\"]},{\"@type\":\"Person\",\"@id\":\"https:\/\/www.dexeus.com\/midlife\/ca\/#\/schema\/person\/5e3548653ba74e596b2927dcb6e14960\",\"name\":\"Dexeus\",\"image\":{\"@type\":\"ImageObject\",\"inLanguage\":\"ca\",\"@id\":\"https:\/\/www.dexeus.com\/midlife\/ca\/#\/schema\/person\/image\/\",\"url\":\"https:\/\/secure.gravatar.com\/avatar\/e4d8cae1206c08347b928733198cc20ce43c3ff9bb40599b2ba1687ea88f6b7a?s=96&d=mm&r=g\",\"contentUrl\":\"https:\/\/secure.gravatar.com\/avatar\/e4d8cae1206c08347b928733198cc20ce43c3ff9bb40599b2ba1687ea88f6b7a?s=96&d=mm&r=g\",\"caption\":\"Dexeus\"}}]}<\/script>\n<!-- \/ Yoast SEO plugin. -->","yoast_head_json":{"title":"L\u00e0ser vaginal - Preguntes freq\u00fcents - Dexeus Midlife","description":"Parlar de salut \u00edntima femenina ja no hauria de ser un tab\u00fa. Tot i aix\u00f2, moltes dones conviuen durant anys amb mol\u00e8sties com la sequedat vaginal, infeccions d\u2019orina o vaginals de repetici\u00f3, p\u00e8rdues d\u2019orina lleus o moderades o canvis en la sensaci\u00f3 durant les relacions sexuals, pensant que \u201c\u00e9s normal\u201d per l\u2019edat, el postpart o la menopausa.","robots":{"index":"index","follow":"follow","max-snippet":"max-snippet:-1","max-image-preview":"max-image-preview:large","max-video-preview":"max-video-preview:-1"},"canonical":"https:\/\/www.dexeus.com\/midlife\/ca\/laser-vaginal-preguntes-frequents\/","og_locale":"ca_ES","og_type":"article","og_title":"L\u00e0ser vaginal - Preguntes freq\u00fcents - Dexeus Midlife","og_description":"Parlar de salut \u00edntima femenina ja no hauria de ser un tab\u00fa. Tot i aix\u00f2, moltes dones conviuen durant anys amb mol\u00e8sties com la sequedat vaginal, infeccions d\u2019orina o vaginals de repetici\u00f3, p\u00e8rdues d\u2019orina lleus o moderades o canvis en la sensaci\u00f3 durant les relacions sexuals, pensant que \u201c\u00e9s normal\u201d per l\u2019edat, el postpart o la menopausa.","og_url":"https:\/\/www.dexeus.com\/midlife\/ca\/laser-vaginal-preguntes-frequents\/","og_site_name":"Dexeus Midlife","article_publisher":"https:\/\/www.facebook.com\/dexeusmidlife\/","article_published_time":"2026-04-28T14:21:48+00:00","article_modified_time":"2026-04-28T14:56:06+00:00","og_image":[{"width":1000,"height":640,"url":"https:\/\/www.dexeus.com\/midlife\/wp-content\/uploads\/2026\/04\/laser-vaginal-preguntas-frecuentes.jpg","type":"image\/jpeg"}],"author":"Dexeus","twitter_card":"summary_large_image","twitter_misc":{"Written by":"Dexeus","Est. reading time":"5 minutes"},"schema":{"@context":"https:\/\/schema.org","@graph":[{"@type":"Article","@id":"https:\/\/www.dexeus.com\/midlife\/ca\/laser-vaginal-preguntes-frequents\/#article","isPartOf":{"@id":"https:\/\/www.dexeus.com\/midlife\/ca\/laser-vaginal-preguntes-frequents\/"},"author":{"name":"Dexeus","@id":"https:\/\/www.dexeus.com\/midlife\/ca\/#\/schema\/person\/5e3548653ba74e596b2927dcb6e14960"},"headline":"L\u00e0ser vaginal &#8211; Preguntes freq\u00fcents","datePublished":"2026-04-28T14:21:48+00:00","dateModified":"2026-04-28T14:56:06+00:00","mainEntityOfPage":{"@id":"https:\/\/www.dexeus.com\/midlife\/ca\/laser-vaginal-preguntes-frequents\/"},"wordCount":1020,"publisher":{"@id":"https:\/\/www.dexeus.com\/midlife\/ca\/#organization"},"image":{"@id":"https:\/\/www.dexeus.com\/midlife\/ca\/laser-vaginal-preguntes-frequents\/#primaryimage"},"thumbnailUrl":"https:\/\/www.dexeus.com\/midlife\/wp-content\/uploads\/2026\/04\/laser-vaginal-preguntas-frecuentes.jpg","articleSection":["menopausa i zona \u00edntima"],"inLanguage":"ca"},{"@type":"WebPage","@id":"https:\/\/www.dexeus.com\/midlife\/ca\/laser-vaginal-preguntes-frequents\/","url":"https:\/\/www.dexeus.com\/midlife\/ca\/laser-vaginal-preguntes-frequents\/","name":"L\u00e0ser vaginal - Preguntes freq\u00fcents - Dexeus Midlife","isPartOf":{"@id":"https:\/\/www.dexeus.com\/midlife\/ca\/#website"},"primaryImageOfPage":{"@id":"https:\/\/www.dexeus.com\/midlife\/ca\/laser-vaginal-preguntes-frequents\/#primaryimage"},"image":{"@id":"https:\/\/www.dexeus.com\/midlife\/ca\/laser-vaginal-preguntes-frequents\/#primaryimage"},"thumbnailUrl":"https:\/\/www.dexeus.com\/midlife\/wp-content\/uploads\/2026\/04\/laser-vaginal-preguntas-frecuentes.jpg","datePublished":"2026-04-28T14:21:48+00:00","dateModified":"2026-04-28T14:56:06+00:00","description":"Parlar de salut \u00edntima femenina ja no hauria de ser un tab\u00fa. Tot i aix\u00f2, moltes dones conviuen durant anys amb mol\u00e8sties com la sequedat vaginal, infeccions d\u2019orina o vaginals de repetici\u00f3, p\u00e8rdues d\u2019orina lleus o moderades o canvis en la sensaci\u00f3 durant les relacions sexuals, pensant que \u201c\u00e9s normal\u201d per l\u2019edat, el postpart o la menopausa.","breadcrumb":{"@id":"https:\/\/www.dexeus.com\/midlife\/ca\/laser-vaginal-preguntes-frequents\/#breadcrumb"},"inLanguage":"ca","potentialAction":[{"@type":"ReadAction","target":["https:\/\/www.dexeus.com\/midlife\/ca\/laser-vaginal-preguntes-frequents\/"]}]},{"@type":"ImageObject","inLanguage":"ca","@id":"https:\/\/www.dexeus.com\/midlife\/ca\/laser-vaginal-preguntes-frequents\/#primaryimage","url":"https:\/\/www.dexeus.com\/midlife\/wp-content\/uploads\/2026\/04\/laser-vaginal-preguntas-frecuentes.jpg","contentUrl":"https:\/\/www.dexeus.com\/midlife\/wp-content\/uploads\/2026\/04\/laser-vaginal-preguntas-frecuentes.jpg","width":1000,"height":640,"caption":"L\u00e1ser vaginal - Preguntas frecuentes"},{"@type":"BreadcrumbList","@id":"https:\/\/www.dexeus.com\/midlife\/ca\/laser-vaginal-preguntes-frequents\/#breadcrumb","itemListElement":[{"@type":"ListItem","position":1,"name":"Home","item":"https:\/\/www.dexeus.com\/midlife\/ca\/dexeus-midlife\/"},{"@type":"ListItem","position":2,"name":"L\u00e0ser vaginal &#8211; Preguntes freq\u00fcents"}]},{"@type":"WebSite","@id":"https:\/\/www.dexeus.com\/midlife\/ca\/#website","url":"https:\/\/www.dexeus.com\/midlife\/ca\/","name":"Dexeus Midlife","description":"Una nueva forma de vivir la menopausia","publisher":{"@id":"https:\/\/www.dexeus.com\/midlife\/ca\/#organization"},"potentialAction":[{"@type":"SearchAction","target":{"@type":"EntryPoint","urlTemplate":"https:\/\/www.dexeus.com\/midlife\/ca\/?s={search_term_string}"},"query-input":{"@type":"PropertyValueSpecification","valueRequired":true,"valueName":"search_term_string"}}],"inLanguage":"ca"},{"@type":"Organization","@id":"https:\/\/www.dexeus.com\/midlife\/ca\/#organization","name":"Dexeus Midlife","url":"https:\/\/www.dexeus.com\/midlife\/ca\/","logo":{"@type":"ImageObject","inLanguage":"ca","@id":"https:\/\/www.dexeus.com\/midlife\/ca\/#\/schema\/logo\/image\/","url":"https:\/\/www.dexeus.com\/midlife\/wp-content\/uploads\/2025\/02\/cropped-Dexeus-Midlife-Fabicon.png","contentUrl":"https:\/\/www.dexeus.com\/midlife\/wp-content\/uploads\/2025\/02\/cropped-Dexeus-Midlife-Fabicon.png","width":512,"height":512,"caption":"Dexeus Midlife"},"image":{"@id":"https:\/\/www.dexeus.com\/midlife\/ca\/#\/schema\/logo\/image\/"},"sameAs":["https:\/\/www.facebook.com\/dexeusmidlife\/","https:\/\/www.instagram.com\/dexeusmidlife\/"]},{"@type":"Person","@id":"https:\/\/www.dexeus.com\/midlife\/ca\/#\/schema\/person\/5e3548653ba74e596b2927dcb6e14960","name":"Dexeus","image":{"@type":"ImageObject","inLanguage":"ca","@id":"https:\/\/www.dexeus.com\/midlife\/ca\/#\/schema\/person\/image\/","url":"https:\/\/secure.gravatar.com\/avatar\/e4d8cae1206c08347b928733198cc20ce43c3ff9bb40599b2ba1687ea88f6b7a?s=96&d=mm&r=g","contentUrl":"https:\/\/secure.gravatar.com\/avatar\/e4d8cae1206c08347b928733198cc20ce43c3ff9bb40599b2ba1687ea88f6b7a?s=96&d=mm&r=g","caption":"Dexeus"}}]}},"_links":{"self":[{"href":"https:\/\/www.dexeus.com\/midlife\/ca\/wp-json\/wp\/v2\/posts\/11556","targetHints":{"allow":["GET"]}}],"collection":[{"href":"https:\/\/www.dexeus.com\/midlife\/ca\/wp-json\/wp\/v2\/posts"}],"about":[{"href":"https:\/\/www.dexeus.com\/midlife\/ca\/wp-json\/wp\/v2\/types\/post"}],"author":[{"embeddable":true,"href":"https:\/\/www.dexeus.com\/midlife\/ca\/wp-json\/wp\/v2\/users\/2"}],"replies":[{"embeddable":true,"href":"https:\/\/www.dexeus.com\/midlife\/ca\/wp-json\/wp\/v2\/comments?post=11556"}],"version-history":[{"count":3,"href":"https:\/\/www.dexeus.com\/midlife\/ca\/wp-json\/wp\/v2\/posts\/11556\/revisions"}],"predecessor-version":[{"id":11563,"href":"https:\/\/www.dexeus.com\/midlife\/ca\/wp-json\/wp\/v2\/posts\/11556\/revisions\/11563"}],"wp:featuredmedia":[{"embeddable":true,"href":"https:\/\/www.dexeus.com\/midlife\/ca\/wp-json\/wp\/v2\/media\/11550"}],"wp:attachment":[{"href":"https:\/\/www.dexeus.com\/midlife\/ca\/wp-json\/wp\/v2\/media?parent=11556"}],"wp:term":[{"taxonomy":"category","embeddable":true,"href":"https:\/\/www.dexeus.com\/midlife\/ca\/wp-json\/wp\/v2\/categories?post=11556"},{"taxonomy":"post_tag","embeddable":true,"href":"https:\/\/www.dexeus.com\/midlife\/ca\/wp-json\/wp\/v2\/tags?post=11556"}],"curies":[{"name":"wp","href":"https:\/\/api.w.org\/{rel}","templated":true}]}}