{"id":6465,"date":"2024-12-02T10:49:48","date_gmt":"2024-12-02T09:49:48","guid":{"rendered":"https:\/\/www.dexeus.com\/midlife\/2024\/12\/02\/quan-comenca-i-quan-sacaba-la-menopausa\/"},"modified":"2025-11-14T12:09:18","modified_gmt":"2025-11-14T11:09:18","slug":"quan-comenca-acaba-menopausa","status":"publish","type":"post","link":"https:\/\/www.dexeus.com\/midlife\/ca\/quan-comenca-acaba-menopausa\/","title":{"rendered":"Quan comen\u00e7a i quan s&#8217;acaba la menopausa?"},"content":{"rendered":"\n<p>Des de fa uns anys, la menopausa ha <em>sortit de l&#8217;armari<\/em>. Les xarxes socials hi han ajudat molt. Ara se&#8217;n parla obertament, s&#8217;accepta amb naturalitat i s&#8217;anima totes les dones a ser proactives. Com? Prestant m\u00e9s atenci\u00f3 a la seva salut i demanant suport per tractar els problemes associats que de vegades comporta. Per\u00f2 encara hi ha certa confusi\u00f3 sobre quan comen\u00e7a i quan s&#8217;acaba, o quins s\u00edmptomes es poden experimentar en cada fase.<\/p>\n\n<p>Aquesta falta de precisi\u00f3 es deu al fet que no es pot determinar amb exactitud ni l&#8217;inici ni el final d&#8217;aquesta etapa en cada dona. \u00c9s un recorregut que pot ser molt diferent d&#8217;una a una altra. No obstant aix\u00f2, hi ha una s\u00e8rie de pautes i de s\u00edmptomes que s\u00f3n f\u00e0cils de detectar i que poden donar-nos pistes.<\/p>\n\n<p><strong>Hi ha una etapa pr\u00e8via anomenada <a href=\"https:\/\/www.dexeus.com\/midlife\/ca\/salut-ginecologica\/premenopausa\/\">premenopausia<\/a><\/strong>.S&#8217;inicia des del moment en qu\u00e8 baixa la producci\u00f3 de les hormones femenines, els estr\u00f2gens i progesterona. \u00c9s un per\u00edode que pot durar aproximadament uns 5 anys. Els cicles menstruals s\u00f3n normals o m\u00e9s curts, encara que a la majoria es produeix l&#8217;ovulaci\u00f3. Encara no hi ha s\u00edmptomes de menopausa, per\u00f2 poden apar\u00e8ixer problemes de fertilitat.<\/p>\n\n<p><strong>Quan es pot dir que ja hem entrat a la menopausa\u2026?<\/strong><\/p>\n\n<p>De fet, el concepte de menopausa en si mateix \u00e9s un fet puntual. Segons l&#8217;OMS, el terme \u201cmenopausa\u201d significa la pausa o cessament definitiu del per\u00edode menstrual, i \u00e9s un succ\u00e9s que es valora de forma retrospectiva, \u00e9s a dir: es pot afirmar que una dona ha entrat en la menopausa si fa 12 mesos que no t\u00e9 menstruacions des de la seva \u00faltima regla. Per\u00f2 qu\u00e8 passa durant aquests 12 mesos que van des de l&#8217;\u00faltima regla fins a \u201cl&#8217;inici oficial\u201d de la menopausa? Segons els experts, aquest per\u00edode temporal previ seria la <strong><a href=\"https:\/\/www.dexeus.com\/midlife\/ca\/salut-ginecologica\/perimenopausa-transicio-a-la-menopausa\/\">perimenopausa<\/a><\/strong>. Es caracteritza per un conjunt de canvis endocrinol\u00f2gics, imprevisibles i variables que poden provocar diversos desajustos, des d&#8217;alteracions en el son i sufocacions, a canvis d&#8217;humor, per exemple. Els per\u00edodes menstruals es tornen m\u00e9s o menys freq\u00fcents, hi ha m\u00e9s o menys quantitat de sagnat, es produeixen mesos sense regla. Tamb\u00e9 poden comen\u00e7ar a apar\u00e8ixer s\u00edmptomes d&#8217;atr\u00f2fia de la pell i les mucoses.<\/p>\n\n<p><strong>Per sort, l&#8217;inici de la <a href=\"https:\/\/www.dexeus.com\/midlife\/ca\/salut-ginecologica\/postmenopausa\/\">postmenopausia<\/a> \u00e9s una mica m\u00e9s clar<\/strong>: comen\u00e7a a partir de l&#8217;any de la darrera menstruaci\u00f3. \u00c9s una llarga etapa que arriba fins a la vellesa i que, amb l&#8217;augment de l&#8217;esperan\u00e7a de vida a molts pa\u00efsos, ja representa m\u00e9s d&#8217;una tercera part dels anys de vida d&#8217;una dona. Per aix\u00f2 \u00e9s important promoure canvis positius en els h\u00e0bits i l&#8217;estil de vida perqu\u00e8 es puguin gaudir amb salut: mantenir-se activa f\u00edsicament i mentalment, tenir cura de la dieta, fer exercici amb regularitat \u2013aer\u00f2bic i de for\u00e7a per frenar la p\u00e8rdua de massa muscular\u2013 i continuar fent de les revisions ginecol\u00f2giques almenys fins als 70 anys. Aix\u00ed mateix, \u00e9s important prestar atenci\u00f3 a la cura de la pell, la sexualitat, el somni i la salut \u00f2ssia.<\/p>\n\n<p><strong>A Dexeus Midlife pots demanar informaci\u00f3 i <a href=\"https:\/\/www.dexeus.com\/midlife\/ca\/salut-ginecologica\/visita-medica-menopausa-integrativa\/\">assessorament al nostre equip m\u00e8dic<\/a> per consultar qualsevol problema que tinguis en totes aquestes etapes, resoldre dubtes i guanyar qualitat de vida.<\/strong><\/p>\n\n<p><\/p>\n","protected":false},"excerpt":{"rendered":"<p>La menopausa ha sortit de l&#8217;armari. Per\u00f2 encara hi ha certa confusi\u00f3 sobre quan comen\u00e7a i quan s&#8217;acaba, o quins s\u00edmptomes es poden experimentar en cada fase.<\/p>\n","protected":false},"author":1,"featured_media":6124,"comment_status":"closed","ping_status":"closed","sticky":false,"template":"","format":"standard","meta":{"footnotes":""},"categories":[42],"tags":[],"class_list":["post-6465","post","type-post","status-publish","format-standard","has-post-thumbnail","hentry","category-menopausa-cos"],"yoast_head":"<!-- This site is optimized with the Yoast SEO plugin v26.7 - https:\/\/yoast.com\/wordpress\/plugins\/seo\/ -->\n<title>Quan comen\u00e7a i quan s&#039;acaba la menopausa? - Dexeus Midlife<\/title>\n<meta name=\"description\" content=\"La menopausa ha sortit de l&#039;armari. Per\u00f2 encara hi ha certa confusi\u00f3 sobre quan comen\u00e7a i quan s&#039;acaba, o quins s\u00edmptomes es poden experimentar en cada fase.\" \/>\n<meta name=\"robots\" content=\"index, follow, max-snippet:-1, max-image-preview:large, max-video-preview:-1\" \/>\n<link rel=\"canonical\" href=\"https:\/\/www.dexeus.com\/midlife\/ca\/quan-comenca-acaba-menopausa\/\" \/>\n<meta property=\"og:locale\" content=\"ca_ES\" \/>\n<meta property=\"og:type\" content=\"article\" \/>\n<meta property=\"og:title\" content=\"Quan comen\u00e7a i quan s&#039;acaba la menopausa? - Dexeus Midlife\" \/>\n<meta property=\"og:description\" content=\"La menopausa ha sortit de l&#039;armari. Per\u00f2 encara hi ha certa confusi\u00f3 sobre quan comen\u00e7a i quan s&#039;acaba, o quins s\u00edmptomes es poden experimentar en cada fase.\" \/>\n<meta property=\"og:url\" content=\"https:\/\/www.dexeus.com\/midlife\/ca\/quan-comenca-acaba-menopausa\/\" \/>\n<meta property=\"og:site_name\" content=\"Dexeus Midlife\" \/>\n<meta property=\"article:publisher\" content=\"https:\/\/www.facebook.com\/dexeusmidlife\/\" \/>\n<meta property=\"article:published_time\" content=\"2024-12-02T09:49:48+00:00\" \/>\n<meta property=\"article:modified_time\" content=\"2025-11-14T11:09:18+00:00\" \/>\n<meta property=\"og:image\" content=\"https:\/\/www.dexeus.com\/midlife\/wp-content\/uploads\/2024\/12\/menopausia_etapas-1280x640-1.jpeg\" \/>\n\t<meta property=\"og:image:width\" content=\"1280\" \/>\n\t<meta property=\"og:image:height\" content=\"640\" \/>\n\t<meta property=\"og:image:type\" content=\"image\/jpeg\" \/>\n<meta name=\"author\" content=\"Oriol Gili\" \/>\n<meta name=\"twitter:card\" content=\"summary_large_image\" \/>\n<meta name=\"twitter:label1\" content=\"Written by\" \/>\n\t<meta name=\"twitter:data1\" content=\"Oriol Gili\" \/>\n\t<meta name=\"twitter:label2\" content=\"Est. reading time\" \/>\n\t<meta name=\"twitter:data2\" content=\"3 minutes\" \/>\n<script type=\"application\/ld+json\" class=\"yoast-schema-graph\">{\"@context\":\"https:\/\/schema.org\",\"@graph\":[{\"@type\":\"Article\",\"@id\":\"https:\/\/www.dexeus.com\/midlife\/ca\/quan-comenca-acaba-menopausa\/#article\",\"isPartOf\":{\"@id\":\"https:\/\/www.dexeus.com\/midlife\/ca\/quan-comenca-acaba-menopausa\/\"},\"author\":{\"name\":\"Oriol Gili\",\"@id\":\"https:\/\/www.dexeus.com\/midlife\/ca\/#\/schema\/person\/e9ab1bd235c417df75d9690a178a44fe\"},\"headline\":\"Quan comen\u00e7a i quan s&#8217;acaba la menopausa?\",\"datePublished\":\"2024-12-02T09:49:48+00:00\",\"dateModified\":\"2025-11-14T11:09:18+00:00\",\"mainEntityOfPage\":{\"@id\":\"https:\/\/www.dexeus.com\/midlife\/ca\/quan-comenca-acaba-menopausa\/\"},\"wordCount\":567,\"publisher\":{\"@id\":\"https:\/\/www.dexeus.com\/midlife\/ca\/#organization\"},\"image\":{\"@id\":\"https:\/\/www.dexeus.com\/midlife\/ca\/quan-comenca-acaba-menopausa\/#primaryimage\"},\"thumbnailUrl\":\"https:\/\/www.dexeus.com\/midlife\/wp-content\/uploads\/2024\/12\/menopausia_etapas-1280x640-1.jpeg\",\"articleSection\":[\"menopausa i cos\"],\"inLanguage\":\"ca\"},{\"@type\":\"WebPage\",\"@id\":\"https:\/\/www.dexeus.com\/midlife\/ca\/quan-comenca-acaba-menopausa\/\",\"url\":\"https:\/\/www.dexeus.com\/midlife\/ca\/quan-comenca-acaba-menopausa\/\",\"name\":\"Quan comen\u00e7a i quan s'acaba la menopausa? - Dexeus Midlife\",\"isPartOf\":{\"@id\":\"https:\/\/www.dexeus.com\/midlife\/ca\/#website\"},\"primaryImageOfPage\":{\"@id\":\"https:\/\/www.dexeus.com\/midlife\/ca\/quan-comenca-acaba-menopausa\/#primaryimage\"},\"image\":{\"@id\":\"https:\/\/www.dexeus.com\/midlife\/ca\/quan-comenca-acaba-menopausa\/#primaryimage\"},\"thumbnailUrl\":\"https:\/\/www.dexeus.com\/midlife\/wp-content\/uploads\/2024\/12\/menopausia_etapas-1280x640-1.jpeg\",\"datePublished\":\"2024-12-02T09:49:48+00:00\",\"dateModified\":\"2025-11-14T11:09:18+00:00\",\"description\":\"La menopausa ha sortit de l'armari. Per\u00f2 encara hi ha certa confusi\u00f3 sobre quan comen\u00e7a i quan s'acaba, o quins s\u00edmptomes es poden experimentar en cada fase.\",\"breadcrumb\":{\"@id\":\"https:\/\/www.dexeus.com\/midlife\/ca\/quan-comenca-acaba-menopausa\/#breadcrumb\"},\"inLanguage\":\"ca\",\"potentialAction\":[{\"@type\":\"ReadAction\",\"target\":[\"https:\/\/www.dexeus.com\/midlife\/ca\/quan-comenca-acaba-menopausa\/\"]}]},{\"@type\":\"ImageObject\",\"inLanguage\":\"ca\",\"@id\":\"https:\/\/www.dexeus.com\/midlife\/ca\/quan-comenca-acaba-menopausa\/#primaryimage\",\"url\":\"https:\/\/www.dexeus.com\/midlife\/wp-content\/uploads\/2024\/12\/menopausia_etapas-1280x640-1.jpeg\",\"contentUrl\":\"https:\/\/www.dexeus.com\/midlife\/wp-content\/uploads\/2024\/12\/menopausia_etapas-1280x640-1.jpeg\",\"width\":1280,\"height\":640,\"caption\":\"A menopausal woman having a hot flush.\"},{\"@type\":\"BreadcrumbList\",\"@id\":\"https:\/\/www.dexeus.com\/midlife\/ca\/quan-comenca-acaba-menopausa\/#breadcrumb\",\"itemListElement\":[{\"@type\":\"ListItem\",\"position\":1,\"name\":\"Home\",\"item\":\"https:\/\/www.dexeus.com\/midlife\/ca\/dexeus-midlife\/\"},{\"@type\":\"ListItem\",\"position\":2,\"name\":\"Quan comen\u00e7a i quan s&#8217;acaba la menopausa?\"}]},{\"@type\":\"WebSite\",\"@id\":\"https:\/\/www.dexeus.com\/midlife\/ca\/#website\",\"url\":\"https:\/\/www.dexeus.com\/midlife\/ca\/\",\"name\":\"Dexeus Midlife\",\"description\":\"Una nueva forma de vivir la menopausia\",\"publisher\":{\"@id\":\"https:\/\/www.dexeus.com\/midlife\/ca\/#organization\"},\"potentialAction\":[{\"@type\":\"SearchAction\",\"target\":{\"@type\":\"EntryPoint\",\"urlTemplate\":\"https:\/\/www.dexeus.com\/midlife\/ca\/?s={search_term_string}\"},\"query-input\":{\"@type\":\"PropertyValueSpecification\",\"valueRequired\":true,\"valueName\":\"search_term_string\"}}],\"inLanguage\":\"ca\"},{\"@type\":\"Organization\",\"@id\":\"https:\/\/www.dexeus.com\/midlife\/ca\/#organization\",\"name\":\"Dexeus Midlife\",\"url\":\"https:\/\/www.dexeus.com\/midlife\/ca\/\",\"logo\":{\"@type\":\"ImageObject\",\"inLanguage\":\"ca\",\"@id\":\"https:\/\/www.dexeus.com\/midlife\/ca\/#\/schema\/logo\/image\/\",\"url\":\"https:\/\/www.dexeus.com\/midlife\/wp-content\/uploads\/2025\/02\/cropped-Dexeus-Midlife-Fabicon.png\",\"contentUrl\":\"https:\/\/www.dexeus.com\/midlife\/wp-content\/uploads\/2025\/02\/cropped-Dexeus-Midlife-Fabicon.png\",\"width\":512,\"height\":512,\"caption\":\"Dexeus Midlife\"},\"image\":{\"@id\":\"https:\/\/www.dexeus.com\/midlife\/ca\/#\/schema\/logo\/image\/\"},\"sameAs\":[\"https:\/\/www.facebook.com\/dexeusmidlife\/\",\"https:\/\/www.instagram.com\/dexeusmidlife\/\"]},{\"@type\":\"Person\",\"@id\":\"https:\/\/www.dexeus.com\/midlife\/ca\/#\/schema\/person\/e9ab1bd235c417df75d9690a178a44fe\",\"name\":\"Oriol Gili\",\"image\":{\"@type\":\"ImageObject\",\"inLanguage\":\"ca\",\"@id\":\"https:\/\/www.dexeus.com\/midlife\/ca\/#\/schema\/person\/image\/\",\"url\":\"https:\/\/www.dexeus.com\/midlife\/wp-content\/uploads\/2025\/11\/oriol-gil.jpg\",\"contentUrl\":\"https:\/\/www.dexeus.com\/midlife\/wp-content\/uploads\/2025\/11\/oriol-gil.jpg\",\"caption\":\"Oriol Gili\"},\"description\":\"Farmac\u00e8utic especialitzat en dermofarmacia i salut de la dona amb m\u00e9s de 5 anys d'experi\u00e8ncia en consell farmac\u00e8utic aplicat a cura de la pell.\"}]}<\/script>\n<!-- \/ Yoast SEO plugin. -->","yoast_head_json":{"title":"Quan comen\u00e7a i quan s'acaba la menopausa? - Dexeus Midlife","description":"La menopausa ha sortit de l'armari. Per\u00f2 encara hi ha certa confusi\u00f3 sobre quan comen\u00e7a i quan s'acaba, o quins s\u00edmptomes es poden experimentar en cada fase.","robots":{"index":"index","follow":"follow","max-snippet":"max-snippet:-1","max-image-preview":"max-image-preview:large","max-video-preview":"max-video-preview:-1"},"canonical":"https:\/\/www.dexeus.com\/midlife\/ca\/quan-comenca-acaba-menopausa\/","og_locale":"ca_ES","og_type":"article","og_title":"Quan comen\u00e7a i quan s'acaba la menopausa? - Dexeus Midlife","og_description":"La menopausa ha sortit de l'armari. Per\u00f2 encara hi ha certa confusi\u00f3 sobre quan comen\u00e7a i quan s'acaba, o quins s\u00edmptomes es poden experimentar en cada fase.","og_url":"https:\/\/www.dexeus.com\/midlife\/ca\/quan-comenca-acaba-menopausa\/","og_site_name":"Dexeus Midlife","article_publisher":"https:\/\/www.facebook.com\/dexeusmidlife\/","article_published_time":"2024-12-02T09:49:48+00:00","article_modified_time":"2025-11-14T11:09:18+00:00","og_image":[{"width":1280,"height":640,"url":"https:\/\/www.dexeus.com\/midlife\/wp-content\/uploads\/2024\/12\/menopausia_etapas-1280x640-1.jpeg","type":"image\/jpeg"}],"author":"Oriol Gili","twitter_card":"summary_large_image","twitter_misc":{"Written by":"Oriol Gili","Est. reading time":"3 minutes"},"schema":{"@context":"https:\/\/schema.org","@graph":[{"@type":"Article","@id":"https:\/\/www.dexeus.com\/midlife\/ca\/quan-comenca-acaba-menopausa\/#article","isPartOf":{"@id":"https:\/\/www.dexeus.com\/midlife\/ca\/quan-comenca-acaba-menopausa\/"},"author":{"name":"Oriol Gili","@id":"https:\/\/www.dexeus.com\/midlife\/ca\/#\/schema\/person\/e9ab1bd235c417df75d9690a178a44fe"},"headline":"Quan comen\u00e7a i quan s&#8217;acaba la menopausa?","datePublished":"2024-12-02T09:49:48+00:00","dateModified":"2025-11-14T11:09:18+00:00","mainEntityOfPage":{"@id":"https:\/\/www.dexeus.com\/midlife\/ca\/quan-comenca-acaba-menopausa\/"},"wordCount":567,"publisher":{"@id":"https:\/\/www.dexeus.com\/midlife\/ca\/#organization"},"image":{"@id":"https:\/\/www.dexeus.com\/midlife\/ca\/quan-comenca-acaba-menopausa\/#primaryimage"},"thumbnailUrl":"https:\/\/www.dexeus.com\/midlife\/wp-content\/uploads\/2024\/12\/menopausia_etapas-1280x640-1.jpeg","articleSection":["menopausa i cos"],"inLanguage":"ca"},{"@type":"WebPage","@id":"https:\/\/www.dexeus.com\/midlife\/ca\/quan-comenca-acaba-menopausa\/","url":"https:\/\/www.dexeus.com\/midlife\/ca\/quan-comenca-acaba-menopausa\/","name":"Quan comen\u00e7a i quan s'acaba la menopausa? - Dexeus Midlife","isPartOf":{"@id":"https:\/\/www.dexeus.com\/midlife\/ca\/#website"},"primaryImageOfPage":{"@id":"https:\/\/www.dexeus.com\/midlife\/ca\/quan-comenca-acaba-menopausa\/#primaryimage"},"image":{"@id":"https:\/\/www.dexeus.com\/midlife\/ca\/quan-comenca-acaba-menopausa\/#primaryimage"},"thumbnailUrl":"https:\/\/www.dexeus.com\/midlife\/wp-content\/uploads\/2024\/12\/menopausia_etapas-1280x640-1.jpeg","datePublished":"2024-12-02T09:49:48+00:00","dateModified":"2025-11-14T11:09:18+00:00","description":"La menopausa ha sortit de l'armari. Per\u00f2 encara hi ha certa confusi\u00f3 sobre quan comen\u00e7a i quan s'acaba, o quins s\u00edmptomes es poden experimentar en cada fase.","breadcrumb":{"@id":"https:\/\/www.dexeus.com\/midlife\/ca\/quan-comenca-acaba-menopausa\/#breadcrumb"},"inLanguage":"ca","potentialAction":[{"@type":"ReadAction","target":["https:\/\/www.dexeus.com\/midlife\/ca\/quan-comenca-acaba-menopausa\/"]}]},{"@type":"ImageObject","inLanguage":"ca","@id":"https:\/\/www.dexeus.com\/midlife\/ca\/quan-comenca-acaba-menopausa\/#primaryimage","url":"https:\/\/www.dexeus.com\/midlife\/wp-content\/uploads\/2024\/12\/menopausia_etapas-1280x640-1.jpeg","contentUrl":"https:\/\/www.dexeus.com\/midlife\/wp-content\/uploads\/2024\/12\/menopausia_etapas-1280x640-1.jpeg","width":1280,"height":640,"caption":"A menopausal woman having a hot flush."},{"@type":"BreadcrumbList","@id":"https:\/\/www.dexeus.com\/midlife\/ca\/quan-comenca-acaba-menopausa\/#breadcrumb","itemListElement":[{"@type":"ListItem","position":1,"name":"Home","item":"https:\/\/www.dexeus.com\/midlife\/ca\/dexeus-midlife\/"},{"@type":"ListItem","position":2,"name":"Quan comen\u00e7a i quan s&#8217;acaba la menopausa?"}]},{"@type":"WebSite","@id":"https:\/\/www.dexeus.com\/midlife\/ca\/#website","url":"https:\/\/www.dexeus.com\/midlife\/ca\/","name":"Dexeus Midlife","description":"Una nueva forma de vivir la menopausia","publisher":{"@id":"https:\/\/www.dexeus.com\/midlife\/ca\/#organization"},"potentialAction":[{"@type":"SearchAction","target":{"@type":"EntryPoint","urlTemplate":"https:\/\/www.dexeus.com\/midlife\/ca\/?s={search_term_string}"},"query-input":{"@type":"PropertyValueSpecification","valueRequired":true,"valueName":"search_term_string"}}],"inLanguage":"ca"},{"@type":"Organization","@id":"https:\/\/www.dexeus.com\/midlife\/ca\/#organization","name":"Dexeus Midlife","url":"https:\/\/www.dexeus.com\/midlife\/ca\/","logo":{"@type":"ImageObject","inLanguage":"ca","@id":"https:\/\/www.dexeus.com\/midlife\/ca\/#\/schema\/logo\/image\/","url":"https:\/\/www.dexeus.com\/midlife\/wp-content\/uploads\/2025\/02\/cropped-Dexeus-Midlife-Fabicon.png","contentUrl":"https:\/\/www.dexeus.com\/midlife\/wp-content\/uploads\/2025\/02\/cropped-Dexeus-Midlife-Fabicon.png","width":512,"height":512,"caption":"Dexeus Midlife"},"image":{"@id":"https:\/\/www.dexeus.com\/midlife\/ca\/#\/schema\/logo\/image\/"},"sameAs":["https:\/\/www.facebook.com\/dexeusmidlife\/","https:\/\/www.instagram.com\/dexeusmidlife\/"]},{"@type":"Person","@id":"https:\/\/www.dexeus.com\/midlife\/ca\/#\/schema\/person\/e9ab1bd235c417df75d9690a178a44fe","name":"Oriol Gili","image":{"@type":"ImageObject","inLanguage":"ca","@id":"https:\/\/www.dexeus.com\/midlife\/ca\/#\/schema\/person\/image\/","url":"https:\/\/www.dexeus.com\/midlife\/wp-content\/uploads\/2025\/11\/oriol-gil.jpg","contentUrl":"https:\/\/www.dexeus.com\/midlife\/wp-content\/uploads\/2025\/11\/oriol-gil.jpg","caption":"Oriol Gili"},"description":"Farmac\u00e8utic especialitzat en dermofarmacia i salut de la dona amb m\u00e9s de 5 anys d'experi\u00e8ncia en consell farmac\u00e8utic aplicat a cura de la pell."}]}},"_links":{"self":[{"href":"https:\/\/www.dexeus.com\/midlife\/ca\/wp-json\/wp\/v2\/posts\/6465","targetHints":{"allow":["GET"]}}],"collection":[{"href":"https:\/\/www.dexeus.com\/midlife\/ca\/wp-json\/wp\/v2\/posts"}],"about":[{"href":"https:\/\/www.dexeus.com\/midlife\/ca\/wp-json\/wp\/v2\/types\/post"}],"author":[{"embeddable":true,"href":"https:\/\/www.dexeus.com\/midlife\/ca\/wp-json\/wp\/v2\/users\/1"}],"replies":[{"embeddable":true,"href":"https:\/\/www.dexeus.com\/midlife\/ca\/wp-json\/wp\/v2\/comments?post=6465"}],"version-history":[{"count":0,"href":"https:\/\/www.dexeus.com\/midlife\/ca\/wp-json\/wp\/v2\/posts\/6465\/revisions"}],"wp:featuredmedia":[{"embeddable":true,"href":"https:\/\/www.dexeus.com\/midlife\/ca\/wp-json\/wp\/v2\/media\/6124"}],"wp:attachment":[{"href":"https:\/\/www.dexeus.com\/midlife\/ca\/wp-json\/wp\/v2\/media?parent=6465"}],"wp:term":[{"taxonomy":"category","embeddable":true,"href":"https:\/\/www.dexeus.com\/midlife\/ca\/wp-json\/wp\/v2\/categories?post=6465"},{"taxonomy":"post_tag","embeddable":true,"href":"https:\/\/www.dexeus.com\/midlife\/ca\/wp-json\/wp\/v2\/tags?post=6465"}],"curies":[{"name":"wp","href":"https:\/\/api.w.org\/{rel}","templated":true}]}}