{"id":6862,"date":"2025-01-15T15:58:34","date_gmt":"2025-01-15T14:58:34","guid":{"rendered":"https:\/\/www.dexeus.com\/midlife\/2025\/01\/15\/que-saps-del-liquen-vulvar\/"},"modified":"2025-11-14T12:07:32","modified_gmt":"2025-11-14T11:07:32","slug":"liquen-vulvar","status":"publish","type":"post","link":"https:\/\/www.dexeus.com\/midlife\/ca\/liquen-vulvar\/","title":{"rendered":"Qu\u00e8 saps del liquen vulvar?"},"content":{"rendered":"\n<p>D\u2019entrada, \u00e9s possible que el nom et sorprengui, per\u00f2 no es tracta de cap fong ni est\u00e0 relacionat amb la microbiota vaginal.<br\/> El <a href=\"https:\/\/www.dexeus.com\/midlife\/ca\/problema\/liquen-vulvar\/\">liquen vulvar<\/a> \u00e9s una <strong>afecci\u00f3 de la pell<\/strong> que sol afectar la zona dels genitals. Existeixen tres tipus diferents: el <strong>liquen simple<\/strong>, el <strong>liquen escler\u00f3s<\/strong> i el <strong>liquen pla<\/strong>. El primer \u00e9s una dermatosi cr\u00f2nica que es produeix a causa del gratat o frec repetitiu de la pell. Els altres dos s\u00f3n dermatosis inflamat\u00f2ries de causa desconeguda i poden afectar dones de qualsevol edat.<\/p>\n\n<p>Fins fa uns anys, era una patologia que no es coneixia molt b\u00e9, per\u00f2 actualment s\u00ed i \u00e9s possible aconseguir un bon control dels s\u00edmptomes si s\u2019aplica el tractament adequat.<\/p>\n\n<h2 class=\"wp-block-heading\">Import\u00e0ncia del diagn\u00f2stic<\/h2>\n\n<p>El problema \u00e9s que, sovint, es triga a fer<strong> <\/strong>el diagn\u00f2stic perqu\u00e8 els s\u00edmptomes s\u00f3n bastant inespec\u00edfics i no sempre es consulta. No obstant, \u00e9s important diagnosticar-la com m\u00e9s aviat millor, ja que pot provocar un aprimament de la pell i afavorir l\u2019aparici\u00f3 <strong>fissures<\/strong>, <strong>mol\u00e8sties en la micci\u00f3, p\u00e8rdua de sensibilitat<\/strong> en les relacions sexuals i fins i tot <strong>canvis anat\u00f2mics<\/strong>. La ra\u00f3 \u00e9s que la pell dels llavis menors es torna cada vegada m\u00e9s fina, de manera que pot donar la sensaci\u00f3 que aquests es fusionen o desapareixen i provocar canvis estructurals. Per aix\u00f2 \u00e9s important fer-se revisions ginecol\u00f2giques de control de manera regular i acudir al ginec\u00f2leg al menor s\u00edmptoma. <strong>Per\u00f2 com es detecta?<\/strong> <strong>I hi ha algun s\u00edmptoma que serveixi d\u2019alerta?<\/strong><\/p>\n\n<p>La <strong><a href=\"https:\/\/www.dexeus.com\/midlife\/sobre-nosotros\/cuadro-medico\/\">Doctora Nuria Li<\/a><\/strong>, ginec\u00f2loga del nostre centre i especialista en Patologia Cervical o del tracte genital inferior, respon aquestes preguntes i altres dubtes freq\u00fcents sobre aquest problema.<\/p>\n\n<h2 class=\"wp-block-heading\">Qu\u00e8 la provoca?<\/h2>\n\n<p>En realitat, no se&#8217;n coneix la causa exacta. Es creu que pot tenir un origen multifactorial: gen\u00e8tic, immunol\u00f2gic, hormonal\u2026. S\u2019han descrit alguns casos que indiquen una predisposici\u00f3 familiar (mares-filles, germanes, etc.) i en algunes dones s\u2019associa a d\u2019altres malalties autoimmunes. Per\u00f2 l\u2019origen no \u00e9s infecci\u00f3s, \u00e9s una dermatosis inflamat\u00f2ria.<\/p>\n\n<h2 class=\"wp-block-heading\">Quins s\u00edmptomes poden alertar-nos?<\/h2>\n\n<p>Els s\u00edmptomes s\u00f3n bastant inespec\u00edfics, encara que el principal sol ser la picor vulvar, que pot anar acompanyada d\u2019una sensaci\u00f3 d\u2019ardor, co\u00efssor o irritaci\u00f3. Sovint es presenta cap al vespre (al final del dia) i si la picor \u00e9s intensa pot arribar a interferir en la son. Si persisteixen els s\u00edmptomes poden produir mol\u00e8sties o dolor en les relacions sexuals i aparici\u00f3 de fissures. Amb el temps tamb\u00e9 es pot veure alterada la sensibilitat en la zona vulvar. Podem trobar canvis cutanis com a taques irregulars, pell m\u00e9s fina i p\u00e0l\u00b7lida, tornant-se m\u00e9s fr\u00e0gil i m\u00e9s prima. El liquen escler\u00f3s tamb\u00e9 pot afectar la zona anal i a d\u2019altres parts del cos, com l\u2019esquena, les espatlles, la part superior dels bra\u00e7os i el pit.<\/p>\n\n<h2 class=\"wp-block-heading\">\u00c9s contagiosa?<\/h2>\n\n<p>No. La malaltia no es contagia pel contacte ni per mantenir relacions sexuals o compartir tovalloles.<\/p>\n\n<h2 class=\"wp-block-heading\">Pots tenir-la a qualsevol edat?<\/h2>\n\n<p>S\u00ed, encara que \u00e9s m\u00e9s freq\u00fcent despr\u00e9s de la menopausa. El liquen escler\u00f3s pot apar\u00e8ixer en la prepubertat (abans de la primera regla) i en la transici\u00f3 cap a la menopausa. Aquest fet fa pensar que pot tenir alguna relaci\u00f3 amb factors hormonals. El liquen pla, en canvi, afecta principalment a dones en la menopausa.<\/p>\n\n<h2 class=\"wp-block-heading\">Com s\u2019estableix el diagn\u00f2stic?, cal fer-se algun test o prova especial?<\/h2>\n\n<p>En general el diagn\u00f2stic \u00e9s cl\u00ednic mitjan\u00e7ant l\u2019exploraci\u00f3 f\u00edsica, per\u00f2 sempre \u00e9s important acudir a un centre amb equip m\u00e8dic especialitzat en patologia vulvar. En alguns casos pot ser necessari fer una bi\u00f2psia.<\/p>\n\n<h2 class=\"wp-block-heading\">Quines solucions hi ha?<\/h2>\n\n<p>El tractament de primera elecci\u00f3 \u00e9s l\u2019\u00fas de corticoides d\u2019aplicaci\u00f3 t\u00f2pica (en forma de cremes o pomades) i hidratants vulvars en forma de gel, crema o oli. En algunes ocasions tamb\u00e9 pot ser necessari aplicar un tractament estrog\u00e8nic local.<\/p>\n\n<p>Des de fa uns anys, existeixen tractaments alternatius enfocats a la regeneraci\u00f3 del teixit, que poden servir de segona l\u00ednia o que poden complementar als tractaments de primera l\u00ednia. En el nostre centre comptem amb una Unitat especialitzada en Ginecologia regenerativa i Funcional on s\u2019apliquen aquests tractaments i que ofereixen molt bons resultats, com poden ser la <a href=\"https:\/\/www.dexeus.com\/midlife\/ca\/aprimar-menopausa\/carboxiterapia-3\/\">carboxiterapia<\/a>, el <a href=\"https:\/\/www.dexeus.com\/midlife\/tratamiento\/laser-de-recuperacion-funcional\/\">l\u00e0ser<\/a> o el <a href=\"https:\/\/www.dexeus.com\/midlife\/tratamiento\/prp\/\">Plasma Ric en Plaquetes (PRP)<\/a> que es pot combinar amb \u00e0cid hialur\u00f2nic.<\/p>\n\n<h2 class=\"wp-block-heading\">Cal fer seguiment?<\/h2>\n\n<p>S\u00ed, \u00e9s necessari realitzar un control peri\u00f2dic, ja que es tracta d\u2019una dermatosis cr\u00f2nica i que pot tenir un curs fluctuant amb aparici\u00f3 de brots en el temps i que requereixin modificar la pauta de tractament. A m\u00e9s, un mal control pot constituir un factor de risc per a l\u2019aparici\u00f3 de lesions precursores de c\u00e0ncer de vulva.<\/p>\n\n<h2 class=\"wp-block-heading\">T\u00e9 cura?<\/h2>\n\n<p>No t\u00e9 cura, per\u00f2 s\u00ed que \u00e9s possible frenar la seva evoluci\u00f3 i controlar els s\u00edmptomes. En general, si es controla b\u00e9, es pot fer una vida completament normal.<\/p>\n","protected":false},"excerpt":{"rendered":"<p>D\u2019entrada, \u00e9s possible que el nom et sorprengui, per\u00f2 no es tracta de cap fong ni est\u00e0 relacionat amb la microbiota vaginal.<br \/> El liquen vulvar \u00e9s una afecci\u00f3 de la pell que sol afectar la zona dels genitals.<\/p>\n","protected":false},"author":1,"featured_media":6167,"comment_status":"closed","ping_status":"closed","sticky":false,"template":"","format":"standard","meta":{"footnotes":""},"categories":[45],"tags":[],"class_list":["post-6862","post","type-post","status-publish","format-standard","has-post-thumbnail","hentry","category-menopausa-zona-intima"],"yoast_head":"<!-- This site is optimized with the Yoast SEO plugin v26.7 - https:\/\/yoast.com\/wordpress\/plugins\/seo\/ -->\n<title>Qu\u00e8 saps del liquen vulvar? - Dexeus Midlife<\/title>\n<meta name=\"description\" content=\"D\u2019entrada, \u00e9s possible que el nom et sorprengui, per\u00f2 no es tracta de cap fong ni est\u00e0 relacionat amb la microbiota vaginal. El liquen vulvar \u00e9s una afecci\u00f3 de la pell que sol afectar la zona dels genitals.\" \/>\n<meta name=\"robots\" content=\"index, follow, max-snippet:-1, max-image-preview:large, max-video-preview:-1\" \/>\n<link rel=\"canonical\" href=\"https:\/\/www.dexeus.com\/midlife\/ca\/liquen-vulvar\/\" \/>\n<meta property=\"og:locale\" content=\"ca_ES\" \/>\n<meta property=\"og:type\" content=\"article\" \/>\n<meta property=\"og:title\" content=\"Qu\u00e8 saps del liquen vulvar? - Dexeus Midlife\" \/>\n<meta property=\"og:description\" content=\"D\u2019entrada, \u00e9s possible que el nom et sorprengui, per\u00f2 no es tracta de cap fong ni est\u00e0 relacionat amb la microbiota vaginal. El liquen vulvar \u00e9s una afecci\u00f3 de la pell que sol afectar la zona dels genitals.\" \/>\n<meta property=\"og:url\" content=\"https:\/\/www.dexeus.com\/midlife\/ca\/liquen-vulvar\/\" \/>\n<meta property=\"og:site_name\" content=\"Dexeus Midlife\" \/>\n<meta property=\"article:publisher\" content=\"https:\/\/www.facebook.com\/dexeusmidlife\/\" \/>\n<meta property=\"article:published_time\" content=\"2025-01-15T14:58:34+00:00\" \/>\n<meta property=\"article:modified_time\" content=\"2025-11-14T11:07:32+00:00\" \/>\n<meta property=\"og:image\" content=\"https:\/\/www.dexeus.com\/midlife\/wp-content\/uploads\/2024\/12\/sintomatest1.jpeg\" \/>\n\t<meta property=\"og:image:width\" content=\"1280\" \/>\n\t<meta property=\"og:image:height\" content=\"640\" \/>\n\t<meta property=\"og:image:type\" content=\"image\/jpeg\" \/>\n<meta name=\"author\" content=\"Oriol Gili\" \/>\n<meta name=\"twitter:card\" content=\"summary_large_image\" \/>\n<meta name=\"twitter:label1\" content=\"Written by\" \/>\n\t<meta name=\"twitter:data1\" content=\"Oriol Gili\" \/>\n\t<meta name=\"twitter:label2\" content=\"Est. reading time\" \/>\n\t<meta name=\"twitter:data2\" content=\"4 minutes\" \/>\n<script type=\"application\/ld+json\" class=\"yoast-schema-graph\">{\"@context\":\"https:\/\/schema.org\",\"@graph\":[{\"@type\":\"Article\",\"@id\":\"https:\/\/www.dexeus.com\/midlife\/ca\/liquen-vulvar\/#article\",\"isPartOf\":{\"@id\":\"https:\/\/www.dexeus.com\/midlife\/ca\/liquen-vulvar\/\"},\"author\":{\"name\":\"Oriol Gili\",\"@id\":\"https:\/\/www.dexeus.com\/midlife\/ca\/#\/schema\/person\/e9ab1bd235c417df75d9690a178a44fe\"},\"headline\":\"Qu\u00e8 saps del liquen vulvar?\",\"datePublished\":\"2025-01-15T14:58:34+00:00\",\"dateModified\":\"2025-11-14T11:07:32+00:00\",\"mainEntityOfPage\":{\"@id\":\"https:\/\/www.dexeus.com\/midlife\/ca\/liquen-vulvar\/\"},\"wordCount\":870,\"publisher\":{\"@id\":\"https:\/\/www.dexeus.com\/midlife\/ca\/#organization\"},\"image\":{\"@id\":\"https:\/\/www.dexeus.com\/midlife\/ca\/liquen-vulvar\/#primaryimage\"},\"thumbnailUrl\":\"https:\/\/www.dexeus.com\/midlife\/wp-content\/uploads\/2024\/12\/sintomatest1.jpeg\",\"articleSection\":[\"menopausa i zona \u00edntima\"],\"inLanguage\":\"ca\"},{\"@type\":\"WebPage\",\"@id\":\"https:\/\/www.dexeus.com\/midlife\/ca\/liquen-vulvar\/\",\"url\":\"https:\/\/www.dexeus.com\/midlife\/ca\/liquen-vulvar\/\",\"name\":\"Qu\u00e8 saps del liquen vulvar? - Dexeus Midlife\",\"isPartOf\":{\"@id\":\"https:\/\/www.dexeus.com\/midlife\/ca\/#website\"},\"primaryImageOfPage\":{\"@id\":\"https:\/\/www.dexeus.com\/midlife\/ca\/liquen-vulvar\/#primaryimage\"},\"image\":{\"@id\":\"https:\/\/www.dexeus.com\/midlife\/ca\/liquen-vulvar\/#primaryimage\"},\"thumbnailUrl\":\"https:\/\/www.dexeus.com\/midlife\/wp-content\/uploads\/2024\/12\/sintomatest1.jpeg\",\"datePublished\":\"2025-01-15T14:58:34+00:00\",\"dateModified\":\"2025-11-14T11:07:32+00:00\",\"description\":\"D\u2019entrada, \u00e9s possible que el nom et sorprengui, per\u00f2 no es tracta de cap fong ni est\u00e0 relacionat amb la microbiota vaginal. El liquen vulvar \u00e9s una afecci\u00f3 de la pell que sol afectar la zona dels genitals.\",\"breadcrumb\":{\"@id\":\"https:\/\/www.dexeus.com\/midlife\/ca\/liquen-vulvar\/#breadcrumb\"},\"inLanguage\":\"ca\",\"potentialAction\":[{\"@type\":\"ReadAction\",\"target\":[\"https:\/\/www.dexeus.com\/midlife\/ca\/liquen-vulvar\/\"]}]},{\"@type\":\"ImageObject\",\"inLanguage\":\"ca\",\"@id\":\"https:\/\/www.dexeus.com\/midlife\/ca\/liquen-vulvar\/#primaryimage\",\"url\":\"https:\/\/www.dexeus.com\/midlife\/wp-content\/uploads\/2024\/12\/sintomatest1.jpeg\",\"contentUrl\":\"https:\/\/www.dexeus.com\/midlife\/wp-content\/uploads\/2024\/12\/sintomatest1.jpeg\",\"width\":1280,\"height\":640,\"caption\":\"woman dressed in underwear, suffering from stomach ache , gastritis or menstruation, stomach trouble close- up\"},{\"@type\":\"BreadcrumbList\",\"@id\":\"https:\/\/www.dexeus.com\/midlife\/ca\/liquen-vulvar\/#breadcrumb\",\"itemListElement\":[{\"@type\":\"ListItem\",\"position\":1,\"name\":\"Home\",\"item\":\"https:\/\/www.dexeus.com\/midlife\/ca\/dexeus-midlife\/\"},{\"@type\":\"ListItem\",\"position\":2,\"name\":\"Qu\u00e8 saps del liquen vulvar?\"}]},{\"@type\":\"WebSite\",\"@id\":\"https:\/\/www.dexeus.com\/midlife\/ca\/#website\",\"url\":\"https:\/\/www.dexeus.com\/midlife\/ca\/\",\"name\":\"Dexeus Midlife\",\"description\":\"Una nueva forma de vivir la menopausia\",\"publisher\":{\"@id\":\"https:\/\/www.dexeus.com\/midlife\/ca\/#organization\"},\"potentialAction\":[{\"@type\":\"SearchAction\",\"target\":{\"@type\":\"EntryPoint\",\"urlTemplate\":\"https:\/\/www.dexeus.com\/midlife\/ca\/?s={search_term_string}\"},\"query-input\":{\"@type\":\"PropertyValueSpecification\",\"valueRequired\":true,\"valueName\":\"search_term_string\"}}],\"inLanguage\":\"ca\"},{\"@type\":\"Organization\",\"@id\":\"https:\/\/www.dexeus.com\/midlife\/ca\/#organization\",\"name\":\"Dexeus Midlife\",\"url\":\"https:\/\/www.dexeus.com\/midlife\/ca\/\",\"logo\":{\"@type\":\"ImageObject\",\"inLanguage\":\"ca\",\"@id\":\"https:\/\/www.dexeus.com\/midlife\/ca\/#\/schema\/logo\/image\/\",\"url\":\"https:\/\/www.dexeus.com\/midlife\/wp-content\/uploads\/2025\/02\/cropped-Dexeus-Midlife-Fabicon.png\",\"contentUrl\":\"https:\/\/www.dexeus.com\/midlife\/wp-content\/uploads\/2025\/02\/cropped-Dexeus-Midlife-Fabicon.png\",\"width\":512,\"height\":512,\"caption\":\"Dexeus Midlife\"},\"image\":{\"@id\":\"https:\/\/www.dexeus.com\/midlife\/ca\/#\/schema\/logo\/image\/\"},\"sameAs\":[\"https:\/\/www.facebook.com\/dexeusmidlife\/\",\"https:\/\/www.instagram.com\/dexeusmidlife\/\"]},{\"@type\":\"Person\",\"@id\":\"https:\/\/www.dexeus.com\/midlife\/ca\/#\/schema\/person\/e9ab1bd235c417df75d9690a178a44fe\",\"name\":\"Oriol Gili\",\"image\":{\"@type\":\"ImageObject\",\"inLanguage\":\"ca\",\"@id\":\"https:\/\/www.dexeus.com\/midlife\/ca\/#\/schema\/person\/image\/\",\"url\":\"https:\/\/www.dexeus.com\/midlife\/wp-content\/uploads\/2025\/11\/oriol-gil.jpg\",\"contentUrl\":\"https:\/\/www.dexeus.com\/midlife\/wp-content\/uploads\/2025\/11\/oriol-gil.jpg\",\"caption\":\"Oriol Gili\"},\"description\":\"Farmac\u00e8utic especialitzat en dermofarmacia i salut de la dona amb m\u00e9s de 5 anys d'experi\u00e8ncia en consell farmac\u00e8utic aplicat a cura de la pell.\"}]}<\/script>\n<!-- \/ Yoast SEO plugin. -->","yoast_head_json":{"title":"Qu\u00e8 saps del liquen vulvar? - Dexeus Midlife","description":"D\u2019entrada, \u00e9s possible que el nom et sorprengui, per\u00f2 no es tracta de cap fong ni est\u00e0 relacionat amb la microbiota vaginal. El liquen vulvar \u00e9s una afecci\u00f3 de la pell que sol afectar la zona dels genitals.","robots":{"index":"index","follow":"follow","max-snippet":"max-snippet:-1","max-image-preview":"max-image-preview:large","max-video-preview":"max-video-preview:-1"},"canonical":"https:\/\/www.dexeus.com\/midlife\/ca\/liquen-vulvar\/","og_locale":"ca_ES","og_type":"article","og_title":"Qu\u00e8 saps del liquen vulvar? - Dexeus Midlife","og_description":"D\u2019entrada, \u00e9s possible que el nom et sorprengui, per\u00f2 no es tracta de cap fong ni est\u00e0 relacionat amb la microbiota vaginal. El liquen vulvar \u00e9s una afecci\u00f3 de la pell que sol afectar la zona dels genitals.","og_url":"https:\/\/www.dexeus.com\/midlife\/ca\/liquen-vulvar\/","og_site_name":"Dexeus Midlife","article_publisher":"https:\/\/www.facebook.com\/dexeusmidlife\/","article_published_time":"2025-01-15T14:58:34+00:00","article_modified_time":"2025-11-14T11:07:32+00:00","og_image":[{"width":1280,"height":640,"url":"https:\/\/www.dexeus.com\/midlife\/wp-content\/uploads\/2024\/12\/sintomatest1.jpeg","type":"image\/jpeg"}],"author":"Oriol Gili","twitter_card":"summary_large_image","twitter_misc":{"Written by":"Oriol Gili","Est. reading time":"4 minutes"},"schema":{"@context":"https:\/\/schema.org","@graph":[{"@type":"Article","@id":"https:\/\/www.dexeus.com\/midlife\/ca\/liquen-vulvar\/#article","isPartOf":{"@id":"https:\/\/www.dexeus.com\/midlife\/ca\/liquen-vulvar\/"},"author":{"name":"Oriol Gili","@id":"https:\/\/www.dexeus.com\/midlife\/ca\/#\/schema\/person\/e9ab1bd235c417df75d9690a178a44fe"},"headline":"Qu\u00e8 saps del liquen vulvar?","datePublished":"2025-01-15T14:58:34+00:00","dateModified":"2025-11-14T11:07:32+00:00","mainEntityOfPage":{"@id":"https:\/\/www.dexeus.com\/midlife\/ca\/liquen-vulvar\/"},"wordCount":870,"publisher":{"@id":"https:\/\/www.dexeus.com\/midlife\/ca\/#organization"},"image":{"@id":"https:\/\/www.dexeus.com\/midlife\/ca\/liquen-vulvar\/#primaryimage"},"thumbnailUrl":"https:\/\/www.dexeus.com\/midlife\/wp-content\/uploads\/2024\/12\/sintomatest1.jpeg","articleSection":["menopausa i zona \u00edntima"],"inLanguage":"ca"},{"@type":"WebPage","@id":"https:\/\/www.dexeus.com\/midlife\/ca\/liquen-vulvar\/","url":"https:\/\/www.dexeus.com\/midlife\/ca\/liquen-vulvar\/","name":"Qu\u00e8 saps del liquen vulvar? - Dexeus Midlife","isPartOf":{"@id":"https:\/\/www.dexeus.com\/midlife\/ca\/#website"},"primaryImageOfPage":{"@id":"https:\/\/www.dexeus.com\/midlife\/ca\/liquen-vulvar\/#primaryimage"},"image":{"@id":"https:\/\/www.dexeus.com\/midlife\/ca\/liquen-vulvar\/#primaryimage"},"thumbnailUrl":"https:\/\/www.dexeus.com\/midlife\/wp-content\/uploads\/2024\/12\/sintomatest1.jpeg","datePublished":"2025-01-15T14:58:34+00:00","dateModified":"2025-11-14T11:07:32+00:00","description":"D\u2019entrada, \u00e9s possible que el nom et sorprengui, per\u00f2 no es tracta de cap fong ni est\u00e0 relacionat amb la microbiota vaginal. El liquen vulvar \u00e9s una afecci\u00f3 de la pell que sol afectar la zona dels genitals.","breadcrumb":{"@id":"https:\/\/www.dexeus.com\/midlife\/ca\/liquen-vulvar\/#breadcrumb"},"inLanguage":"ca","potentialAction":[{"@type":"ReadAction","target":["https:\/\/www.dexeus.com\/midlife\/ca\/liquen-vulvar\/"]}]},{"@type":"ImageObject","inLanguage":"ca","@id":"https:\/\/www.dexeus.com\/midlife\/ca\/liquen-vulvar\/#primaryimage","url":"https:\/\/www.dexeus.com\/midlife\/wp-content\/uploads\/2024\/12\/sintomatest1.jpeg","contentUrl":"https:\/\/www.dexeus.com\/midlife\/wp-content\/uploads\/2024\/12\/sintomatest1.jpeg","width":1280,"height":640,"caption":"woman dressed in underwear, suffering from stomach ache , gastritis or menstruation, stomach trouble close- up"},{"@type":"BreadcrumbList","@id":"https:\/\/www.dexeus.com\/midlife\/ca\/liquen-vulvar\/#breadcrumb","itemListElement":[{"@type":"ListItem","position":1,"name":"Home","item":"https:\/\/www.dexeus.com\/midlife\/ca\/dexeus-midlife\/"},{"@type":"ListItem","position":2,"name":"Qu\u00e8 saps del liquen vulvar?"}]},{"@type":"WebSite","@id":"https:\/\/www.dexeus.com\/midlife\/ca\/#website","url":"https:\/\/www.dexeus.com\/midlife\/ca\/","name":"Dexeus Midlife","description":"Una nueva forma de vivir la menopausia","publisher":{"@id":"https:\/\/www.dexeus.com\/midlife\/ca\/#organization"},"potentialAction":[{"@type":"SearchAction","target":{"@type":"EntryPoint","urlTemplate":"https:\/\/www.dexeus.com\/midlife\/ca\/?s={search_term_string}"},"query-input":{"@type":"PropertyValueSpecification","valueRequired":true,"valueName":"search_term_string"}}],"inLanguage":"ca"},{"@type":"Organization","@id":"https:\/\/www.dexeus.com\/midlife\/ca\/#organization","name":"Dexeus Midlife","url":"https:\/\/www.dexeus.com\/midlife\/ca\/","logo":{"@type":"ImageObject","inLanguage":"ca","@id":"https:\/\/www.dexeus.com\/midlife\/ca\/#\/schema\/logo\/image\/","url":"https:\/\/www.dexeus.com\/midlife\/wp-content\/uploads\/2025\/02\/cropped-Dexeus-Midlife-Fabicon.png","contentUrl":"https:\/\/www.dexeus.com\/midlife\/wp-content\/uploads\/2025\/02\/cropped-Dexeus-Midlife-Fabicon.png","width":512,"height":512,"caption":"Dexeus Midlife"},"image":{"@id":"https:\/\/www.dexeus.com\/midlife\/ca\/#\/schema\/logo\/image\/"},"sameAs":["https:\/\/www.facebook.com\/dexeusmidlife\/","https:\/\/www.instagram.com\/dexeusmidlife\/"]},{"@type":"Person","@id":"https:\/\/www.dexeus.com\/midlife\/ca\/#\/schema\/person\/e9ab1bd235c417df75d9690a178a44fe","name":"Oriol Gili","image":{"@type":"ImageObject","inLanguage":"ca","@id":"https:\/\/www.dexeus.com\/midlife\/ca\/#\/schema\/person\/image\/","url":"https:\/\/www.dexeus.com\/midlife\/wp-content\/uploads\/2025\/11\/oriol-gil.jpg","contentUrl":"https:\/\/www.dexeus.com\/midlife\/wp-content\/uploads\/2025\/11\/oriol-gil.jpg","caption":"Oriol Gili"},"description":"Farmac\u00e8utic especialitzat en dermofarmacia i salut de la dona amb m\u00e9s de 5 anys d'experi\u00e8ncia en consell farmac\u00e8utic aplicat a cura de la pell."}]}},"_links":{"self":[{"href":"https:\/\/www.dexeus.com\/midlife\/ca\/wp-json\/wp\/v2\/posts\/6862","targetHints":{"allow":["GET"]}}],"collection":[{"href":"https:\/\/www.dexeus.com\/midlife\/ca\/wp-json\/wp\/v2\/posts"}],"about":[{"href":"https:\/\/www.dexeus.com\/midlife\/ca\/wp-json\/wp\/v2\/types\/post"}],"author":[{"embeddable":true,"href":"https:\/\/www.dexeus.com\/midlife\/ca\/wp-json\/wp\/v2\/users\/1"}],"replies":[{"embeddable":true,"href":"https:\/\/www.dexeus.com\/midlife\/ca\/wp-json\/wp\/v2\/comments?post=6862"}],"version-history":[{"count":0,"href":"https:\/\/www.dexeus.com\/midlife\/ca\/wp-json\/wp\/v2\/posts\/6862\/revisions"}],"wp:featuredmedia":[{"embeddable":true,"href":"https:\/\/www.dexeus.com\/midlife\/ca\/wp-json\/wp\/v2\/media\/6167"}],"wp:attachment":[{"href":"https:\/\/www.dexeus.com\/midlife\/ca\/wp-json\/wp\/v2\/media?parent=6862"}],"wp:term":[{"taxonomy":"category","embeddable":true,"href":"https:\/\/www.dexeus.com\/midlife\/ca\/wp-json\/wp\/v2\/categories?post=6862"},{"taxonomy":"post_tag","embeddable":true,"href":"https:\/\/www.dexeus.com\/midlife\/ca\/wp-json\/wp\/v2\/tags?post=6862"}],"curies":[{"name":"wp","href":"https:\/\/api.w.org\/{rel}","templated":true}]}}