{"id":6911,"date":"2025-02-13T16:00:11","date_gmt":"2025-02-13T15:00:11","guid":{"rendered":"https:\/\/www.dexeus.com\/midlife\/2025\/02\/13\/saps-que-la-incontinencia-es-pot-tractar-amb-laser\/"},"modified":"2025-11-14T12:09:33","modified_gmt":"2025-11-14T11:09:33","slug":"incontinencia-tractar-laser","status":"publish","type":"post","link":"https:\/\/www.dexeus.com\/midlife\/ca\/incontinencia-tractar-laser\/","title":{"rendered":"Saps que la incontin\u00e8ncia es pot tractar amb l\u00e0ser?"},"content":{"rendered":"\n<p>La <strong>incontin\u00e8ncia urin\u00e0ria<\/strong> \u00e9s un problema de salut important. Afecta un 20% de les dones d&#8217;entre 35 i 65 anys. Un percentatge que, a partir dels 75, supera el 40%. Per\u00f2 la majoria de les dones que ho pateixen no ho expliquen perqu\u00e8 els fa vergonya, o creuen que \u00e9s una conseq\u00fc\u00e8ncia natural de l&#8217;edat i\/o dels embarassos i parts que han tingut. No obstant aix\u00f2, no \u00e9s \u201cnormal\u201d, i molts casos podrien evitar-se si es prenguessin mesures de prevenci\u00f3, o solucionar-se si es tractessin correctament. Aix\u00ed que sempre cal acudir al metge, encara que sigui molt lleu.<\/p>\n\n<h2 class=\"wp-block-heading\">Causes de la incontin\u00e8ncia urin\u00e0ria<\/h2>\n\n<p>Les causes poden ser molt diverses: problemes en el tancament de l&#8217;esf\u00ednter urinari, en la coordinaci\u00f3 de la musculatura de la bufeta, en el funcionament dels nervis o descens d&#8217;\u00f2rgans p\u00e8lvics (prolapsos) degut a la falta de to del s\u00f2l p\u00e8lvic. Per aix\u00f2, \u00e9s fonamental que un especialista ho valori per decidir quin tractament pot anar millor. Si \u00e9s el teu cas, has de consultar-ho amb la teva ginec\u00f2loga\/o, que coneix el teu historial cl\u00ednic, perqu\u00e8 faci una primera valoraci\u00f3.<\/p>\n\n<h2 class=\"wp-block-heading\">Fisioter\u00e0pia i l\u00e0ser<\/h2>\n\n<p>La bona not\u00edcia \u00e9s que moltes vegades es pot solucionar amb l&#8217;ajuda de la <a href=\"https:\/\/www.dexeus.com\/midlife\/ca\/tratamiento\/fisioterapia-del-sol-pelvia\/\">fisioter\u00e0pia<\/a>, com ocorre en l&#8217;atrofia vaginal associada a la menopausa. En aquests casos, \u00e9s fonamental tractar primer aquest problema, ja que estan \u00edntimament lligats. El <a href=\"https:\/\/www.dexeus.com\/midlife\/tratamiento\/laser-de-recuperacion-funcional\/\">l\u00e0ser<\/a> \u00e9s una de les opcions amb les quals es treballa, a m\u00e9s d&#8217;altres tecnologies cada vegada m\u00e9s prometedores. La seva aplicaci\u00f3 augmenta l&#8217;elasticitat i consist\u00e8ncia del teixit, i sol funcionar molt b\u00e9 davant problemes de falta de tensi\u00f3 i incontin\u00e8ncies lleus \u201cd&#8217;esfor\u00e7\u201d (quan \u201cse t&#8217;escapa\u201d en c\u00f3rrer o fer un esfor\u00e7).<\/p>\n\n<p>A algunes dones els imposa una mica la seva aplicaci\u00f3, perqu\u00e8 es tracta d&#8217;una zona sensible. Per eliminar dubtes, el millor \u00e9s informar-se b\u00e9 i consultar-les. El tractament amb l\u00e0ser en aquests casos consisteix en aplicar petits impulsos d&#8217;energia sobre la mucosa. L&#8217;objectiu \u00e9s estimular la producci\u00f3 de col\u00b7lagen i regenerar la zona vaginal i periuretral. Es realitza de forma ambulat\u00f2ria i \u00e9s pr\u00e0cticament indolor. Al nostre centre comptem amb una Unitat especialitzada, la Unitat de Ginecologia Regenerativa que ho aplica des de fa ja uns anys.<\/p>\n\n<p>A m\u00e9s d&#8217;ajudar a contrarestar les <a href=\"https:\/\/www.dexeus.com\/midlife\/ca\/problema\/perdues-dorina\/\">p\u00e8rdues d&#8217;orina<\/a>, l&#8217;aplicaci\u00f3 del l\u00e0ser t\u00e9 altres efectes positius: reconstitueix el pH vaginal, millora el to i la lubricaci\u00f3 de la vagina, disminueix la sequedat i la predisposici\u00f3 a patir un prolapso vaginal i redueix les mol\u00e8sties durant les relacions sexuals.<\/p>\n\n<h2 class=\"wp-block-heading\">I quan es comencen a notar els resultats?<\/h2>\n\n<p>En general, \u00e9s necessari realitzar dues o tres sessions separades entre si per un temps d&#8217;un mes, encara que dep\u00e8n de cada cas. Tamb\u00e9 \u00e9s important ser conscient que els seus efectes no s\u00f3n \u201ceterns\u201d. Poden durar entre 6 i 12 mesos. Cal tenir en compte que el teixit es va deteriorant de forma natural amb el pas dels anys, i que els resultats depenen de molts factors: la causa de la incontin\u00e8ncia, l&#8217;edat de la pacient, el seu historial cl\u00ednic, els seus h\u00e0bits, pes, la seva activitat&#8230; Per aix\u00f2 cal ser molt realista amb les expectatives. Sovint s&#8217;aconsella combinar el l\u00e0ser amb altres t\u00e8cniques per optimitzar els resultats.<\/p>\n\n<p>Si t&#8217;interessa aquest tema, tens o creus que podries tenir un problema d&#8217;aquest tipus, informa&#8217;t. La <strong>ginecologia regenerativa<\/strong> \u00e9s una subespecialitat de la ginecologia relativament nova que de vegades s&#8217;associa nom\u00e9s a aspectes est\u00e8tics, per\u00f2 va molt m\u00e9s enll\u00e0, ja que pot ajudar a tractar problemes de tipus nivell f\u00edsic i funcional que tenen un impacte important en la qualitat de vida. Aix\u00ed que, no tinguis vergonya i d\u00f3na el pas!<\/p>\n","protected":false},"excerpt":{"rendered":"<p>La incontin\u00e8ncia urin\u00e0ria \u00e9s un problema de salut important. Afecta un 20% de les dones d&#8217;entre 35 i 65 anys. Un percentatge que, a partir dels 75, supera el 40%.<\/p>\n","protected":false},"author":1,"featured_media":6283,"comment_status":"closed","ping_status":"closed","sticky":false,"template":"","format":"standard","meta":{"footnotes":""},"categories":[45],"tags":[],"class_list":["post-6911","post","type-post","status-publish","format-standard","has-post-thumbnail","hentry","category-menopausa-zona-intima"],"yoast_head":"<!-- This site is optimized with the Yoast SEO plugin v26.7 - https:\/\/yoast.com\/wordpress\/plugins\/seo\/ -->\n<title>Saps que la incontin\u00e8ncia es pot tractar amb l\u00e0ser? - Dexeus Midlife<\/title>\n<meta name=\"description\" content=\"La incontin\u00e8ncia urin\u00e0ria \u00e9s un problema de salut important. Afecta un 20% de les dones d&#039;entre 35 i 65 anys. Un percentatge que, a partir dels 75, supera el 40%.\" \/>\n<meta name=\"robots\" content=\"index, follow, max-snippet:-1, max-image-preview:large, max-video-preview:-1\" \/>\n<link rel=\"canonical\" href=\"https:\/\/www.dexeus.com\/midlife\/ca\/incontinencia-tractar-laser\/\" \/>\n<meta property=\"og:locale\" content=\"ca_ES\" \/>\n<meta property=\"og:type\" content=\"article\" \/>\n<meta property=\"og:title\" content=\"Saps que la incontin\u00e8ncia es pot tractar amb l\u00e0ser? - Dexeus Midlife\" \/>\n<meta property=\"og:description\" content=\"La incontin\u00e8ncia urin\u00e0ria \u00e9s un problema de salut important. Afecta un 20% de les dones d&#039;entre 35 i 65 anys. Un percentatge que, a partir dels 75, supera el 40%.\" \/>\n<meta property=\"og:url\" content=\"https:\/\/www.dexeus.com\/midlife\/ca\/incontinencia-tractar-laser\/\" \/>\n<meta property=\"og:site_name\" content=\"Dexeus Midlife\" \/>\n<meta property=\"article:publisher\" content=\"https:\/\/www.facebook.com\/dexeusmidlife\/\" \/>\n<meta property=\"article:published_time\" content=\"2025-02-13T15:00:11+00:00\" \/>\n<meta property=\"article:modified_time\" content=\"2025-11-14T11:09:33+00:00\" \/>\n<meta property=\"og:image\" content=\"https:\/\/www.dexeus.com\/midlife\/wp-content\/uploads\/2025\/02\/incontinencia.jpg\" \/>\n\t<meta property=\"og:image:width\" content=\"1000\" \/>\n\t<meta property=\"og:image:height\" content=\"640\" \/>\n\t<meta property=\"og:image:type\" content=\"image\/jpeg\" \/>\n<meta name=\"author\" content=\"Oriol Gili\" \/>\n<meta name=\"twitter:card\" content=\"summary_large_image\" \/>\n<meta name=\"twitter:label1\" content=\"Written by\" \/>\n\t<meta name=\"twitter:data1\" content=\"Oriol Gili\" \/>\n\t<meta name=\"twitter:label2\" content=\"Est. reading time\" \/>\n\t<meta name=\"twitter:data2\" content=\"3 minutes\" \/>\n<script type=\"application\/ld+json\" class=\"yoast-schema-graph\">{\"@context\":\"https:\/\/schema.org\",\"@graph\":[{\"@type\":\"Article\",\"@id\":\"https:\/\/www.dexeus.com\/midlife\/ca\/incontinencia-tractar-laser\/#article\",\"isPartOf\":{\"@id\":\"https:\/\/www.dexeus.com\/midlife\/ca\/incontinencia-tractar-laser\/\"},\"author\":{\"name\":\"Oriol Gili\",\"@id\":\"https:\/\/www.dexeus.com\/midlife\/ca\/#\/schema\/person\/e9ab1bd235c417df75d9690a178a44fe\"},\"headline\":\"Saps que la incontin\u00e8ncia es pot tractar amb l\u00e0ser?\",\"datePublished\":\"2025-02-13T15:00:11+00:00\",\"dateModified\":\"2025-11-14T11:09:33+00:00\",\"mainEntityOfPage\":{\"@id\":\"https:\/\/www.dexeus.com\/midlife\/ca\/incontinencia-tractar-laser\/\"},\"wordCount\":647,\"publisher\":{\"@id\":\"https:\/\/www.dexeus.com\/midlife\/ca\/#organization\"},\"image\":{\"@id\":\"https:\/\/www.dexeus.com\/midlife\/ca\/incontinencia-tractar-laser\/#primaryimage\"},\"thumbnailUrl\":\"https:\/\/www.dexeus.com\/midlife\/wp-content\/uploads\/2025\/02\/incontinencia.jpg\",\"articleSection\":[\"menopausa i zona \u00edntima\"],\"inLanguage\":\"ca\"},{\"@type\":\"WebPage\",\"@id\":\"https:\/\/www.dexeus.com\/midlife\/ca\/incontinencia-tractar-laser\/\",\"url\":\"https:\/\/www.dexeus.com\/midlife\/ca\/incontinencia-tractar-laser\/\",\"name\":\"Saps que la incontin\u00e8ncia es pot tractar amb l\u00e0ser? - Dexeus Midlife\",\"isPartOf\":{\"@id\":\"https:\/\/www.dexeus.com\/midlife\/ca\/#website\"},\"primaryImageOfPage\":{\"@id\":\"https:\/\/www.dexeus.com\/midlife\/ca\/incontinencia-tractar-laser\/#primaryimage\"},\"image\":{\"@id\":\"https:\/\/www.dexeus.com\/midlife\/ca\/incontinencia-tractar-laser\/#primaryimage\"},\"thumbnailUrl\":\"https:\/\/www.dexeus.com\/midlife\/wp-content\/uploads\/2025\/02\/incontinencia.jpg\",\"datePublished\":\"2025-02-13T15:00:11+00:00\",\"dateModified\":\"2025-11-14T11:09:33+00:00\",\"description\":\"La incontin\u00e8ncia urin\u00e0ria \u00e9s un problema de salut important. Afecta un 20% de les dones d'entre 35 i 65 anys. Un percentatge que, a partir dels 75, supera el 40%.\",\"breadcrumb\":{\"@id\":\"https:\/\/www.dexeus.com\/midlife\/ca\/incontinencia-tractar-laser\/#breadcrumb\"},\"inLanguage\":\"ca\",\"potentialAction\":[{\"@type\":\"ReadAction\",\"target\":[\"https:\/\/www.dexeus.com\/midlife\/ca\/incontinencia-tractar-laser\/\"]}]},{\"@type\":\"ImageObject\",\"inLanguage\":\"ca\",\"@id\":\"https:\/\/www.dexeus.com\/midlife\/ca\/incontinencia-tractar-laser\/#primaryimage\",\"url\":\"https:\/\/www.dexeus.com\/midlife\/wp-content\/uploads\/2025\/02\/incontinencia.jpg\",\"contentUrl\":\"https:\/\/www.dexeus.com\/midlife\/wp-content\/uploads\/2025\/02\/incontinencia.jpg\",\"width\":1000,\"height\":640},{\"@type\":\"BreadcrumbList\",\"@id\":\"https:\/\/www.dexeus.com\/midlife\/ca\/incontinencia-tractar-laser\/#breadcrumb\",\"itemListElement\":[{\"@type\":\"ListItem\",\"position\":1,\"name\":\"Home\",\"item\":\"https:\/\/www.dexeus.com\/midlife\/ca\/dexeus-midlife\/\"},{\"@type\":\"ListItem\",\"position\":2,\"name\":\"Saps que la incontin\u00e8ncia es pot tractar amb l\u00e0ser?\"}]},{\"@type\":\"WebSite\",\"@id\":\"https:\/\/www.dexeus.com\/midlife\/ca\/#website\",\"url\":\"https:\/\/www.dexeus.com\/midlife\/ca\/\",\"name\":\"Dexeus Midlife\",\"description\":\"Una nueva forma de vivir la menopausia\",\"publisher\":{\"@id\":\"https:\/\/www.dexeus.com\/midlife\/ca\/#organization\"},\"potentialAction\":[{\"@type\":\"SearchAction\",\"target\":{\"@type\":\"EntryPoint\",\"urlTemplate\":\"https:\/\/www.dexeus.com\/midlife\/ca\/?s={search_term_string}\"},\"query-input\":{\"@type\":\"PropertyValueSpecification\",\"valueRequired\":true,\"valueName\":\"search_term_string\"}}],\"inLanguage\":\"ca\"},{\"@type\":\"Organization\",\"@id\":\"https:\/\/www.dexeus.com\/midlife\/ca\/#organization\",\"name\":\"Dexeus Midlife\",\"url\":\"https:\/\/www.dexeus.com\/midlife\/ca\/\",\"logo\":{\"@type\":\"ImageObject\",\"inLanguage\":\"ca\",\"@id\":\"https:\/\/www.dexeus.com\/midlife\/ca\/#\/schema\/logo\/image\/\",\"url\":\"https:\/\/www.dexeus.com\/midlife\/wp-content\/uploads\/2025\/02\/cropped-Dexeus-Midlife-Fabicon.png\",\"contentUrl\":\"https:\/\/www.dexeus.com\/midlife\/wp-content\/uploads\/2025\/02\/cropped-Dexeus-Midlife-Fabicon.png\",\"width\":512,\"height\":512,\"caption\":\"Dexeus Midlife\"},\"image\":{\"@id\":\"https:\/\/www.dexeus.com\/midlife\/ca\/#\/schema\/logo\/image\/\"},\"sameAs\":[\"https:\/\/www.facebook.com\/dexeusmidlife\/\",\"https:\/\/www.instagram.com\/dexeusmidlife\/\"]},{\"@type\":\"Person\",\"@id\":\"https:\/\/www.dexeus.com\/midlife\/ca\/#\/schema\/person\/e9ab1bd235c417df75d9690a178a44fe\",\"name\":\"Oriol Gili\",\"image\":{\"@type\":\"ImageObject\",\"inLanguage\":\"ca\",\"@id\":\"https:\/\/www.dexeus.com\/midlife\/ca\/#\/schema\/person\/image\/\",\"url\":\"https:\/\/www.dexeus.com\/midlife\/wp-content\/uploads\/2025\/11\/oriol-gil.jpg\",\"contentUrl\":\"https:\/\/www.dexeus.com\/midlife\/wp-content\/uploads\/2025\/11\/oriol-gil.jpg\",\"caption\":\"Oriol Gili\"},\"description\":\"Farmac\u00e8utic especialitzat en dermofarmacia i salut de la dona amb m\u00e9s de 5 anys d'experi\u00e8ncia en consell farmac\u00e8utic aplicat a cura de la pell.\"}]}<\/script>\n<!-- \/ Yoast SEO plugin. -->","yoast_head_json":{"title":"Saps que la incontin\u00e8ncia es pot tractar amb l\u00e0ser? - Dexeus Midlife","description":"La incontin\u00e8ncia urin\u00e0ria \u00e9s un problema de salut important. Afecta un 20% de les dones d'entre 35 i 65 anys. Un percentatge que, a partir dels 75, supera el 40%.","robots":{"index":"index","follow":"follow","max-snippet":"max-snippet:-1","max-image-preview":"max-image-preview:large","max-video-preview":"max-video-preview:-1"},"canonical":"https:\/\/www.dexeus.com\/midlife\/ca\/incontinencia-tractar-laser\/","og_locale":"ca_ES","og_type":"article","og_title":"Saps que la incontin\u00e8ncia es pot tractar amb l\u00e0ser? - Dexeus Midlife","og_description":"La incontin\u00e8ncia urin\u00e0ria \u00e9s un problema de salut important. Afecta un 20% de les dones d'entre 35 i 65 anys. Un percentatge que, a partir dels 75, supera el 40%.","og_url":"https:\/\/www.dexeus.com\/midlife\/ca\/incontinencia-tractar-laser\/","og_site_name":"Dexeus Midlife","article_publisher":"https:\/\/www.facebook.com\/dexeusmidlife\/","article_published_time":"2025-02-13T15:00:11+00:00","article_modified_time":"2025-11-14T11:09:33+00:00","og_image":[{"width":1000,"height":640,"url":"https:\/\/www.dexeus.com\/midlife\/wp-content\/uploads\/2025\/02\/incontinencia.jpg","type":"image\/jpeg"}],"author":"Oriol Gili","twitter_card":"summary_large_image","twitter_misc":{"Written by":"Oriol Gili","Est. reading time":"3 minutes"},"schema":{"@context":"https:\/\/schema.org","@graph":[{"@type":"Article","@id":"https:\/\/www.dexeus.com\/midlife\/ca\/incontinencia-tractar-laser\/#article","isPartOf":{"@id":"https:\/\/www.dexeus.com\/midlife\/ca\/incontinencia-tractar-laser\/"},"author":{"name":"Oriol Gili","@id":"https:\/\/www.dexeus.com\/midlife\/ca\/#\/schema\/person\/e9ab1bd235c417df75d9690a178a44fe"},"headline":"Saps que la incontin\u00e8ncia es pot tractar amb l\u00e0ser?","datePublished":"2025-02-13T15:00:11+00:00","dateModified":"2025-11-14T11:09:33+00:00","mainEntityOfPage":{"@id":"https:\/\/www.dexeus.com\/midlife\/ca\/incontinencia-tractar-laser\/"},"wordCount":647,"publisher":{"@id":"https:\/\/www.dexeus.com\/midlife\/ca\/#organization"},"image":{"@id":"https:\/\/www.dexeus.com\/midlife\/ca\/incontinencia-tractar-laser\/#primaryimage"},"thumbnailUrl":"https:\/\/www.dexeus.com\/midlife\/wp-content\/uploads\/2025\/02\/incontinencia.jpg","articleSection":["menopausa i zona \u00edntima"],"inLanguage":"ca"},{"@type":"WebPage","@id":"https:\/\/www.dexeus.com\/midlife\/ca\/incontinencia-tractar-laser\/","url":"https:\/\/www.dexeus.com\/midlife\/ca\/incontinencia-tractar-laser\/","name":"Saps que la incontin\u00e8ncia es pot tractar amb l\u00e0ser? - Dexeus Midlife","isPartOf":{"@id":"https:\/\/www.dexeus.com\/midlife\/ca\/#website"},"primaryImageOfPage":{"@id":"https:\/\/www.dexeus.com\/midlife\/ca\/incontinencia-tractar-laser\/#primaryimage"},"image":{"@id":"https:\/\/www.dexeus.com\/midlife\/ca\/incontinencia-tractar-laser\/#primaryimage"},"thumbnailUrl":"https:\/\/www.dexeus.com\/midlife\/wp-content\/uploads\/2025\/02\/incontinencia.jpg","datePublished":"2025-02-13T15:00:11+00:00","dateModified":"2025-11-14T11:09:33+00:00","description":"La incontin\u00e8ncia urin\u00e0ria \u00e9s un problema de salut important. Afecta un 20% de les dones d'entre 35 i 65 anys. Un percentatge que, a partir dels 75, supera el 40%.","breadcrumb":{"@id":"https:\/\/www.dexeus.com\/midlife\/ca\/incontinencia-tractar-laser\/#breadcrumb"},"inLanguage":"ca","potentialAction":[{"@type":"ReadAction","target":["https:\/\/www.dexeus.com\/midlife\/ca\/incontinencia-tractar-laser\/"]}]},{"@type":"ImageObject","inLanguage":"ca","@id":"https:\/\/www.dexeus.com\/midlife\/ca\/incontinencia-tractar-laser\/#primaryimage","url":"https:\/\/www.dexeus.com\/midlife\/wp-content\/uploads\/2025\/02\/incontinencia.jpg","contentUrl":"https:\/\/www.dexeus.com\/midlife\/wp-content\/uploads\/2025\/02\/incontinencia.jpg","width":1000,"height":640},{"@type":"BreadcrumbList","@id":"https:\/\/www.dexeus.com\/midlife\/ca\/incontinencia-tractar-laser\/#breadcrumb","itemListElement":[{"@type":"ListItem","position":1,"name":"Home","item":"https:\/\/www.dexeus.com\/midlife\/ca\/dexeus-midlife\/"},{"@type":"ListItem","position":2,"name":"Saps que la incontin\u00e8ncia es pot tractar amb l\u00e0ser?"}]},{"@type":"WebSite","@id":"https:\/\/www.dexeus.com\/midlife\/ca\/#website","url":"https:\/\/www.dexeus.com\/midlife\/ca\/","name":"Dexeus Midlife","description":"Una nueva forma de vivir la menopausia","publisher":{"@id":"https:\/\/www.dexeus.com\/midlife\/ca\/#organization"},"potentialAction":[{"@type":"SearchAction","target":{"@type":"EntryPoint","urlTemplate":"https:\/\/www.dexeus.com\/midlife\/ca\/?s={search_term_string}"},"query-input":{"@type":"PropertyValueSpecification","valueRequired":true,"valueName":"search_term_string"}}],"inLanguage":"ca"},{"@type":"Organization","@id":"https:\/\/www.dexeus.com\/midlife\/ca\/#organization","name":"Dexeus Midlife","url":"https:\/\/www.dexeus.com\/midlife\/ca\/","logo":{"@type":"ImageObject","inLanguage":"ca","@id":"https:\/\/www.dexeus.com\/midlife\/ca\/#\/schema\/logo\/image\/","url":"https:\/\/www.dexeus.com\/midlife\/wp-content\/uploads\/2025\/02\/cropped-Dexeus-Midlife-Fabicon.png","contentUrl":"https:\/\/www.dexeus.com\/midlife\/wp-content\/uploads\/2025\/02\/cropped-Dexeus-Midlife-Fabicon.png","width":512,"height":512,"caption":"Dexeus Midlife"},"image":{"@id":"https:\/\/www.dexeus.com\/midlife\/ca\/#\/schema\/logo\/image\/"},"sameAs":["https:\/\/www.facebook.com\/dexeusmidlife\/","https:\/\/www.instagram.com\/dexeusmidlife\/"]},{"@type":"Person","@id":"https:\/\/www.dexeus.com\/midlife\/ca\/#\/schema\/person\/e9ab1bd235c417df75d9690a178a44fe","name":"Oriol Gili","image":{"@type":"ImageObject","inLanguage":"ca","@id":"https:\/\/www.dexeus.com\/midlife\/ca\/#\/schema\/person\/image\/","url":"https:\/\/www.dexeus.com\/midlife\/wp-content\/uploads\/2025\/11\/oriol-gil.jpg","contentUrl":"https:\/\/www.dexeus.com\/midlife\/wp-content\/uploads\/2025\/11\/oriol-gil.jpg","caption":"Oriol Gili"},"description":"Farmac\u00e8utic especialitzat en dermofarmacia i salut de la dona amb m\u00e9s de 5 anys d'experi\u00e8ncia en consell farmac\u00e8utic aplicat a cura de la pell."}]}},"_links":{"self":[{"href":"https:\/\/www.dexeus.com\/midlife\/ca\/wp-json\/wp\/v2\/posts\/6911","targetHints":{"allow":["GET"]}}],"collection":[{"href":"https:\/\/www.dexeus.com\/midlife\/ca\/wp-json\/wp\/v2\/posts"}],"about":[{"href":"https:\/\/www.dexeus.com\/midlife\/ca\/wp-json\/wp\/v2\/types\/post"}],"author":[{"embeddable":true,"href":"https:\/\/www.dexeus.com\/midlife\/ca\/wp-json\/wp\/v2\/users\/1"}],"replies":[{"embeddable":true,"href":"https:\/\/www.dexeus.com\/midlife\/ca\/wp-json\/wp\/v2\/comments?post=6911"}],"version-history":[{"count":0,"href":"https:\/\/www.dexeus.com\/midlife\/ca\/wp-json\/wp\/v2\/posts\/6911\/revisions"}],"wp:featuredmedia":[{"embeddable":true,"href":"https:\/\/www.dexeus.com\/midlife\/ca\/wp-json\/wp\/v2\/media\/6283"}],"wp:attachment":[{"href":"https:\/\/www.dexeus.com\/midlife\/ca\/wp-json\/wp\/v2\/media?parent=6911"}],"wp:term":[{"taxonomy":"category","embeddable":true,"href":"https:\/\/www.dexeus.com\/midlife\/ca\/wp-json\/wp\/v2\/categories?post=6911"},{"taxonomy":"post_tag","embeddable":true,"href":"https:\/\/www.dexeus.com\/midlife\/ca\/wp-json\/wp\/v2\/tags?post=6911"}],"curies":[{"name":"wp","href":"https:\/\/api.w.org\/{rel}","templated":true}]}}