{"id":7689,"date":"2025-03-07T10:21:56","date_gmt":"2025-03-07T09:21:56","guid":{"rendered":"https:\/\/www.dexeus.com\/midlife\/2025\/03\/07\/simptomes-estranys-de-la-menopausa-que-mesta-passant\/"},"modified":"2025-11-14T12:09:41","modified_gmt":"2025-11-14T11:09:41","slug":"simptomes-estranys-menopausa","status":"publish","type":"post","link":"https:\/\/www.dexeus.com\/midlife\/ca\/simptomes-estranys-menopausa\/","title":{"rendered":"S\u00edmptomes estranys de la menopausa: qu\u00e8 m&#8217;est\u00e0 passant?"},"content":{"rendered":"\n<p>Un dels s\u00edmptomes m\u00e9s freq\u00fcents derivat de la disminuci\u00f3 en la producci\u00f3 d&#8217;estr\u00f2gens s\u00f3n les \u201csufocacions\u201d, uns s\u00edmptomes vasomotors<sup>1<\/sup> que poden arribar a ser disruptius i empitjorar la qualitat de vida. Tanmateix, hi ha molts altres <strong>s\u00edmptomes poc comuns de la menopausa<\/strong> que tamb\u00e9 tenen efectes importants en la vida de les dones i que no han de desestimar-se. <\/p>\n\n<h2 class=\"wp-block-heading\"><strong>S\u00edmptomes estranys de la menopausa <\/strong><\/h2>\n\n<h3 class=\"wp-block-heading\"><strong>Dolor <\/strong><\/h3>\n\n<p>Desafortunadament, l&#8217;arribada de la perimenopausa pot provocar una <strong>recrudesc\u00e8ncia dels dolors menstruals i de la tensi\u00f3 mam\u00e0ria<\/strong>, que poden apar\u00e8ixer fins i tot els mesos sense sagnat. Un altre dolor que pot arribar a ser molt incapacitant s\u00f3n les <strong>migranyes<\/strong><sup>2<\/sup>. Per a les dones migranyoses, la perimenopausa pot iniciar un cicle de migranyes m\u00e9s freq\u00fcents a causa de les fluctuacions hormonals. A m\u00e9s, els maldecaps tensionals tamb\u00e9 poden esdevenir m\u00e9s recurrents. La bona not\u00edcia \u00e9s que <strong>aquests dolors solen millorar despr\u00e9s d&#8217;entrar en la menopausa<\/strong>. <\/p>\n\n<h3 class=\"wp-block-heading\"><strong>Necessitat freq\u00fcent d&#8217;orinar i incontin\u00e8ncia urin\u00e0ria <\/strong><\/h3>\n\n<p>Els estr\u00f2gens contribueixen a enfortir el s\u00f2l pelvi\u00e0, de manera que un nivell baix d&#8217;estr\u00f2gens pot provocar que els <strong>m\u00fasculs pelvians i la bufeta mateixa es debilitin i perdin elasticitat progressivament<\/strong>, causant problemes com ara la <strong>necessitat freq\u00fcent d&#8217;orinar, nict\u00faria<\/strong><sup>3<\/sup> i, fins i tot, en els casos m\u00e9s greus, <strong><a href=\"https:\/\/www.dexeus.com\/midlife\/ca\/problema\/perdues-dorina\/\">incontin\u00e8ncia urin\u00e0ria<\/a><\/strong>. <\/p>\n\n<h3 class=\"wp-block-heading\"><strong>Marejos, p\u00e8rdua de capacitat de concentraci\u00f3 i mem\u00f2ria <\/strong><\/h3>\n\n<p>Un altre sistema afectat per la baixada del nivell d&#8217;estr\u00f2gens \u00e9s el sistema nervi\u00f3s aut\u00f2nom<sup>4<\/sup>, que regula la pressi\u00f3 arterial, la respiraci\u00f3, el cor i els vasos sanguinis. Qualsevol desequilibri pot desencadenar marejos, vert\u00edgens i fins i tot taquic\u00e0rdia i sensacions d&#8217;ansietat sobtades. <\/p>\n\n<p>La funci\u00f3 cognitiva \u00e9s una altra de les \u00e0rees que pot veure-s&#8217;hi afectada. Oblidar aspectes de la rutina di\u00e0ria, el cansament i la falta de concentraci\u00f3 poden provocar un <strong><a href=\"https:\/\/www.dexeus.com\/midlife\/ca\/sintoma\/perdua-de-memoria\/\">estat de confusi\u00f3<\/a> o \u201cboira mental\u201d<\/strong>. Aquests s\u00edmptomes tamb\u00e9 s\u00f3n <strong>causats per la caiguda hormonal<\/strong><sup>5<\/sup>. El primer any de la menopausa sol ser el m\u00e9s dif\u00edcil en aquest sentit, i els s\u00edmptomes remeten posteriorment. Una vegada descartades altres patologies, el millor \u00e9s evitar l&#8217;estr\u00e8s, ja que nom\u00e9s empitjora els s\u00edmptomes. <\/p>\n\n<h3 class=\"wp-block-heading\"><strong>Tinnitus o ac\u00fafens <\/strong><\/h3>\n\n<p>Els ac\u00fafens<sup>6<\/sup> s\u00f3n uns <strong>sons interns que poden apar\u00e8ixer en una o les dues orelles<\/strong> i que a vegades estan associats a la menopausa. Aquest molest s\u00edmptoma es produeix per la relaci\u00f3 dels estr\u00f2gens amb la regulaci\u00f3 dels senyals que viatgen de l&#8217;orella al cervell, ja que les c\u00e8l\u00b7lules de l&#8217;orella tenen receptors per a aquesta hormona. A m\u00e9s, \u00e9s una zona molt sensible als canvis en el flux sanguini, regulat pel sistema nervi\u00f3s aut\u00f2nom. <\/p>\n\n<h3 class=\"wp-block-heading\"><strong>Parest\u00e8sies <\/strong><\/h3>\n\n<p>Tots hem experimentat parest\u00e8sies temporals, tamb\u00e9 conegudes com a <strong>formigueigs<\/strong>, amb certa freq\u00fc\u00e8ncia durant la nostra vida. \u00c9s la desagradable sensaci\u00f3 que es produeix quan se&#8217;ns adorm una part del cos, normalment un bra\u00e7 o una cama. Durant la menopausa, <strong>el funcionament dels nervis i, concretament, de la circulaci\u00f3 vascular perif\u00e8rica<sup>7<\/sup>, es veuen afectats per la caiguda dels estr\u00f2gens<\/strong>. Aix\u00f2 pot provocar que aquestes sensacions de formigueig i entumiment apareguin sovint sense motiu aparent. <\/p>\n\n<h3 class=\"wp-block-heading\"><strong>Olors estranyes <\/strong><\/h3>\n\n<p>La nostra <strong>olor corporal<\/strong> pot <strong>modificar-se o tornar-se m\u00e9s intensa<\/strong>, ja que la caiguda d&#8217;estr\u00f2gens altera la composici\u00f3 de la suor. Aix\u00f2 es fa notar especialment a les aixelles i la zona vulvar, obligant-nos a intensificar-hi la higiene. <\/p>\n\n<h2 class=\"wp-block-heading\"><strong>Consells per reduir o tractar els s\u00edmptomes estranys de la menopausa <\/strong><\/h2>\n\n<h3 class=\"wp-block-heading\"><strong>Canvis en l&#8217;estil de vida <\/strong><\/h3>\n\n<p>Dieta i exercici. Quantes vegades hem sentit esmentar aquesta combinaci\u00f3? No per m\u00e9s repetida \u00e9s menys certa, per\u00f2. No existeix cap tractament miracul\u00f3s si no fem canvis en l&#8217;estil de vida quan arribem a la menopausa o, millor encara, abans d&#8217;arribar-hi. <\/p>\n\n<p>Deixar de costat els productes ultraprocessats, i amb exc\u00e9s de sucres, de greixos trans o de sal, per <strong>incloure en la nostra dieta fruites, llegums, cereals integrals i verdures sense additius afegits<\/strong> sempre \u00e9s un encert. <\/p>\n\n<p>Una <strong>bona dieta, combinada amb exercicis de for\u00e7a, cardiovasculars i de s\u00f2l pelvi\u00e0<\/strong>, no tan sols ens ajuda a <strong>evitar augmentar de pes<\/strong> durant la menopausa, sin\u00f3 que tamb\u00e9 <strong>evita la perillosa p\u00e8rdua de massa muscular i \u00f2ssia<\/strong> associada a aquesta etapa de la dona. A m\u00e9s, existeixen m\u00faltiples complements alimentaris que podem incorporar en funci\u00f3 de les necessitats nutricionals. <\/p>\n\n<p>Abandonar h\u00e0bits poc saludables com el tabac o el consum excessiu d&#8217;alcohol i mantenir una bona qualitat del son, que ajudi a prevenir o a combatre l&#8217;insomni, s\u00f3n tamb\u00e9 mesures importants que podem adoptar. La combinaci\u00f3 d&#8217;aquests petits canvis permet viure la menopausa amb m\u00e9s energia i amb un millor estat d&#8217;\u00e0nim. <\/p>\n\n<h3 class=\"wp-block-heading\"><strong>Ter\u00e0pia hormonal substitutiva <\/strong><\/h3>\n\n<p>Es tracta d&#8217;una <strong><a href=\"https:\/\/www.dexeus.com\/midlife\/ca\/sintoma\/perdua-de-memoria\/\">ter\u00e0pia farmacol\u00f2gica<\/a><\/strong> que cerca <strong>substituir la disminuci\u00f3 del nivell d&#8217;hormones amb l&#8217;administraci\u00f3 d&#8217;estr\u00f2gens, progesterona i, a vegades, testosterona<\/strong>. Aquest tipus de ter\u00e0pia hormonal ha de ser indicada i supervisada sempre per una ginec\u00f2loga, metgessa o metge especialitzat en menopausa, per descartar contraindicacions i determinar les necessitats espec\u00edfiques de cada pacient. <\/p>\n\n<h2 class=\"wp-block-heading\"><strong>Consulta amb un professional <\/strong><\/h2>\n\n<p>Aquest conjunt de s\u00edmptomes, malgrat no ser el m\u00e9s freq\u00fcent, pot tenir un fort impacte en la qualitat de vida. Si s\u00f3n persistents, la millor opci\u00f3 \u00e9s acudir a la <strong><a href=\"https:\/\/www.dexeus.com\/midlife\/ca\/demana-hora\/\">consulta d&#8217;una professional<\/a><\/strong> especialitzada en menopausa i salut femenina. Aquestes professionals disposen de totes les eines per proporcionar les solucions necess\u00e0ries en aquesta fase de transici\u00f3 en la vida de les dones: dietes, complements alimentaris, exercicis i, fins i tot, medicacions que ajuden a mantenir la salut f\u00edsica, mental i emocional. <\/p>\n\n<hr class=\"wp-block-separator has-alpha-channel-opacity\"\/>\n\n<p style=\"font-size:12px\"><strong>Refer\u00e8ncies<\/strong><\/p>\n\n<p style=\"font-size:10px\"><sup>1<\/sup> <a href=\"https:\/\/www.semanticscholar.org\/reader\/246b91f0acac120cd0be08466d517cf976e385fe\" target=\"_blank\" rel=\"noreferrer noopener nofollow\">https:\/\/www.semanticscholar.org\/reader\/246b91f0acac120cd0be08466d517cf976e385fe<\/a><\/p>\n\n<p style=\"font-size:10px\"><sup>2<\/sup> <a href=\"https:\/\/pmc.ncbi.nlm.nih.gov\/articles\/PMC6527322\/\" target=\"_blank\" rel=\"noreferrer noopener nofollow\">https:\/\/pmc.ncbi.nlm.nih.gov\/articles\/PMC6527322\/<\/a><\/p>\n\n<p style=\"font-size:10px\"><sup>3<\/sup> <a href=\"https:\/\/pmc.ncbi.nlm.nih.gov\/articles\/PMC6527322\/\" target=\"_blank\" rel=\"noreferrer noopener nofollow\">https:\/\/pmc.ncbi.nlm.nih.gov\/articles\/PMC6527322\/<\/a><\/p>\n\n<p style=\"font-size:10px\"><sup>4<\/sup><a href=\"https:\/\/www.researchgate.net\/publication\/376356090_Autonomic_nervous_system_dysfunction_throughout_menopausal_transition_A_potential_mechanism_underpinning_cardiovascular_and_cognitive_alterations_during_female_ageing\" target=\"_blank\" rel=\"noreferrer noopener nofollow\"> https:\/\/www.researchgate.net\/publication\/376356090_Autonomic_nervous_system_dysfunction_throughout_menopausal_transition_A_potential_mechanism_underpinning_cardiovascular_and_cognitive_alterations_during_female_ageing<\/a><\/p>\n\n<p style=\"font-size:10px\"><sup>5<\/sup> <a href=\"https:\/\/www.researchgate.net\/publication\/374207925_Brain_volumetric_changes_in_menopausal_women_and_its_association_with_cognitive_function_a_structured_review\" target=\"_blank\" rel=\"noreferrer noopener nofollow\">https:\/\/www.researchgate.net\/publication\/374207925_Brain_volumetric_changes_in_menopausal_women_and_its_association_with_cognitive_function_a_structured_review<\/a><\/p>\n\n<p style=\"font-size:10px\"><sup>6<\/sup> <a href=\"https:\/\/www.nature.com\/articles\/s41598-025-87408-7\" target=\"_blank\" rel=\"noreferrer noopener nofollow\">https:\/\/www.nature.com\/articles\/s41598-025-87408-7<\/a><\/p>\n\n<p style=\"font-size:10px\"><sup>7<\/sup> <a href=\"https:\/\/pmc.ncbi.nlm.nih.gov\/articles\/PMC10103882\/\" target=\"_blank\" rel=\"noreferrer noopener nofollow\">https:\/\/pmc.ncbi.nlm.nih.gov\/articles\/PMC10103882\/<\/a> <\/p>\n\n<script type=\"text\/javascript\">var post = document.getElementById('post-7610');\nif (post) {\n  var el = document.createElement('script');\n  el.type = 'application\/ld+json';\n  el.text = JSON.stringify(\n    {\n      \"@context\": \"https:\/\/schema.org\",\n      \"@type\": \"FAQPage\",\n      \"mainEntity\": [\n        {\n          \"@type\": \"Question\",\n          \"name\": \"\u00bfCu\u00e1les son los s\u00edntomas raros de la menopausia?\",\n          \"acceptedAnswer\": {\n            \"@type\": \"Answer\",\n            \"text\": \"Hay muchos s\u00edntomas poco comunes de la menopausia que tambi\u00e9n tienen efectos importantes en la vida de las mujeres y que no deben desestimarse: aumento de los dolores menstruales y de la tensi\u00f3n mamaria; jaquecas y migra\u00f1as; necesidad frecuente de orinar, nocturia e incluso, en los casos m\u00e1s graves, incontinencia urinaria; p\u00e9rdida de capacidad de concentraci\u00f3n y memoria, provocando incluso un estado de confusi\u00f3n o \u201cniebla mental\u201d; tinnitus o ac\u00fafenos, que son unos sonidos internos que pueden aparecer en uno o los dos o\u00eddos; parestesias temporales, tambi\u00e9n conocidas como \u201chormigueo\u201d y cambios en el olor corporal, que puede volverse m\u00e1s intenso.\"\n          }\n        }\n         \n      ]\n    });\n  document.querySelector('body').appendChild(el);\n}\n<\/script>\n","protected":false},"excerpt":{"rendered":"<p>La menopausa \u00e9s un proc\u00e9s biol\u00f2gic natural que comen\u00e7a normalment a partir dels 40 anys. Sol iniciar-se amb canvis en el cicle menstrual durant la perimenopausa, i finalitza quan els ovaris deixen de produir \u00f2vuls i la dona entra definitivament en la menopausa, despr\u00e9s de 12 mesos sense menstruaci\u00f3. Aquest proc\u00e9s provoca un gran canvi en la regulaci\u00f3 hormonal de les dones, que pot desencadenar qualsevol mena de simptomatologia. <\/p>\n","protected":false},"author":3,"featured_media":7614,"comment_status":"closed","ping_status":"closed","sticky":false,"template":"","format":"standard","meta":{"footnotes":""},"categories":[42],"tags":[],"class_list":["post-7689","post","type-post","status-publish","format-standard","has-post-thumbnail","hentry","category-menopausa-cos"],"yoast_head":"<!-- This site is optimized with the Yoast SEO plugin v26.7 - https:\/\/yoast.com\/wordpress\/plugins\/seo\/ -->\n<title>S\u00edmptomes estranys de la menopausa: qu\u00e8 m&#039;est\u00e0 passant? - Dexeus Midlife<\/title>\n<meta name=\"description\" content=\"La menopausa \u00e9s un proc\u00e9s biol\u00f2gic natural que comen\u00e7a normalment a partir dels 40 anys. Sol iniciar-se amb canvis en el cicle menstrual durant la perimenopausa, i finalitza quan els ovaris deixen de produir \u00f2vuls i la dona entra definitivament en la menopausa, despr\u00e9s de 12 mesos sense menstruaci\u00f3. Aquest proc\u00e9s provoca un gran canvi en la regulaci\u00f3 hormonal de les dones, que pot desencadenar qualsevol mena de simptomatologia.\" \/>\n<meta name=\"robots\" content=\"index, follow, max-snippet:-1, max-image-preview:large, max-video-preview:-1\" \/>\n<link rel=\"canonical\" href=\"https:\/\/www.dexeus.com\/midlife\/ca\/simptomes-estranys-menopausa\/\" \/>\n<meta property=\"og:locale\" content=\"ca_ES\" \/>\n<meta property=\"og:type\" content=\"article\" \/>\n<meta property=\"og:title\" content=\"S\u00edmptomes estranys de la menopausa: qu\u00e8 m&#039;est\u00e0 passant? - Dexeus Midlife\" \/>\n<meta property=\"og:description\" content=\"La menopausa \u00e9s un proc\u00e9s biol\u00f2gic natural que comen\u00e7a normalment a partir dels 40 anys. Sol iniciar-se amb canvis en el cicle menstrual durant la perimenopausa, i finalitza quan els ovaris deixen de produir \u00f2vuls i la dona entra definitivament en la menopausa, despr\u00e9s de 12 mesos sense menstruaci\u00f3. Aquest proc\u00e9s provoca un gran canvi en la regulaci\u00f3 hormonal de les dones, que pot desencadenar qualsevol mena de simptomatologia.\" \/>\n<meta property=\"og:url\" content=\"https:\/\/www.dexeus.com\/midlife\/ca\/simptomes-estranys-menopausa\/\" \/>\n<meta property=\"og:site_name\" content=\"Dexeus Midlife\" \/>\n<meta property=\"article:publisher\" content=\"https:\/\/www.facebook.com\/dexeusmidlife\/\" \/>\n<meta property=\"article:published_time\" content=\"2025-03-07T09:21:56+00:00\" \/>\n<meta property=\"article:modified_time\" content=\"2025-11-14T11:09:41+00:00\" \/>\n<meta property=\"og:image\" content=\"https:\/\/www.dexeus.com\/midlife\/wp-content\/uploads\/2025\/03\/sintomas-raros-menopausia.jpg\" \/>\n\t<meta property=\"og:image:width\" content=\"1000\" \/>\n\t<meta property=\"og:image:height\" content=\"641\" \/>\n\t<meta property=\"og:image:type\" content=\"image\/jpeg\" \/>\n<meta name=\"author\" content=\"Oriol Gili\" \/>\n<meta name=\"twitter:card\" content=\"summary_large_image\" \/>\n<meta name=\"twitter:label1\" content=\"Written by\" \/>\n\t<meta name=\"twitter:data1\" content=\"Oriol Gili\" \/>\n\t<meta name=\"twitter:label2\" content=\"Est. reading time\" \/>\n\t<meta name=\"twitter:data2\" content=\"5 minutes\" \/>\n<script type=\"application\/ld+json\" class=\"yoast-schema-graph\">{\"@context\":\"https:\/\/schema.org\",\"@graph\":[{\"@type\":\"Article\",\"@id\":\"https:\/\/www.dexeus.com\/midlife\/ca\/simptomes-estranys-menopausa\/#article\",\"isPartOf\":{\"@id\":\"https:\/\/www.dexeus.com\/midlife\/ca\/simptomes-estranys-menopausa\/\"},\"author\":{\"name\":\"Oriol Gili\",\"@id\":\"https:\/\/www.dexeus.com\/midlife\/ca\/#\/schema\/person\/f13cf830cd7ff18786ac85c95cb12bd6\"},\"headline\":\"S\u00edmptomes estranys de la menopausa: qu\u00e8 m&#8217;est\u00e0 passant?\",\"datePublished\":\"2025-03-07T09:21:56+00:00\",\"dateModified\":\"2025-11-14T11:09:41+00:00\",\"mainEntityOfPage\":{\"@id\":\"https:\/\/www.dexeus.com\/midlife\/ca\/simptomes-estranys-menopausa\/\"},\"wordCount\":1067,\"publisher\":{\"@id\":\"https:\/\/www.dexeus.com\/midlife\/ca\/#organization\"},\"image\":{\"@id\":\"https:\/\/www.dexeus.com\/midlife\/ca\/simptomes-estranys-menopausa\/#primaryimage\"},\"thumbnailUrl\":\"https:\/\/www.dexeus.com\/midlife\/wp-content\/uploads\/2025\/03\/sintomas-raros-menopausia.jpg\",\"articleSection\":[\"menopausa i cos\"],\"inLanguage\":\"ca\"},{\"@type\":\"WebPage\",\"@id\":\"https:\/\/www.dexeus.com\/midlife\/ca\/simptomes-estranys-menopausa\/\",\"url\":\"https:\/\/www.dexeus.com\/midlife\/ca\/simptomes-estranys-menopausa\/\",\"name\":\"S\u00edmptomes estranys de la menopausa: qu\u00e8 m'est\u00e0 passant? - Dexeus Midlife\",\"isPartOf\":{\"@id\":\"https:\/\/www.dexeus.com\/midlife\/ca\/#website\"},\"primaryImageOfPage\":{\"@id\":\"https:\/\/www.dexeus.com\/midlife\/ca\/simptomes-estranys-menopausa\/#primaryimage\"},\"image\":{\"@id\":\"https:\/\/www.dexeus.com\/midlife\/ca\/simptomes-estranys-menopausa\/#primaryimage\"},\"thumbnailUrl\":\"https:\/\/www.dexeus.com\/midlife\/wp-content\/uploads\/2025\/03\/sintomas-raros-menopausia.jpg\",\"datePublished\":\"2025-03-07T09:21:56+00:00\",\"dateModified\":\"2025-11-14T11:09:41+00:00\",\"description\":\"La menopausa \u00e9s un proc\u00e9s biol\u00f2gic natural que comen\u00e7a normalment a partir dels 40 anys. Sol iniciar-se amb canvis en el cicle menstrual durant la perimenopausa, i finalitza quan els ovaris deixen de produir \u00f2vuls i la dona entra definitivament en la menopausa, despr\u00e9s de 12 mesos sense menstruaci\u00f3. Aquest proc\u00e9s provoca un gran canvi en la regulaci\u00f3 hormonal de les dones, que pot desencadenar qualsevol mena de simptomatologia.\",\"breadcrumb\":{\"@id\":\"https:\/\/www.dexeus.com\/midlife\/ca\/simptomes-estranys-menopausa\/#breadcrumb\"},\"inLanguage\":\"ca\",\"potentialAction\":[{\"@type\":\"ReadAction\",\"target\":[\"https:\/\/www.dexeus.com\/midlife\/ca\/simptomes-estranys-menopausa\/\"]}]},{\"@type\":\"ImageObject\",\"inLanguage\":\"ca\",\"@id\":\"https:\/\/www.dexeus.com\/midlife\/ca\/simptomes-estranys-menopausa\/#primaryimage\",\"url\":\"https:\/\/www.dexeus.com\/midlife\/wp-content\/uploads\/2025\/03\/sintomas-raros-menopausia.jpg\",\"contentUrl\":\"https:\/\/www.dexeus.com\/midlife\/wp-content\/uploads\/2025\/03\/sintomas-raros-menopausia.jpg\",\"width\":1000,\"height\":641,\"caption\":\"s\u00edntomas raros menopausia\"},{\"@type\":\"BreadcrumbList\",\"@id\":\"https:\/\/www.dexeus.com\/midlife\/ca\/simptomes-estranys-menopausa\/#breadcrumb\",\"itemListElement\":[{\"@type\":\"ListItem\",\"position\":1,\"name\":\"Home\",\"item\":\"https:\/\/www.dexeus.com\/midlife\/ca\/dexeus-midlife\/\"},{\"@type\":\"ListItem\",\"position\":2,\"name\":\"S\u00edmptomes estranys de la menopausa: qu\u00e8 m&#8217;est\u00e0 passant?\"}]},{\"@type\":\"WebSite\",\"@id\":\"https:\/\/www.dexeus.com\/midlife\/ca\/#website\",\"url\":\"https:\/\/www.dexeus.com\/midlife\/ca\/\",\"name\":\"Dexeus Midlife\",\"description\":\"Una nueva forma de vivir la menopausia\",\"publisher\":{\"@id\":\"https:\/\/www.dexeus.com\/midlife\/ca\/#organization\"},\"potentialAction\":[{\"@type\":\"SearchAction\",\"target\":{\"@type\":\"EntryPoint\",\"urlTemplate\":\"https:\/\/www.dexeus.com\/midlife\/ca\/?s={search_term_string}\"},\"query-input\":{\"@type\":\"PropertyValueSpecification\",\"valueRequired\":true,\"valueName\":\"search_term_string\"}}],\"inLanguage\":\"ca\"},{\"@type\":\"Organization\",\"@id\":\"https:\/\/www.dexeus.com\/midlife\/ca\/#organization\",\"name\":\"Dexeus Midlife\",\"url\":\"https:\/\/www.dexeus.com\/midlife\/ca\/\",\"logo\":{\"@type\":\"ImageObject\",\"inLanguage\":\"ca\",\"@id\":\"https:\/\/www.dexeus.com\/midlife\/ca\/#\/schema\/logo\/image\/\",\"url\":\"https:\/\/www.dexeus.com\/midlife\/wp-content\/uploads\/2025\/02\/cropped-Dexeus-Midlife-Fabicon.png\",\"contentUrl\":\"https:\/\/www.dexeus.com\/midlife\/wp-content\/uploads\/2025\/02\/cropped-Dexeus-Midlife-Fabicon.png\",\"width\":512,\"height\":512,\"caption\":\"Dexeus Midlife\"},\"image\":{\"@id\":\"https:\/\/www.dexeus.com\/midlife\/ca\/#\/schema\/logo\/image\/\"},\"sameAs\":[\"https:\/\/www.facebook.com\/dexeusmidlife\/\",\"https:\/\/www.instagram.com\/dexeusmidlife\/\"]},{\"@type\":\"Person\",\"@id\":\"https:\/\/www.dexeus.com\/midlife\/ca\/#\/schema\/person\/f13cf830cd7ff18786ac85c95cb12bd6\",\"name\":\"Oriol Gili\",\"image\":{\"@type\":\"ImageObject\",\"inLanguage\":\"ca\",\"@id\":\"https:\/\/www.dexeus.com\/midlife\/ca\/#\/schema\/person\/image\/\",\"url\":\"https:\/\/www.dexeus.com\/midlife\/wp-content\/uploads\/2025\/11\/oriol-gil.jpg\",\"contentUrl\":\"https:\/\/www.dexeus.com\/midlife\/wp-content\/uploads\/2025\/11\/oriol-gil.jpg\",\"caption\":\"Oriol Gili\"},\"description\":\"Farmac\u00e8utic especialitzat en dermofarmacia i salut de la dona amb m\u00e9s de 5 anys d'experi\u00e8ncia en consell farmac\u00e8utic aplicat a cura de la pell.\"}]}<\/script>\n<!-- \/ Yoast SEO plugin. -->","yoast_head_json":{"title":"S\u00edmptomes estranys de la menopausa: qu\u00e8 m'est\u00e0 passant? - Dexeus Midlife","description":"La menopausa \u00e9s un proc\u00e9s biol\u00f2gic natural que comen\u00e7a normalment a partir dels 40 anys. Sol iniciar-se amb canvis en el cicle menstrual durant la perimenopausa, i finalitza quan els ovaris deixen de produir \u00f2vuls i la dona entra definitivament en la menopausa, despr\u00e9s de 12 mesos sense menstruaci\u00f3. Aquest proc\u00e9s provoca un gran canvi en la regulaci\u00f3 hormonal de les dones, que pot desencadenar qualsevol mena de simptomatologia.","robots":{"index":"index","follow":"follow","max-snippet":"max-snippet:-1","max-image-preview":"max-image-preview:large","max-video-preview":"max-video-preview:-1"},"canonical":"https:\/\/www.dexeus.com\/midlife\/ca\/simptomes-estranys-menopausa\/","og_locale":"ca_ES","og_type":"article","og_title":"S\u00edmptomes estranys de la menopausa: qu\u00e8 m'est\u00e0 passant? - Dexeus Midlife","og_description":"La menopausa \u00e9s un proc\u00e9s biol\u00f2gic natural que comen\u00e7a normalment a partir dels 40 anys. Sol iniciar-se amb canvis en el cicle menstrual durant la perimenopausa, i finalitza quan els ovaris deixen de produir \u00f2vuls i la dona entra definitivament en la menopausa, despr\u00e9s de 12 mesos sense menstruaci\u00f3. Aquest proc\u00e9s provoca un gran canvi en la regulaci\u00f3 hormonal de les dones, que pot desencadenar qualsevol mena de simptomatologia.","og_url":"https:\/\/www.dexeus.com\/midlife\/ca\/simptomes-estranys-menopausa\/","og_site_name":"Dexeus Midlife","article_publisher":"https:\/\/www.facebook.com\/dexeusmidlife\/","article_published_time":"2025-03-07T09:21:56+00:00","article_modified_time":"2025-11-14T11:09:41+00:00","og_image":[{"width":1000,"height":641,"url":"https:\/\/www.dexeus.com\/midlife\/wp-content\/uploads\/2025\/03\/sintomas-raros-menopausia.jpg","type":"image\/jpeg"}],"author":"Oriol Gili","twitter_card":"summary_large_image","twitter_misc":{"Written by":"Oriol Gili","Est. reading time":"5 minutes"},"schema":{"@context":"https:\/\/schema.org","@graph":[{"@type":"Article","@id":"https:\/\/www.dexeus.com\/midlife\/ca\/simptomes-estranys-menopausa\/#article","isPartOf":{"@id":"https:\/\/www.dexeus.com\/midlife\/ca\/simptomes-estranys-menopausa\/"},"author":{"name":"Oriol Gili","@id":"https:\/\/www.dexeus.com\/midlife\/ca\/#\/schema\/person\/f13cf830cd7ff18786ac85c95cb12bd6"},"headline":"S\u00edmptomes estranys de la menopausa: qu\u00e8 m&#8217;est\u00e0 passant?","datePublished":"2025-03-07T09:21:56+00:00","dateModified":"2025-11-14T11:09:41+00:00","mainEntityOfPage":{"@id":"https:\/\/www.dexeus.com\/midlife\/ca\/simptomes-estranys-menopausa\/"},"wordCount":1067,"publisher":{"@id":"https:\/\/www.dexeus.com\/midlife\/ca\/#organization"},"image":{"@id":"https:\/\/www.dexeus.com\/midlife\/ca\/simptomes-estranys-menopausa\/#primaryimage"},"thumbnailUrl":"https:\/\/www.dexeus.com\/midlife\/wp-content\/uploads\/2025\/03\/sintomas-raros-menopausia.jpg","articleSection":["menopausa i cos"],"inLanguage":"ca"},{"@type":"WebPage","@id":"https:\/\/www.dexeus.com\/midlife\/ca\/simptomes-estranys-menopausa\/","url":"https:\/\/www.dexeus.com\/midlife\/ca\/simptomes-estranys-menopausa\/","name":"S\u00edmptomes estranys de la menopausa: qu\u00e8 m'est\u00e0 passant? - Dexeus Midlife","isPartOf":{"@id":"https:\/\/www.dexeus.com\/midlife\/ca\/#website"},"primaryImageOfPage":{"@id":"https:\/\/www.dexeus.com\/midlife\/ca\/simptomes-estranys-menopausa\/#primaryimage"},"image":{"@id":"https:\/\/www.dexeus.com\/midlife\/ca\/simptomes-estranys-menopausa\/#primaryimage"},"thumbnailUrl":"https:\/\/www.dexeus.com\/midlife\/wp-content\/uploads\/2025\/03\/sintomas-raros-menopausia.jpg","datePublished":"2025-03-07T09:21:56+00:00","dateModified":"2025-11-14T11:09:41+00:00","description":"La menopausa \u00e9s un proc\u00e9s biol\u00f2gic natural que comen\u00e7a normalment a partir dels 40 anys. Sol iniciar-se amb canvis en el cicle menstrual durant la perimenopausa, i finalitza quan els ovaris deixen de produir \u00f2vuls i la dona entra definitivament en la menopausa, despr\u00e9s de 12 mesos sense menstruaci\u00f3. Aquest proc\u00e9s provoca un gran canvi en la regulaci\u00f3 hormonal de les dones, que pot desencadenar qualsevol mena de simptomatologia.","breadcrumb":{"@id":"https:\/\/www.dexeus.com\/midlife\/ca\/simptomes-estranys-menopausa\/#breadcrumb"},"inLanguage":"ca","potentialAction":[{"@type":"ReadAction","target":["https:\/\/www.dexeus.com\/midlife\/ca\/simptomes-estranys-menopausa\/"]}]},{"@type":"ImageObject","inLanguage":"ca","@id":"https:\/\/www.dexeus.com\/midlife\/ca\/simptomes-estranys-menopausa\/#primaryimage","url":"https:\/\/www.dexeus.com\/midlife\/wp-content\/uploads\/2025\/03\/sintomas-raros-menopausia.jpg","contentUrl":"https:\/\/www.dexeus.com\/midlife\/wp-content\/uploads\/2025\/03\/sintomas-raros-menopausia.jpg","width":1000,"height":641,"caption":"s\u00edntomas raros menopausia"},{"@type":"BreadcrumbList","@id":"https:\/\/www.dexeus.com\/midlife\/ca\/simptomes-estranys-menopausa\/#breadcrumb","itemListElement":[{"@type":"ListItem","position":1,"name":"Home","item":"https:\/\/www.dexeus.com\/midlife\/ca\/dexeus-midlife\/"},{"@type":"ListItem","position":2,"name":"S\u00edmptomes estranys de la menopausa: qu\u00e8 m&#8217;est\u00e0 passant?"}]},{"@type":"WebSite","@id":"https:\/\/www.dexeus.com\/midlife\/ca\/#website","url":"https:\/\/www.dexeus.com\/midlife\/ca\/","name":"Dexeus Midlife","description":"Una nueva forma de vivir la menopausia","publisher":{"@id":"https:\/\/www.dexeus.com\/midlife\/ca\/#organization"},"potentialAction":[{"@type":"SearchAction","target":{"@type":"EntryPoint","urlTemplate":"https:\/\/www.dexeus.com\/midlife\/ca\/?s={search_term_string}"},"query-input":{"@type":"PropertyValueSpecification","valueRequired":true,"valueName":"search_term_string"}}],"inLanguage":"ca"},{"@type":"Organization","@id":"https:\/\/www.dexeus.com\/midlife\/ca\/#organization","name":"Dexeus Midlife","url":"https:\/\/www.dexeus.com\/midlife\/ca\/","logo":{"@type":"ImageObject","inLanguage":"ca","@id":"https:\/\/www.dexeus.com\/midlife\/ca\/#\/schema\/logo\/image\/","url":"https:\/\/www.dexeus.com\/midlife\/wp-content\/uploads\/2025\/02\/cropped-Dexeus-Midlife-Fabicon.png","contentUrl":"https:\/\/www.dexeus.com\/midlife\/wp-content\/uploads\/2025\/02\/cropped-Dexeus-Midlife-Fabicon.png","width":512,"height":512,"caption":"Dexeus Midlife"},"image":{"@id":"https:\/\/www.dexeus.com\/midlife\/ca\/#\/schema\/logo\/image\/"},"sameAs":["https:\/\/www.facebook.com\/dexeusmidlife\/","https:\/\/www.instagram.com\/dexeusmidlife\/"]},{"@type":"Person","@id":"https:\/\/www.dexeus.com\/midlife\/ca\/#\/schema\/person\/f13cf830cd7ff18786ac85c95cb12bd6","name":"Oriol Gili","image":{"@type":"ImageObject","inLanguage":"ca","@id":"https:\/\/www.dexeus.com\/midlife\/ca\/#\/schema\/person\/image\/","url":"https:\/\/www.dexeus.com\/midlife\/wp-content\/uploads\/2025\/11\/oriol-gil.jpg","contentUrl":"https:\/\/www.dexeus.com\/midlife\/wp-content\/uploads\/2025\/11\/oriol-gil.jpg","caption":"Oriol Gili"},"description":"Farmac\u00e8utic especialitzat en dermofarmacia i salut de la dona amb m\u00e9s de 5 anys d'experi\u00e8ncia en consell farmac\u00e8utic aplicat a cura de la pell."}]}},"_links":{"self":[{"href":"https:\/\/www.dexeus.com\/midlife\/ca\/wp-json\/wp\/v2\/posts\/7689","targetHints":{"allow":["GET"]}}],"collection":[{"href":"https:\/\/www.dexeus.com\/midlife\/ca\/wp-json\/wp\/v2\/posts"}],"about":[{"href":"https:\/\/www.dexeus.com\/midlife\/ca\/wp-json\/wp\/v2\/types\/post"}],"author":[{"embeddable":true,"href":"https:\/\/www.dexeus.com\/midlife\/ca\/wp-json\/wp\/v2\/users\/3"}],"replies":[{"embeddable":true,"href":"https:\/\/www.dexeus.com\/midlife\/ca\/wp-json\/wp\/v2\/comments?post=7689"}],"version-history":[{"count":0,"href":"https:\/\/www.dexeus.com\/midlife\/ca\/wp-json\/wp\/v2\/posts\/7689\/revisions"}],"wp:featuredmedia":[{"embeddable":true,"href":"https:\/\/www.dexeus.com\/midlife\/ca\/wp-json\/wp\/v2\/media\/7614"}],"wp:attachment":[{"href":"https:\/\/www.dexeus.com\/midlife\/ca\/wp-json\/wp\/v2\/media?parent=7689"}],"wp:term":[{"taxonomy":"category","embeddable":true,"href":"https:\/\/www.dexeus.com\/midlife\/ca\/wp-json\/wp\/v2\/categories?post=7689"},{"taxonomy":"post_tag","embeddable":true,"href":"https:\/\/www.dexeus.com\/midlife\/ca\/wp-json\/wp\/v2\/tags?post=7689"}],"curies":[{"name":"wp","href":"https:\/\/api.w.org\/{rel}","templated":true}]}}