{"id":11548,"date":"2026-04-28T16:21:48","date_gmt":"2026-04-28T14:21:48","guid":{"rendered":"https:\/\/www.dexeus.com\/midlife\/?p=11548"},"modified":"2026-04-28T16:49:51","modified_gmt":"2026-04-28T14:49:51","slug":"laser-vaginal-preguntas-frecuentes","status":"publish","type":"post","link":"https:\/\/www.dexeus.com\/midlife\/laser-vaginal-preguntas-frecuentes\/","title":{"rendered":"L\u00e1ser vaginal &#8211; Preguntas frecuentes"},"content":{"rendered":"\n<h2 class=\"wp-block-heading\">Qu\u00e9 es el l\u00e1ser vaginal, para qui\u00e9n est\u00e1 indicado y qu\u00e9 puedes esperar del tratamiento<\/h2>\n\n\n\n<p>Hablar de salud \u00edntima femenina ya no deber\u00eda ser un tab\u00fa. Aun as\u00ed, muchas mujeres conviven durante a\u00f1os con molestias como sequedad vaginal, infecciones de orina o vaginales de repetici\u00f3n, p\u00e9rdidas de orina leves o moderadas o cambios en la sensaci\u00f3n durante las relaciones sexuales pensando que \u201ces normal\u201d por la edad, el postparto o la menopausia.<\/p>\n\n\n\n<p>La buena noticia es que existen tratamientos eficaces, seguros y m\u00ednimamente invasivos que pueden mejorar de forma significativa la calidad de vida. Uno de ellos es el l\u00e1ser vaginal, una tecnolog\u00eda regenerativa que cada vez despierta m\u00e1s inter\u00e9s\u2026 y tambi\u00e9n muchas preguntas.<\/p>\n\n\n\n<p>En este art\u00edculo resolvemos las dudas m\u00e1s frecuentes para ayudarte a entender en qu\u00e9 consiste, cu\u00e1ndo est\u00e1 indicado y qu\u00e9 resultados puedes esperar.<\/p>\n\n\n\n<h3 class=\"wp-block-heading\">\u00bfQu\u00e9 es el l\u00e1ser vaginal y c\u00f3mo act\u00faa?<\/h3>\n\n\n\n<p>El <a href=\"https:\/\/www.dexeus.com\/midlife\/tratamiento\/laser-vaginal\/\">l\u00e1ser vaginal<\/a> es un tratamiento ginecol\u00f3gico no quir\u00fargico e indoloro que utiliza energ\u00eda lum\u00ednica y t\u00e9rmica de forma controlada para estimular la regeneraci\u00f3n del tejido vulvovaginal.<\/p>\n\n\n\n<p>A trav\u00e9s de este est\u00edmulo se favorece la producci\u00f3n de col\u00e1geno, mejora la elasticidad del tejido y se optimiza su funci\u00f3n natural. El resultado es una mejor hidrataci\u00f3n, lubricaci\u00f3n y calidad del tejido, con beneficios progresivos que se notan con el paso de las semanas.<\/p>\n\n\n\n<h3 class=\"wp-block-heading\">\u00bfPara qui\u00e9n est\u00e1 indicado este tratamiento?<\/h3>\n\n\n\n<p>El l\u00e1ser vaginal est\u00e1 indicado en mujeres de cualquier etapa de la vida, siempre que exista una patolog\u00eda o s\u00edntoma que pueda beneficiarse del tratamiento.<\/p>\n\n\n\n<p>Entre las indicaciones m\u00e1s frecuentes encontramos:<\/p>\n\n\n\n<ul class=\"wp-block-list\">\n<li>Sequedad vaginal<\/li>\n\n\n\n<li>Infecciones urinarias o vulvovaginales de repetici\u00f3n<\/li>\n\n\n\n<li>Incontinencia urinaria leve o moderada<\/li>\n\n\n\n<li>Sensaci\u00f3n de laxitud vaginal tras partos vaginales<\/li>\n\n\n\n<li>Prolapso genital en fases iniciales<\/li>\n\n\n\n<li>Cicatrices genitales<\/li>\n\n\n\n<li>Liquen escleroso<\/li>\n\n\n\n<li>S\u00edndrome de hiperlaxitud vaginal<\/li>\n\n\n\n<li>Disminuci\u00f3n de la sensibilidad \u00edntima<\/li>\n<\/ul>\n\n\n\n<div style=\"height:10px\" aria-hidden=\"true\" class=\"wp-block-spacer\"><\/div>\n\n\n\n<p>Cada caso debe valorarse de manera individual por un equipo ginecol\u00f3gico especializado, ya que no todas las situaciones requieren el mismo enfoque.<\/p>\n\n\n\n<h3 class=\"wp-block-heading\">L\u00e1ser vaginal y sequedad \u00edntima: una de sus principales indicaciones<\/h3>\n\n\n\n<p>La sequedad vaginal es uno de los motivos de consulta m\u00e1s habituales, especialmente durante la menopausia, en el postparto o en mujeres que reciben determinados tratamientos hormonales u oncol\u00f3gicos.<\/p>\n\n\n\n<p>El l\u00e1ser act\u00faa directamente sobre el tejido vaginal, mejorando la hidrataci\u00f3n, la lubricaci\u00f3n natural y la estructura de la mucosa. Muchas mujeres refieren una clara mejor\u00eda del confort diario y durante las relaciones sexuales tras completar el tratamiento.<\/p>\n\n\n\n<h3 class=\"wp-block-heading\">\u00bfPuede ayudar con la incontinencia urinaria leve?<\/h3>\n\n\n\n<p>S\u00ed. Con el paso de los a\u00f1os o despu\u00e9s de un parto es frecuente \u2014aunque no normal\u2014 experimentar p\u00e9rdidas de orina al estornudar, toser, re\u00edr o hacer ejercicio.<\/p>\n\n\n\n<p>El l\u00e1ser vaginal puede ser eficaz en casos de incontinencia urinaria leve a moderada, actuando como tratamiento conservador al mejorar la calidad de los tejidos de soporte. En estos casos suele combinarse con otras estrategias terap\u00e9uticas seg\u00fan las necesidades de cada mujer.<\/p>\n\n\n\n<h3 class=\"wp-block-heading\">\u00bfPuede ayudar tras partos vaginales?<\/h3>\n\n\n\n<p>Tras uno o varios partos vaginales es habitual notar cambios como:<\/p>\n\n\n\n<ul class=\"wp-block-list\">\n<li>Menor tono vaginal<\/li>\n\n\n\n<li>Escapes de orina<\/li>\n\n\n\n<li>Sensaci\u00f3n de menor fricci\u00f3n durante las relaciones<\/li>\n\n\n\n<li>Gases vaginales<\/li>\n\n\n\n<li>Entrada de agua en la vagina al ba\u00f1arse<\/li>\n<\/ul>\n\n\n\n<div style=\"height:10px\" aria-hidden=\"true\" class=\"wp-block-spacer\"><\/div>\n\n\n\n<p>El l\u00e1ser estimula el col\u00e1geno vaginal, ayudando a mejorar la tensi\u00f3n y funcionalidad de la vagina, con un impacto positivo tanto f\u00edsico como emocional.<\/p>\n\n\n\n<h3 class=\"wp-block-heading\">\u00bfDuele el tratamiento? \u00bfC\u00f3mo es una sesi\u00f3n?<\/h3>\n\n\n\n<p>Una de las dudas m\u00e1s frecuentes es si el tratamiento resulta molesto. La respuesta es clara: no duele.<\/p>\n\n\n\n<p>En consulta se suele aplicar una crema anest\u00e9sica vulvovaginal para minimizar la sensaci\u00f3n de calor. Cada sesi\u00f3n dura entre 15 y 20 minutos y no requiere ingreso ni preparaci\u00f3n especial.<\/p>\n\n\n\n<h3 class=\"wp-block-heading\">\u00bfCu\u00e1ntas sesiones son necesarias?<\/h3>\n\n\n\n<p>El n\u00famero de sesiones depende del s\u00edntoma y de la respuesta individual de cada mujer, pero lo habitual es realizar entre 3 y 4 sesiones.<\/p>\n\n\n\n<p>Los resultados no son inmediatos, ya que el l\u00e1ser es una tecnolog\u00eda regenerativa. Los efectos aparecen de forma progresiva, a medida que el tejido se va reorganizando y recuperando su funci\u00f3n. Por eso, es importante esperar a la visita postratamiento para valorar adecuadamente los resultados finales.<\/p>\n\n\n\n<h3 class=\"wp-block-heading\">\u00bfCu\u00e1nto duran los resultados?<\/h3>\n\n\n\n<p>La duraci\u00f3n del efecto var\u00eda seg\u00fan factores como:<\/p>\n\n\n\n<ul class=\"wp-block-list\">\n<li>Edad<\/li>\n\n\n\n<li>Calidad previa del tejido<\/li>\n\n\n\n<li>Estado hormonal<\/li>\n\n\n\n<li>Consumo de tabaco<\/li>\n\n\n\n<li>Tratamientos hormonales u oncol\u00f3gicos asociados<\/li>\n<\/ul>\n\n\n\n<div style=\"height:10px\" aria-hidden=\"true\" class=\"wp-block-spacer\"><\/div>\n\n\n\n<p>De forma general, los resultados suelen mantenerse alrededor de 12 meses, pudiendo valorarse sesiones de mantenimiento seg\u00fan cada caso.<\/p>\n\n\n\n<h3 class=\"wp-block-heading\">Recuperaci\u00f3n y cuidados tras el tratamiento<\/h3>\n\n\n\n<p>Una de las ventajas del l\u00e1ser vaginal es que permite retomar la rutina habitual el mismo d\u00eda.<\/p>\n\n\n\n<p>Como \u00fanicas recomendaciones:<\/p>\n\n\n\n<ul class=\"wp-block-list\">\n<li>Evitar relaciones sexuales durante 48 horas<\/li>\n\n\n\n<li>Evitar piscina y ba\u00f1era durante 48 horas<\/li>\n\n\n\n<li>Seguir las pautas indicadas por el especialista<\/li>\n\n\n\n<li>Utilizar hidrataci\u00f3n \u00edntima los d\u00edas posteriores<\/li>\n<\/ul>\n\n\n\n<div style=\"height:10px\" aria-hidden=\"true\" class=\"wp-block-spacer\"><\/div>\n\n\n\n<p>Tras ese periodo, la vida \u00edntima puede retomarse con normalidad.<\/p>\n\n\n\n<h3 class=\"wp-block-heading\">\u00bfSe puede combinar con otros tratamientos?<\/h3>\n\n\n\n<p>S\u00ed. El l\u00e1ser vaginal se combina con frecuencia con otras terapias regenerativas, como:<\/p>\n\n\n\n<ul class=\"wp-block-list\">\n<li>Plasma rico en plaquetas<\/li>\n\n\n\n<li>\u00c1cido hialur\u00f3nico<\/li>\n\n\n\n<li>Otros tratamientos ginecol\u00f3gicos personalizados<\/li>\n<\/ul>\n\n\n\n<div style=\"height:10px\" aria-hidden=\"true\" class=\"wp-block-spacer\"><\/div>\n\n\n\n<p>La combinaci\u00f3n se decide siempre tras una valoraci\u00f3n m\u00e9dica completa.<\/p>\n\n\n\n<h3 class=\"wp-block-heading\">\u00bfExisten contraindicaciones?<\/h3>\n\n\n\n<p>El tratamiento no est\u00e1 recomendado en casos de:<\/p>\n\n\n\n<ul class=\"wp-block-list\">\n<li>Patolog\u00eda oncol\u00f3gica activa vulvovaginal<\/li>\n\n\n\n<li>Infecci\u00f3n vaginal o urinaria activa<\/li>\n\n\n\n<li>Embarazo<\/li>\n\n\n\n<li>Toma de medicaci\u00f3n fotosensible<\/li>\n<\/ul>\n\n\n\n<div style=\"height:10px\" aria-hidden=\"true\" class=\"wp-block-spacer\"><\/div>\n\n\n\n<p>Tampoco se realiza durante la menstruaci\u00f3n; en ese caso, se pospone la sesi\u00f3n.<\/p>\n\n\n\n<h3 class=\"wp-block-heading\">\u00bfC\u00f3mo saber si soy candidata al l\u00e1ser vaginal?<\/h3>\n\n\n\n<p>La \u00fanica forma de saberlo es mediante una valoraci\u00f3n m\u00e9dica especializada. Cada mujer es \u00fanica, y el tratamiento debe adaptarse a sus s\u00edntomas, expectativas y situaci\u00f3n vital.<\/p>\n\n\n\n<p>Si sientes que algo ha cambiado en tu salud \u00edntima, no lo normalices. Existen opciones para mejorar tu bienestar y volver a sentirte c\u00f3moda en tu propio cuerpo.<\/p>\n\n\n\n<p><\/p>\n","protected":false},"excerpt":{"rendered":"<p>Hablar de salud \u00edntima femenina ya no deber\u00eda ser un tab\u00fa. Aun as\u00ed, muchas mujeres conviven durante a\u00f1os con molestias como sequedad vaginal, infecciones de orina o vaginales de repetici\u00f3n, p\u00e9rdidas de orina leves o moderadas o cambios en la sensaci\u00f3n durante las relaciones sexuales pensando que \u201ces normal\u201d por la edad, el postparto o la menopausia.<\/p>\n","protected":false},"author":2,"featured_media":11549,"comment_status":"closed","ping_status":"open","sticky":false,"template":"","format":"standard","meta":{"footnotes":""},"categories":[30],"tags":[],"class_list":["post-11548","post","type-post","status-publish","format-standard","has-post-thumbnail","hentry","category-menopausia-zona-intima"],"yoast_head":"<!-- This site is optimized with the Yoast SEO plugin v26.7 - https:\/\/yoast.com\/wordpress\/plugins\/seo\/ -->\n<title>L\u00e1ser vaginal - Preguntas frecuentes - Dexeus Midlife<\/title>\n<meta name=\"description\" content=\"Hablar de salud \u00edntima femenina ya no deber\u00eda ser un tab\u00fa. Aun as\u00ed, muchas mujeres conviven durante a\u00f1os con molestias como sequedad vaginal, infecciones de orina o vaginales de repetici\u00f3n, p\u00e9rdidas de orina leves o moderadas o cambios en la sensaci\u00f3n durante las relaciones sexuales pensando que \u201ces normal\u201d por la edad, el postparto o la menopausia.\" \/>\n<meta name=\"robots\" content=\"index, follow, max-snippet:-1, max-image-preview:large, max-video-preview:-1\" \/>\n<link rel=\"canonical\" href=\"https:\/\/www.dexeus.com\/midlife\/laser-vaginal-preguntas-frecuentes\/\" \/>\n<meta property=\"og:locale\" content=\"es_ES\" \/>\n<meta property=\"og:type\" content=\"article\" \/>\n<meta property=\"og:title\" content=\"L\u00e1ser vaginal - Preguntas frecuentes - Dexeus Midlife\" \/>\n<meta property=\"og:description\" content=\"Hablar de salud \u00edntima femenina ya no deber\u00eda ser un tab\u00fa. Aun as\u00ed, muchas mujeres conviven durante a\u00f1os con molestias como sequedad vaginal, infecciones de orina o vaginales de repetici\u00f3n, p\u00e9rdidas de orina leves o moderadas o cambios en la sensaci\u00f3n durante las relaciones sexuales pensando que \u201ces normal\u201d por la edad, el postparto o la menopausia.\" \/>\n<meta property=\"og:url\" content=\"https:\/\/www.dexeus.com\/midlife\/laser-vaginal-preguntas-frecuentes\/\" \/>\n<meta property=\"og:site_name\" content=\"Dexeus Midlife\" \/>\n<meta property=\"article:publisher\" content=\"https:\/\/www.facebook.com\/dexeusmidlife\/\" \/>\n<meta property=\"article:published_time\" content=\"2026-04-28T14:21:48+00:00\" \/>\n<meta property=\"article:modified_time\" content=\"2026-04-28T14:49:51+00:00\" \/>\n<meta property=\"og:image\" content=\"https:\/\/www.dexeus.com\/midlife\/wp-content\/uploads\/2026\/04\/laser-vaginal-preguntas-frecuentes.jpg\" \/>\n\t<meta property=\"og:image:width\" content=\"1000\" \/>\n\t<meta property=\"og:image:height\" content=\"640\" \/>\n\t<meta property=\"og:image:type\" content=\"image\/jpeg\" \/>\n<meta name=\"author\" content=\"Dexeus\" \/>\n<meta name=\"twitter:card\" content=\"summary_large_image\" \/>\n<meta name=\"twitter:label1\" content=\"Written by\" \/>\n\t<meta name=\"twitter:data1\" content=\"Dexeus\" \/>\n\t<meta name=\"twitter:label2\" content=\"Est. reading time\" \/>\n\t<meta name=\"twitter:data2\" content=\"5 minuto\" \/>\n<script type=\"application\/ld+json\" class=\"yoast-schema-graph\">{\"@context\":\"https:\/\/schema.org\",\"@graph\":[{\"@type\":\"Article\",\"@id\":\"https:\/\/www.dexeus.com\/midlife\/laser-vaginal-preguntas-frecuentes\/#article\",\"isPartOf\":{\"@id\":\"https:\/\/www.dexeus.com\/midlife\/laser-vaginal-preguntas-frecuentes\/\"},\"author\":{\"name\":\"Dexeus\",\"@id\":\"https:\/\/www.dexeus.com\/midlife\/#\/schema\/person\/5e3548653ba74e596b2927dcb6e14960\"},\"headline\":\"L\u00e1ser vaginal &#8211; Preguntas frecuentes\",\"datePublished\":\"2026-04-28T14:21:48+00:00\",\"dateModified\":\"2026-04-28T14:49:51+00:00\",\"mainEntityOfPage\":{\"@id\":\"https:\/\/www.dexeus.com\/midlife\/laser-vaginal-preguntas-frecuentes\/\"},\"wordCount\":1016,\"publisher\":{\"@id\":\"https:\/\/www.dexeus.com\/midlife\/#organization\"},\"image\":{\"@id\":\"https:\/\/www.dexeus.com\/midlife\/laser-vaginal-preguntas-frecuentes\/#primaryimage\"},\"thumbnailUrl\":\"https:\/\/www.dexeus.com\/midlife\/wp-content\/uploads\/2026\/04\/laser-vaginal-preguntas-frecuentes.jpg\",\"articleSection\":[\"menopausia y zona \u00edntima\"],\"inLanguage\":\"es\"},{\"@type\":\"WebPage\",\"@id\":\"https:\/\/www.dexeus.com\/midlife\/laser-vaginal-preguntas-frecuentes\/\",\"url\":\"https:\/\/www.dexeus.com\/midlife\/laser-vaginal-preguntas-frecuentes\/\",\"name\":\"L\u00e1ser vaginal - Preguntas frecuentes - Dexeus Midlife\",\"isPartOf\":{\"@id\":\"https:\/\/www.dexeus.com\/midlife\/#website\"},\"primaryImageOfPage\":{\"@id\":\"https:\/\/www.dexeus.com\/midlife\/laser-vaginal-preguntas-frecuentes\/#primaryimage\"},\"image\":{\"@id\":\"https:\/\/www.dexeus.com\/midlife\/laser-vaginal-preguntas-frecuentes\/#primaryimage\"},\"thumbnailUrl\":\"https:\/\/www.dexeus.com\/midlife\/wp-content\/uploads\/2026\/04\/laser-vaginal-preguntas-frecuentes.jpg\",\"datePublished\":\"2026-04-28T14:21:48+00:00\",\"dateModified\":\"2026-04-28T14:49:51+00:00\",\"description\":\"Hablar de salud \u00edntima femenina ya no deber\u00eda ser un tab\u00fa. Aun as\u00ed, muchas mujeres conviven durante a\u00f1os con molestias como sequedad vaginal, infecciones de orina o vaginales de repetici\u00f3n, p\u00e9rdidas de orina leves o moderadas o cambios en la sensaci\u00f3n durante las relaciones sexuales pensando que \u201ces normal\u201d por la edad, el postparto o la menopausia.\",\"breadcrumb\":{\"@id\":\"https:\/\/www.dexeus.com\/midlife\/laser-vaginal-preguntas-frecuentes\/#breadcrumb\"},\"inLanguage\":\"es\",\"potentialAction\":[{\"@type\":\"ReadAction\",\"target\":[\"https:\/\/www.dexeus.com\/midlife\/laser-vaginal-preguntas-frecuentes\/\"]}]},{\"@type\":\"ImageObject\",\"inLanguage\":\"es\",\"@id\":\"https:\/\/www.dexeus.com\/midlife\/laser-vaginal-preguntas-frecuentes\/#primaryimage\",\"url\":\"https:\/\/www.dexeus.com\/midlife\/wp-content\/uploads\/2026\/04\/laser-vaginal-preguntas-frecuentes.jpg\",\"contentUrl\":\"https:\/\/www.dexeus.com\/midlife\/wp-content\/uploads\/2026\/04\/laser-vaginal-preguntas-frecuentes.jpg\",\"width\":1000,\"height\":640,\"caption\":\"L\u00e1ser vaginal - Preguntas frecuentes\"},{\"@type\":\"BreadcrumbList\",\"@id\":\"https:\/\/www.dexeus.com\/midlife\/laser-vaginal-preguntas-frecuentes\/#breadcrumb\",\"itemListElement\":[{\"@type\":\"ListItem\",\"position\":1,\"name\":\"Home\",\"item\":\"https:\/\/www.dexeus.com\/midlife\/\"},{\"@type\":\"ListItem\",\"position\":2,\"name\":\"L\u00e1ser vaginal &#8211; Preguntas frecuentes\"}]},{\"@type\":\"WebSite\",\"@id\":\"https:\/\/www.dexeus.com\/midlife\/#website\",\"url\":\"https:\/\/www.dexeus.com\/midlife\/\",\"name\":\"Dexeus Midlife\",\"description\":\"Una nueva forma de vivir la menopausia\",\"publisher\":{\"@id\":\"https:\/\/www.dexeus.com\/midlife\/#organization\"},\"potentialAction\":[{\"@type\":\"SearchAction\",\"target\":{\"@type\":\"EntryPoint\",\"urlTemplate\":\"https:\/\/www.dexeus.com\/midlife\/?s={search_term_string}\"},\"query-input\":{\"@type\":\"PropertyValueSpecification\",\"valueRequired\":true,\"valueName\":\"search_term_string\"}}],\"inLanguage\":\"es\"},{\"@type\":\"Organization\",\"@id\":\"https:\/\/www.dexeus.com\/midlife\/#organization\",\"name\":\"Dexeus Midlife\",\"url\":\"https:\/\/www.dexeus.com\/midlife\/\",\"logo\":{\"@type\":\"ImageObject\",\"inLanguage\":\"es\",\"@id\":\"https:\/\/www.dexeus.com\/midlife\/#\/schema\/logo\/image\/\",\"url\":\"https:\/\/www.dexeus.com\/midlife\/wp-content\/uploads\/2025\/02\/cropped-Dexeus-Midlife-Fabicon.png\",\"contentUrl\":\"https:\/\/www.dexeus.com\/midlife\/wp-content\/uploads\/2025\/02\/cropped-Dexeus-Midlife-Fabicon.png\",\"width\":512,\"height\":512,\"caption\":\"Dexeus Midlife\"},\"image\":{\"@id\":\"https:\/\/www.dexeus.com\/midlife\/#\/schema\/logo\/image\/\"},\"sameAs\":[\"https:\/\/www.facebook.com\/dexeusmidlife\/\",\"https:\/\/www.instagram.com\/dexeusmidlife\/\"]},{\"@type\":\"Person\",\"@id\":\"https:\/\/www.dexeus.com\/midlife\/#\/schema\/person\/5e3548653ba74e596b2927dcb6e14960\",\"name\":\"Dexeus\",\"image\":{\"@type\":\"ImageObject\",\"inLanguage\":\"es\",\"@id\":\"https:\/\/www.dexeus.com\/midlife\/#\/schema\/person\/image\/\",\"url\":\"https:\/\/secure.gravatar.com\/avatar\/e4d8cae1206c08347b928733198cc20ce43c3ff9bb40599b2ba1687ea88f6b7a?s=96&d=mm&r=g\",\"contentUrl\":\"https:\/\/secure.gravatar.com\/avatar\/e4d8cae1206c08347b928733198cc20ce43c3ff9bb40599b2ba1687ea88f6b7a?s=96&d=mm&r=g\",\"caption\":\"Dexeus\"}}]}<\/script>\n<!-- \/ Yoast SEO plugin. -->","yoast_head_json":{"title":"L\u00e1ser vaginal - Preguntas frecuentes - Dexeus Midlife","description":"Hablar de salud \u00edntima femenina ya no deber\u00eda ser un tab\u00fa. Aun as\u00ed, muchas mujeres conviven durante a\u00f1os con molestias como sequedad vaginal, infecciones de orina o vaginales de repetici\u00f3n, p\u00e9rdidas de orina leves o moderadas o cambios en la sensaci\u00f3n durante las relaciones sexuales pensando que \u201ces normal\u201d por la edad, el postparto o la menopausia.","robots":{"index":"index","follow":"follow","max-snippet":"max-snippet:-1","max-image-preview":"max-image-preview:large","max-video-preview":"max-video-preview:-1"},"canonical":"https:\/\/www.dexeus.com\/midlife\/laser-vaginal-preguntas-frecuentes\/","og_locale":"es_ES","og_type":"article","og_title":"L\u00e1ser vaginal - Preguntas frecuentes - Dexeus Midlife","og_description":"Hablar de salud \u00edntima femenina ya no deber\u00eda ser un tab\u00fa. Aun as\u00ed, muchas mujeres conviven durante a\u00f1os con molestias como sequedad vaginal, infecciones de orina o vaginales de repetici\u00f3n, p\u00e9rdidas de orina leves o moderadas o cambios en la sensaci\u00f3n durante las relaciones sexuales pensando que \u201ces normal\u201d por la edad, el postparto o la menopausia.","og_url":"https:\/\/www.dexeus.com\/midlife\/laser-vaginal-preguntas-frecuentes\/","og_site_name":"Dexeus Midlife","article_publisher":"https:\/\/www.facebook.com\/dexeusmidlife\/","article_published_time":"2026-04-28T14:21:48+00:00","article_modified_time":"2026-04-28T14:49:51+00:00","og_image":[{"width":1000,"height":640,"url":"https:\/\/www.dexeus.com\/midlife\/wp-content\/uploads\/2026\/04\/laser-vaginal-preguntas-frecuentes.jpg","type":"image\/jpeg"}],"author":"Dexeus","twitter_card":"summary_large_image","twitter_misc":{"Written by":"Dexeus","Est. reading time":"5 minuto"},"schema":{"@context":"https:\/\/schema.org","@graph":[{"@type":"Article","@id":"https:\/\/www.dexeus.com\/midlife\/laser-vaginal-preguntas-frecuentes\/#article","isPartOf":{"@id":"https:\/\/www.dexeus.com\/midlife\/laser-vaginal-preguntas-frecuentes\/"},"author":{"name":"Dexeus","@id":"https:\/\/www.dexeus.com\/midlife\/#\/schema\/person\/5e3548653ba74e596b2927dcb6e14960"},"headline":"L\u00e1ser vaginal &#8211; Preguntas frecuentes","datePublished":"2026-04-28T14:21:48+00:00","dateModified":"2026-04-28T14:49:51+00:00","mainEntityOfPage":{"@id":"https:\/\/www.dexeus.com\/midlife\/laser-vaginal-preguntas-frecuentes\/"},"wordCount":1016,"publisher":{"@id":"https:\/\/www.dexeus.com\/midlife\/#organization"},"image":{"@id":"https:\/\/www.dexeus.com\/midlife\/laser-vaginal-preguntas-frecuentes\/#primaryimage"},"thumbnailUrl":"https:\/\/www.dexeus.com\/midlife\/wp-content\/uploads\/2026\/04\/laser-vaginal-preguntas-frecuentes.jpg","articleSection":["menopausia y zona \u00edntima"],"inLanguage":"es"},{"@type":"WebPage","@id":"https:\/\/www.dexeus.com\/midlife\/laser-vaginal-preguntas-frecuentes\/","url":"https:\/\/www.dexeus.com\/midlife\/laser-vaginal-preguntas-frecuentes\/","name":"L\u00e1ser vaginal - Preguntas frecuentes - Dexeus Midlife","isPartOf":{"@id":"https:\/\/www.dexeus.com\/midlife\/#website"},"primaryImageOfPage":{"@id":"https:\/\/www.dexeus.com\/midlife\/laser-vaginal-preguntas-frecuentes\/#primaryimage"},"image":{"@id":"https:\/\/www.dexeus.com\/midlife\/laser-vaginal-preguntas-frecuentes\/#primaryimage"},"thumbnailUrl":"https:\/\/www.dexeus.com\/midlife\/wp-content\/uploads\/2026\/04\/laser-vaginal-preguntas-frecuentes.jpg","datePublished":"2026-04-28T14:21:48+00:00","dateModified":"2026-04-28T14:49:51+00:00","description":"Hablar de salud \u00edntima femenina ya no deber\u00eda ser un tab\u00fa. Aun as\u00ed, muchas mujeres conviven durante a\u00f1os con molestias como sequedad vaginal, infecciones de orina o vaginales de repetici\u00f3n, p\u00e9rdidas de orina leves o moderadas o cambios en la sensaci\u00f3n durante las relaciones sexuales pensando que \u201ces normal\u201d por la edad, el postparto o la menopausia.","breadcrumb":{"@id":"https:\/\/www.dexeus.com\/midlife\/laser-vaginal-preguntas-frecuentes\/#breadcrumb"},"inLanguage":"es","potentialAction":[{"@type":"ReadAction","target":["https:\/\/www.dexeus.com\/midlife\/laser-vaginal-preguntas-frecuentes\/"]}]},{"@type":"ImageObject","inLanguage":"es","@id":"https:\/\/www.dexeus.com\/midlife\/laser-vaginal-preguntas-frecuentes\/#primaryimage","url":"https:\/\/www.dexeus.com\/midlife\/wp-content\/uploads\/2026\/04\/laser-vaginal-preguntas-frecuentes.jpg","contentUrl":"https:\/\/www.dexeus.com\/midlife\/wp-content\/uploads\/2026\/04\/laser-vaginal-preguntas-frecuentes.jpg","width":1000,"height":640,"caption":"L\u00e1ser vaginal - Preguntas frecuentes"},{"@type":"BreadcrumbList","@id":"https:\/\/www.dexeus.com\/midlife\/laser-vaginal-preguntas-frecuentes\/#breadcrumb","itemListElement":[{"@type":"ListItem","position":1,"name":"Home","item":"https:\/\/www.dexeus.com\/midlife\/"},{"@type":"ListItem","position":2,"name":"L\u00e1ser vaginal &#8211; Preguntas frecuentes"}]},{"@type":"WebSite","@id":"https:\/\/www.dexeus.com\/midlife\/#website","url":"https:\/\/www.dexeus.com\/midlife\/","name":"Dexeus Midlife","description":"Una nueva forma de vivir la menopausia","publisher":{"@id":"https:\/\/www.dexeus.com\/midlife\/#organization"},"potentialAction":[{"@type":"SearchAction","target":{"@type":"EntryPoint","urlTemplate":"https:\/\/www.dexeus.com\/midlife\/?s={search_term_string}"},"query-input":{"@type":"PropertyValueSpecification","valueRequired":true,"valueName":"search_term_string"}}],"inLanguage":"es"},{"@type":"Organization","@id":"https:\/\/www.dexeus.com\/midlife\/#organization","name":"Dexeus Midlife","url":"https:\/\/www.dexeus.com\/midlife\/","logo":{"@type":"ImageObject","inLanguage":"es","@id":"https:\/\/www.dexeus.com\/midlife\/#\/schema\/logo\/image\/","url":"https:\/\/www.dexeus.com\/midlife\/wp-content\/uploads\/2025\/02\/cropped-Dexeus-Midlife-Fabicon.png","contentUrl":"https:\/\/www.dexeus.com\/midlife\/wp-content\/uploads\/2025\/02\/cropped-Dexeus-Midlife-Fabicon.png","width":512,"height":512,"caption":"Dexeus Midlife"},"image":{"@id":"https:\/\/www.dexeus.com\/midlife\/#\/schema\/logo\/image\/"},"sameAs":["https:\/\/www.facebook.com\/dexeusmidlife\/","https:\/\/www.instagram.com\/dexeusmidlife\/"]},{"@type":"Person","@id":"https:\/\/www.dexeus.com\/midlife\/#\/schema\/person\/5e3548653ba74e596b2927dcb6e14960","name":"Dexeus","image":{"@type":"ImageObject","inLanguage":"es","@id":"https:\/\/www.dexeus.com\/midlife\/#\/schema\/person\/image\/","url":"https:\/\/secure.gravatar.com\/avatar\/e4d8cae1206c08347b928733198cc20ce43c3ff9bb40599b2ba1687ea88f6b7a?s=96&d=mm&r=g","contentUrl":"https:\/\/secure.gravatar.com\/avatar\/e4d8cae1206c08347b928733198cc20ce43c3ff9bb40599b2ba1687ea88f6b7a?s=96&d=mm&r=g","caption":"Dexeus"}}]}},"_links":{"self":[{"href":"https:\/\/www.dexeus.com\/midlife\/wp-json\/wp\/v2\/posts\/11548","targetHints":{"allow":["GET"]}}],"collection":[{"href":"https:\/\/www.dexeus.com\/midlife\/wp-json\/wp\/v2\/posts"}],"about":[{"href":"https:\/\/www.dexeus.com\/midlife\/wp-json\/wp\/v2\/types\/post"}],"author":[{"embeddable":true,"href":"https:\/\/www.dexeus.com\/midlife\/wp-json\/wp\/v2\/users\/2"}],"replies":[{"embeddable":true,"href":"https:\/\/www.dexeus.com\/midlife\/wp-json\/wp\/v2\/comments?post=11548"}],"version-history":[{"count":7,"href":"https:\/\/www.dexeus.com\/midlife\/wp-json\/wp\/v2\/posts\/11548\/revisions"}],"predecessor-version":[{"id":11561,"href":"https:\/\/www.dexeus.com\/midlife\/wp-json\/wp\/v2\/posts\/11548\/revisions\/11561"}],"wp:featuredmedia":[{"embeddable":true,"href":"https:\/\/www.dexeus.com\/midlife\/wp-json\/wp\/v2\/media\/11549"}],"wp:attachment":[{"href":"https:\/\/www.dexeus.com\/midlife\/wp-json\/wp\/v2\/media?parent=11548"}],"wp:term":[{"taxonomy":"category","embeddable":true,"href":"https:\/\/www.dexeus.com\/midlife\/wp-json\/wp\/v2\/categories?post=11548"},{"taxonomy":"post_tag","embeddable":true,"href":"https:\/\/www.dexeus.com\/midlife\/wp-json\/wp\/v2\/tags?post=11548"}],"curies":[{"name":"wp","href":"https:\/\/api.w.org\/{rel}","templated":true}]}}